{"id":16550,"date":"2023-08-04T08:28:38","date_gmt":"2023-08-04T11:28:38","guid":{"rendered":"http:\/\/www.sinprofaz.org.br\/?p=16550"},"modified":"2023-08-07T11:55:03","modified_gmt":"2023-08-07T14:55:03","slug":"sinprofaz-participa-de-assembleia-geral-do-instituto-servir-brasil","status":"publish","type":"post","link":"https:\/\/sinprofaz.org.br\/2024\/noticias\/sinprofaz-participa-de-assembleia-geral-do-instituto-servir-brasil\/","title":{"rendered":"SINPROFAZ PARTICIPA DE ASSEMBLEIA GERAL DO INSTITUTO SERVIR BRASIL"},"content":{"rendered":"<p>O SINPROFAZ, representado pela presidente Iolanda Guindani, compareceu na ter\u00e7a-feira (1\u00ba) \u00e0 assembleia geral extraordin\u00e1ria do Conselho Curador do Instituto Servir Brasil. Realizada em Bras\u00edlia\/DF, a reuni\u00e3o teve in\u00edcio com a apresenta\u00e7\u00e3o de um panorama a respeito da atua\u00e7\u00e3o da Frente Parlamentar Servir Brasil desde a sua cria\u00e7\u00e3o at\u00e9 o in\u00edcio do recesso legislativo. A pauta central da assembleia foi a delibera\u00e7\u00e3o a respeito do plano de trabalho da Frente Parlamentar para o segundo semestre do ano.<\/p>\n<p>Conforme os debates realizados ao longo da reuni\u00e3o, temas como a avalia\u00e7\u00e3o de desempenho dos servidores p\u00fablicos federais, a contribui\u00e7\u00e3o previdenci\u00e1ria sobre os proventos dos inativos, a forma de c\u00e1lculo do benef\u00edcio especial, a reforma tribut\u00e1ria, o fortalecimento e financiamento das entidades de classe, a cria\u00e7\u00e3o das mesas setoriais de negocia\u00e7\u00e3o, a lei geral dos concursos e a reforma administrativa s\u00e3o temas para os quais a Frente Parlamentar dever\u00e1 voltar as aten\u00e7\u00f5es ao longo dos pr\u00f3ximos meses.<\/p>\n<p>Ao fazer uso da palavra, a presidente do SINPROFAZ abordou o risco representado pela reforma administrativa. De acordo com Iolanda Guindani, &#8220;o Congresso Nacional quer realizar uma reforma. Devemos aproveitar este momento para entrar na discuss\u00e3o e apresentar uma vis\u00e3o nossa, pr\u00e1tica, sobre o assunto. Isso para que, num futuro pr\u00f3ximo, n\u00e3o sejamos pegos de surpresa com uma proposta de emenda \u00e0 Constitui\u00e7\u00e3o que seja absolutamente contr\u00e1ria aos interesses dos servidores e da sociedade&#8221;.<\/p>\n\n\t\t<style type=\"text\/css\">\n\t\t\t#gallery-1 {\n\t\t\t\tmargin: auto;\n\t\t\t}\n\t\t\t#gallery-1 .gallery-item {\n\t\t\t\tfloat: left;\n\t\t\t\tmargin-top: 10px;\n\t\t\t\ttext-align: center;\n\t\t\t\twidth: 33%;\n\t\t\t}\n\t\t\t#gallery-1 img {\n\t\t\t\tborder: 2px solid #cfcfcf;\n\t\t\t}\n\t\t\t#gallery-1 .gallery-caption {\n\t\t\t\tmargin-left: 0;\n\t\t\t}\n\t\t\t\/* see gallery_shortcode() in wp-includes\/media.php *\/\n\t\t<\/style>\n\t\t<div id='gallery-1' class='gallery galleryid-16550 gallery-columns-3 gallery-size-thumbnail'><dl class='gallery-item'>\n\t\t\t<dt class='gallery-icon landscape'>\n\t\t\t\t<a href='https:\/\/sinprofaz.org.br\/2024\/wp-content\/uploads\/2023\/08\/ASSEMBLEIA-GERAL-2.jpg'><img loading=\"lazy\" decoding=\"async\" width=\"150\" height=\"150\" src=\"https:\/\/sinprofaz.org.br\/2024\/wp-content\/uploads\/2023\/08\/ASSEMBLEIA-GERAL-2-150x150.jpg\" class=\"attachment-thumbnail size-thumbnail\" alt=\"\" \/><\/a>\n\t\t\t<\/dt><\/dl><dl class='gallery-item'>\n\t\t\t<dt class='gallery-icon landscape'>\n\t\t\t\t<a href='https:\/\/sinprofaz.org.br\/2024\/wp-content\/uploads\/2023\/08\/ASSEMBLEIA-GERAL-3.jpg'><img loading=\"lazy\" decoding=\"async\" width=\"150\" height=\"150\" src=\"https:\/\/sinprofaz.org.br\/2024\/wp-content\/uploads\/2023\/08\/ASSEMBLEIA-GERAL-3-150x150.jpg\" class=\"attachment-thumbnail size-thumbnail\" alt=\"\" \/><\/a>\n\t\t\t<\/dt><\/dl><dl class='gallery-item'>\n\t\t\t<dt class='gallery-icon landscape'>\n\t\t\t\t<a href='https:\/\/sinprofaz.org.br\/2024\/wp-content\/uploads\/2023\/08\/ASSEMBLEIA-GERAL-4.jpg'><img loading=\"lazy\" decoding=\"async\" width=\"150\" height=\"150\" src=\"https:\/\/sinprofaz.org.br\/2024\/wp-content\/uploads\/2023\/08\/ASSEMBLEIA-GERAL-4-150x150.jpg\" class=\"attachment-thumbnail size-thumbnail\" alt=\"\" \/><\/a>\n\t\t\t<\/dt><\/dl><br style=\"clear: both\" \/><dl class='gallery-item'>\n\t\t\t<dt class='gallery-icon landscape'>\n\t\t\t\t<a href='https:\/\/sinprofaz.org.br\/2024\/wp-content\/uploads\/2023\/08\/ASSEMBLEIA-GERAL-5.jpg'><img loading=\"lazy\" decoding=\"async\" width=\"150\" height=\"150\" src=\"https:\/\/sinprofaz.org.br\/2024\/wp-content\/uploads\/2023\/08\/ASSEMBLEIA-GERAL-5-150x150.jpg\" class=\"attachment-thumbnail size-thumbnail\" alt=\"\" \/><\/a>\n\t\t\t<\/dt><\/dl>\n\t\t\t<br style='clear: both' \/>\n\t\t<\/div>\n\n","protected":false},"excerpt":{"rendered":"<p>A reuni\u00e3o teve in\u00edcio com a apresenta\u00e7\u00e3o de um panorama a respeito da atua\u00e7\u00e3o da Frente Parlamentar Servir Brasil desde a sua cria\u00e7\u00e3o at\u00e9 o in\u00edcio do recesso legislativo. A pauta central da assembleia foi a delibera\u00e7\u00e3o a respeito do plano de trabalho da Frente Parlamentar.<\/p>\n","protected":false},"author":2,"featured_media":16551,"comment_status":"open","ping_status":"open","sticky":false,"template":"","format":"standard","meta":{"footnotes":""},"categories":[8],"tags":[73,195,25],"featured_image_url":"https:\/\/sinprofaz.org.br\/2024\/wp-content\/uploads\/2023\/08\/ASSEMBLEIA-GERAL-1.jpg","character_count":976,"formatted_date":"04\/08\/2023 - 08:28","contentNovo":"O SINPROFAZ, representado pela presidente Iolanda Guindani, compareceu na ter\u00e7a-feira (1\u00ba) \u00e0 assembleia geral extraordin\u00e1ria do Conselho Curador do Instituto Servir Brasil. Realizada em Bras\u00edlia\/DF, a reuni\u00e3o teve in\u00edcio com a apresenta\u00e7\u00e3o de um panorama a respeito da atua\u00e7\u00e3o da Frente Parlamentar Servir Brasil desde a sua cria\u00e7\u00e3o at\u00e9 o in\u00edcio do recesso legislativo. A pauta central da assembleia foi a delibera\u00e7\u00e3o a respeito do plano de trabalho da Frente Parlamentar para o segundo semestre do ano.\r\n\r\nConforme os debates realizados ao longo da reuni\u00e3o, temas como a avalia\u00e7\u00e3o de desempenho dos servidores p\u00fablicos federais, a contribui\u00e7\u00e3o previdenci\u00e1ria sobre os proventos dos inativos, a forma de c\u00e1lculo do benef\u00edcio especial, a reforma tribut\u00e1ria, o fortalecimento e financiamento das entidades de classe, a cria\u00e7\u00e3o das mesas setoriais de negocia\u00e7\u00e3o, a lei geral dos concursos e a reforma administrativa s\u00e3o temas para os quais a Frente Parlamentar dever\u00e1 voltar as aten\u00e7\u00f5es ao longo dos pr\u00f3ximos meses.\r\n\r\nAo fazer uso da palavra, a presidente do SINPROFAZ abordou o risco representado pela reforma administrativa. De acordo com Iolanda Guindani, \"o Congresso Nacional quer realizar uma reforma. Devemos aproveitar este momento para entrar na discuss\u00e3o e apresentar uma vis\u00e3o nossa, pr\u00e1tica, sobre o assunto. Isso para que, num futuro pr\u00f3ximo, n\u00e3o sejamos pegos de surpresa com uma proposta de emenda \u00e0 Constitui\u00e7\u00e3o que seja absolutamente contr\u00e1ria aos interesses dos servidores e da sociedade\".\r\n\r\n[gallery link=\"file\" ids=\"16552,16553,16554,16555\"]","_links":{"self":[{"href":"https:\/\/sinprofaz.org.br\/2024\/wp-json\/wp\/v2\/posts\/16550"}],"collection":[{"href":"https:\/\/sinprofaz.org.br\/2024\/wp-json\/wp\/v2\/posts"}],"about":[{"href":"https:\/\/sinprofaz.org.br\/2024\/wp-json\/wp\/v2\/types\/post"}],"author":[{"embeddable":true,"href":"https:\/\/sinprofaz.org.br\/2024\/wp-json\/wp\/v2\/users\/2"}],"replies":[{"embeddable":true,"href":"https:\/\/sinprofaz.org.br\/2024\/wp-json\/wp\/v2\/comments?post=16550"}],"version-history":[{"count":2,"href":"https:\/\/sinprofaz.org.br\/2024\/wp-json\/wp\/v2\/posts\/16550\/revisions"}],"predecessor-version":[{"id":16560,"href":"https:\/\/sinprofaz.org.br\/2024\/wp-json\/wp\/v2\/posts\/16550\/revisions\/16560"}],"wp:featuredmedia":[{"embeddable":true,"href":"https:\/\/sinprofaz.org.br\/2024\/wp-json\/wp\/v2\/media\/16551"}],"wp:attachment":[{"href":"https:\/\/sinprofaz.org.br\/2024\/wp-json\/wp\/v2\/media?parent=16550"}],"wp:term":[{"taxonomy":"category","embeddable":true,"href":"https:\/\/sinprofaz.org.br\/2024\/wp-json\/wp\/v2\/categories?post=16550"},{"taxonomy":"post_tag","embeddable":true,"href":"https:\/\/sinprofaz.org.br\/2024\/wp-json\/wp\/v2\/tags?post=16550"}],"curies":[{"name":"wp","href":"https:\/\/api.w.org\/{rel}","templated":true}]}}