{"id":16521,"date":"2023-07-31T08:30:51","date_gmt":"2023-07-31T11:30:51","guid":{"rendered":"http:\/\/www.sinprofaz.org.br\/?p=16521"},"modified":"2023-08-01T09:15:04","modified_gmt":"2023-08-01T12:15:04","slug":"pfns-participam-de-almoco-de-confraternizacao-com-senador-efraim-filho","status":"publish","type":"post","link":"https:\/\/sinprofaz.org.br\/2024\/noticias\/pfns-participam-de-almoco-de-confraternizacao-com-senador-efraim-filho\/","title":{"rendered":"PFNS PARTICIPAM DE ALMO\u00c7O DE CONFRATERNIZA\u00c7\u00c3O COM SENADOR EFRAIM FILHO"},"content":{"rendered":"<p>O SINPROFAZ, representado pelos filiados Caio Graco, C\u00e9sar Verzulei, Jo\u00e3o Soares e Jo\u00e3o Jos\u00e9 Ramos, esteve reunido na quinta-feira (27) com o senador Efraim Filho (Uni\u00e3o\/PB). O encontro, que tamb\u00e9m contou com a presen\u00e7a de representantes das outras carreiras da Advocacia P\u00fablica Federal, foi promovido na cidade de Jo\u00e3o Pessoa\/PB.<\/p>\n<p>Ao longo do almo\u00e7o de confraterniza\u00e7\u00e3o, os presentes expuseram quest\u00f5es de relev\u00e2ncia para advogadas p\u00fablicas e advogados p\u00fablicos federais. Ciente dos principais temas de interesse dos Membros da AGU, Efraim Filho manifestou apoio \u00e0s carreiras e externou admira\u00e7\u00e3o pelo trabalho desempenhado no \u00e2mbito da Advocacia-Geral da Uni\u00e3o. Em benef\u00edcio dos PFNs, os Colegas manter\u00e3o o canal de interlocu\u00e7\u00e3o junto ao senador da Rep\u00fablica.<\/p>\n\n\t\t<style type=\"text\/css\">\n\t\t\t#gallery-1 {\n\t\t\t\tmargin: auto;\n\t\t\t}\n\t\t\t#gallery-1 .gallery-item {\n\t\t\t\tfloat: left;\n\t\t\t\tmargin-top: 10px;\n\t\t\t\ttext-align: center;\n\t\t\t\twidth: 33%;\n\t\t\t}\n\t\t\t#gallery-1 img {\n\t\t\t\tborder: 2px solid #cfcfcf;\n\t\t\t}\n\t\t\t#gallery-1 .gallery-caption {\n\t\t\t\tmargin-left: 0;\n\t\t\t}\n\t\t\t\/* see gallery_shortcode() in wp-includes\/media.php *\/\n\t\t<\/style>\n\t\t<div id='gallery-1' class='gallery galleryid-16521 gallery-columns-3 gallery-size-thumbnail'><dl class='gallery-item'>\n\t\t\t<dt class='gallery-icon landscape'>\n\t\t\t\t<a href='https:\/\/sinprofaz.org.br\/2024\/wp-content\/uploads\/2023\/07\/confraterniza\u00e7\u00e3o-2.png'><img loading=\"lazy\" decoding=\"async\" width=\"150\" height=\"150\" src=\"https:\/\/sinprofaz.org.br\/2024\/wp-content\/uploads\/2023\/07\/confraterniza\u00e7\u00e3o-2-150x150.png\" class=\"attachment-thumbnail size-thumbnail\" alt=\"\" \/><\/a>\n\t\t\t<\/dt><\/dl>\n\t\t\t<br style='clear: both' \/>\n\t\t<\/div>\n\n","protected":false},"excerpt":{"rendered":"<p>O SINPROFAZ, representado pelos filiados Caio Graco, C\u00e9sar Verzulei, Jo\u00e3o Soares e Jo\u00e3o Jos\u00e9 Ramos, estiveram reunidos na quinta-feira (27) com o senador Efraim Filho (Uni\u00e3o\/PB). O encontro foi promovido na cidade de Jo\u00e3o Pessoa\/PB.<\/p>\n","protected":false},"author":2,"featured_media":16522,"comment_status":"open","ping_status":"open","sticky":false,"template":"","format":"standard","meta":{"footnotes":""},"categories":[8],"tags":[66,32,25],"featured_image_url":"https:\/\/sinprofaz.org.br\/2024\/wp-content\/uploads\/2023\/07\/confraterniza\u00e7\u00e3o-1.png","character_count":572,"formatted_date":"31\/07\/2023 - 08:30","contentNovo":"O SINPROFAZ, representado pelos filiados Caio Graco, C\u00e9sar Verzulei, Jo\u00e3o Soares e Jo\u00e3o Jos\u00e9 Ramos, esteve reunido na quinta-feira (27) com o senador Efraim Filho (Uni\u00e3o\/PB). O encontro, que tamb\u00e9m contou com a presen\u00e7a de representantes das outras carreiras da Advocacia P\u00fablica Federal, foi promovido na cidade de Jo\u00e3o Pessoa\/PB.\r\n\r\nAo longo do almo\u00e7o de confraterniza\u00e7\u00e3o, os presentes expuseram quest\u00f5es de relev\u00e2ncia para advogadas p\u00fablicas e advogados p\u00fablicos federais. Ciente dos principais temas de interesse dos Membros da AGU, Efraim Filho manifestou apoio \u00e0s carreiras e externou admira\u00e7\u00e3o pelo trabalho desempenhado no \u00e2mbito da Advocacia-Geral da Uni\u00e3o. Em benef\u00edcio dos PFNs, os Colegas manter\u00e3o o canal de interlocu\u00e7\u00e3o junto ao senador da Rep\u00fablica.\r\n\r\n[gallery link=\"file\" ids=\"16523\"]","_links":{"self":[{"href":"https:\/\/sinprofaz.org.br\/2024\/wp-json\/wp\/v2\/posts\/16521"}],"collection":[{"href":"https:\/\/sinprofaz.org.br\/2024\/wp-json\/wp\/v2\/posts"}],"about":[{"href":"https:\/\/sinprofaz.org.br\/2024\/wp-json\/wp\/v2\/types\/post"}],"author":[{"embeddable":true,"href":"https:\/\/sinprofaz.org.br\/2024\/wp-json\/wp\/v2\/users\/2"}],"replies":[{"embeddable":true,"href":"https:\/\/sinprofaz.org.br\/2024\/wp-json\/wp\/v2\/comments?post=16521"}],"version-history":[{"count":2,"href":"https:\/\/sinprofaz.org.br\/2024\/wp-json\/wp\/v2\/posts\/16521\/revisions"}],"predecessor-version":[{"id":16535,"href":"https:\/\/sinprofaz.org.br\/2024\/wp-json\/wp\/v2\/posts\/16521\/revisions\/16535"}],"wp:featuredmedia":[{"embeddable":true,"href":"https:\/\/sinprofaz.org.br\/2024\/wp-json\/wp\/v2\/media\/16522"}],"wp:attachment":[{"href":"https:\/\/sinprofaz.org.br\/2024\/wp-json\/wp\/v2\/media?parent=16521"}],"wp:term":[{"taxonomy":"category","embeddable":true,"href":"https:\/\/sinprofaz.org.br\/2024\/wp-json\/wp\/v2\/categories?post=16521"},{"taxonomy":"post_tag","embeddable":true,"href":"https:\/\/sinprofaz.org.br\/2024\/wp-json\/wp\/v2\/tags?post=16521"}],"curies":[{"name":"wp","href":"https:\/\/api.w.org\/{rel}","templated":true}]}}