{"id":1652,"date":"2014-02-28T14:03:57","date_gmt":"2014-02-28T14:03:57","guid":{"rendered":""},"modified":"-0001-11-30T00:00:00","modified_gmt":"-0001-11-30T03:00:00","slug":"ago-2014-pfns-podem-utilizar-procuracao-eletronica-ou-impressa","status":"publish","type":"post","link":"https:\/\/sinprofaz.org.br\/2024\/noticias\/ago-2014-pfns-podem-utilizar-procuracao-eletronica-ou-impressa\/","title":{"rendered":"AGO 2014: PFNs podem utilizar procura\u00e7\u00e3o eletr\u00f4nica ou impressa"},"content":{"rendered":"<p>Para indicar outro outorgado, deve-se utilizar a vers\u00e3o impressa. \u00c9 muito importante a participa\u00e7\u00e3o na AGO do maior n\u00famero poss\u00edvel de filiados, ainda que por procura\u00e7\u00e3o.<\/p>\n<p>A AGO ser\u00e1 realizada em Bras\u00edlia no dia 22 de mar\u00e7o de 2014, s\u00e1bado, a partir das 9h, no hotel Comfort Su\u00edtes, situado no Setor Hoteleiro Norte, Quadra 4, Bloco D. Haver\u00e1 transmiss\u00e3o da Assembleia, ao vivo, pelo site do SINPROFAZ.<\/p>\n<p>Clique <a href=\"\/s\/filiados\/meu-espaco\" target=\"_blank\">aqui<\/a> para acessar a \u201c\u00c1rea do Filiado\u201d, lembrando que \u00e9 necess\u00e1rio digitar sua matr\u00edcula e senha.<\/p>\n","protected":false},"excerpt":{"rendered":"<p>Ao acessar a \u201c\u00c1rea do Filiado\u201d, o PFN pode consultar e deliberar sobre a pauta da Assembleia. A procura\u00e7\u00e3o outorga a representa\u00e7\u00e3o na AGO ao presidente do Sindicato.<\/p>\n","protected":false},"author":1,"featured_media":0,"comment_status":"closed","ping_status":"open","sticky":false,"template":"","format":"standard","meta":{"footnotes":""},"categories":[8],"tags":[],"featured_image_url":"https:\/\/dummyimage.com\/720x400","character_count":265,"formatted_date":"28\/02\/2014 - 14:03","contentNovo":"\r\n<p>Para indicar outro outorgado, deve-se utilizar a vers\u00e3o impressa. \u00c9 muito importante a participa\u00e7\u00e3o na AGO do maior n\u00famero poss\u00edvel de filiados, ainda que por procura\u00e7\u00e3o.<\/p>\r\n<p>A AGO ser\u00e1 realizada em Bras\u00edlia no dia 22 de mar\u00e7o de 2014, s\u00e1bado, a partir das 9h, no hotel Comfort Su\u00edtes, situado no Setor Hoteleiro Norte, Quadra 4, Bloco D. Haver\u00e1 transmiss\u00e3o da Assembleia, ao vivo, pelo site do SINPROFAZ.<\/p>\r\n<p>Clique <a href=\"\/s\/filiados\/meu-espaco\" target=\"_blank\">aqui<\/a> para acessar a \u201c\u00c1rea do Filiado\u201d, lembrando que \u00e9 necess\u00e1rio digitar sua matr\u00edcula e senha.<\/p>","_links":{"self":[{"href":"https:\/\/sinprofaz.org.br\/2024\/wp-json\/wp\/v2\/posts\/1652"}],"collection":[{"href":"https:\/\/sinprofaz.org.br\/2024\/wp-json\/wp\/v2\/posts"}],"about":[{"href":"https:\/\/sinprofaz.org.br\/2024\/wp-json\/wp\/v2\/types\/post"}],"author":[{"embeddable":true,"href":"https:\/\/sinprofaz.org.br\/2024\/wp-json\/wp\/v2\/users\/1"}],"replies":[{"embeddable":true,"href":"https:\/\/sinprofaz.org.br\/2024\/wp-json\/wp\/v2\/comments?post=1652"}],"version-history":[{"count":0,"href":"https:\/\/sinprofaz.org.br\/2024\/wp-json\/wp\/v2\/posts\/1652\/revisions"}],"wp:attachment":[{"href":"https:\/\/sinprofaz.org.br\/2024\/wp-json\/wp\/v2\/media?parent=1652"}],"wp:term":[{"taxonomy":"category","embeddable":true,"href":"https:\/\/sinprofaz.org.br\/2024\/wp-json\/wp\/v2\/categories?post=1652"},{"taxonomy":"post_tag","embeddable":true,"href":"https:\/\/sinprofaz.org.br\/2024\/wp-json\/wp\/v2\/tags?post=1652"}],"curies":[{"name":"wp","href":"https:\/\/api.w.org\/{rel}","templated":true}]}}