{"id":16514,"date":"2023-07-28T08:30:03","date_gmt":"2023-07-28T11:30:03","guid":{"rendered":"http:\/\/www.sinprofaz.org.br\/?p=16514"},"modified":"2023-07-28T17:16:50","modified_gmt":"2023-07-28T20:16:50","slug":"sinprofaz-participa-de-lancamento-do-gti-sobre-assedio-e-discriminacao-na-administracao","status":"publish","type":"post","link":"https:\/\/sinprofaz.org.br\/2024\/noticias\/sinprofaz-participa-de-lancamento-do-gti-sobre-assedio-e-discriminacao-na-administracao\/","title":{"rendered":"SINPROFAZ PARTICIPA DE LAN\u00c7AMENTO DO GTI SOBRE ASS\u00c9DIO E DISCRIMINA\u00c7\u00c3O NA ADMINISTRA\u00c7\u00c3O"},"content":{"rendered":"<p>A presidente do SINPROFAZ, Iolanda Guindani, participou ontem (27) do lan\u00e7amento do Grupo de Trabalho Interministerial para elabora\u00e7\u00e3o do Plano de Enfrentamento ao Ass\u00e9dio e \u00e0 Discrimina\u00e7\u00e3o na administra\u00e7\u00e3o p\u00fablica federal. Realizado na sede do Minist\u00e9rio da Gest\u00e3o e da Inova\u00e7\u00e3o em Servi\u00e7os P\u00fablicos, o evento foi prestigiado pela ministra da pasta, Esther Dweck; pelo ministro da AGU, Jorge Messias; pela primeira-dama, Janja Lula da Silva; pela ministra das Mulheres, Cida Gon\u00e7alves; pela ministra da Igualdade Racial, Anielle Franco; pelo ministro da CGU, Vinicius de Carvalho, entre outras autoridades.<\/p>\n<p>Ministras e ministros discursaram para o p\u00fablico, oportunidade em que lembraram o trabalho desenvolvido pela ativista Marielle Franco, que, na data de ontem, teria completado 44 anos de idade. Ao longo das falas, ressaltaram tamb\u00e9m a pertin\u00eancia dos temas a serem estudados pelo GT. De acordo com o filiado Jorge Messias, &#8220;como servidor p\u00fablico federal com 20 anos de carreira, participar deste evento me deixa particularmente feliz. A AGU estar\u00e1 irmanada, contribuindo ativamente com o Grupo de Trabalho, para a constru\u00e7\u00e3o desse importante marco institucional. Contem conosco! Parab\u00e9ns pela iniciativa&#8221;.<\/p>\n<p>O GT Interministerial possui representantes de dez minist\u00e9rios e \u00f3rg\u00e3os do Executivo e objetiva avan\u00e7ar no combate integral, qualificado e rigoroso ao ass\u00e9dio e \u00e0 discrimina\u00e7\u00e3o nos espa\u00e7os de trabalho do governo federal. Ao institucionalizar o debate sobre os temas, o Grupo confere visibilidade aos problemas e relev\u00e2ncia \u00e0s medidas que ser\u00e3o implementadas ao final dos estudos. No Grupo, a Carreira ser\u00e1 representada pela filiada Claudia Trindade, assessora especial de Diversidade e Inclus\u00e3o da Advocacia-Geral da Uni\u00e3o, a quem o SINPROFAZ parabeniza pela excel\u00eancia do trabalho que vem realizando.<\/p>\n<p><strong>Cartilha do SINPROFAZ<\/strong><br \/>\nDe forma pioneira, o Sindicato lan\u00e7ou, em 2022, a cartilha &#8220;Ass\u00e9dio Moral &#8211; Reconhecer, Combater, Denunciar&#8221;. A publica\u00e7\u00e3o visa \u00e0 conscientiza\u00e7\u00e3o sobre o que \u00e9 o ass\u00e9dio moral &#8211; nas vertentes interpessoal e institucional &#8211; e quais as consequ\u00eancias dele para as v\u00edtimas. Ao dar evid\u00eancia para o tema, a iniciativa do SINPROFAZ objetivou incitar o debate. Afinal, apenas quando o ass\u00e9dio for reconhecido, discutido, combatido e erradicado, a PGFN e os demais \u00f3rg\u00e3os da administra\u00e7\u00e3o ser\u00e3o capazes de oferecer ambientes de trabalho realmente sadios. Conhe\u00e7a a publica\u00e7\u00e3o em: <a href=\"http:\/\/bit.ly\/CartilhaSINPROFAZ\">bit.ly\/CartilhaSINPROFAZ<\/a><\/p>\n\n\t\t<style type=\"text\/css\">\n\t\t\t#gallery-1 {\n\t\t\t\tmargin: auto;\n\t\t\t}\n\t\t\t#gallery-1 .gallery-item {\n\t\t\t\tfloat: left;\n\t\t\t\tmargin-top: 10px;\n\t\t\t\ttext-align: center;\n\t\t\t\twidth: 33%;\n\t\t\t}\n\t\t\t#gallery-1 img {\n\t\t\t\tborder: 2px solid #cfcfcf;\n\t\t\t}\n\t\t\t#gallery-1 .gallery-caption {\n\t\t\t\tmargin-left: 0;\n\t\t\t}\n\t\t\t\/* see gallery_shortcode() in wp-includes\/media.php *\/\n\t\t<\/style>\n\t\t<div id='gallery-1' class='gallery galleryid-16514 gallery-columns-3 gallery-size-thumbnail'><dl class='gallery-item'>\n\t\t\t<dt class='gallery-icon landscape'>\n\t\t\t\t<a href='https:\/\/sinprofaz.org.br\/2024\/wp-content\/uploads\/2023\/07\/LAN\u00c7AMENTO-DO-GTI-2.jpg'><img loading=\"lazy\" decoding=\"async\" width=\"150\" height=\"150\" src=\"https:\/\/sinprofaz.org.br\/2024\/wp-content\/uploads\/2023\/07\/LAN\u00c7AMENTO-DO-GTI-2-150x150.jpg\" class=\"attachment-thumbnail size-thumbnail\" alt=\"\" \/><\/a>\n\t\t\t<\/dt><\/dl><dl class='gallery-item'>\n\t\t\t<dt class='gallery-icon landscape'>\n\t\t\t\t<a href='https:\/\/sinprofaz.org.br\/2024\/wp-content\/uploads\/2023\/07\/LAN\u00c7AMENTO-DO-GTI-3.jpg'><img loading=\"lazy\" decoding=\"async\" width=\"150\" height=\"150\" src=\"https:\/\/sinprofaz.org.br\/2024\/wp-content\/uploads\/2023\/07\/LAN\u00c7AMENTO-DO-GTI-3-150x150.jpg\" class=\"attachment-thumbnail size-thumbnail\" alt=\"\" \/><\/a>\n\t\t\t<\/dt><\/dl><dl class='gallery-item'>\n\t\t\t<dt class='gallery-icon landscape'>\n\t\t\t\t<a href='https:\/\/sinprofaz.org.br\/2024\/wp-content\/uploads\/2023\/07\/LAN\u00c7AMENTO-DO-GTI-4.jpg'><img loading=\"lazy\" decoding=\"async\" width=\"150\" height=\"150\" src=\"https:\/\/sinprofaz.org.br\/2024\/wp-content\/uploads\/2023\/07\/LAN\u00c7AMENTO-DO-GTI-4-150x150.jpg\" class=\"attachment-thumbnail size-thumbnail\" alt=\"\" \/><\/a>\n\t\t\t<\/dt><\/dl><br style=\"clear: both\" \/>\n\t\t<\/div>\n\n","protected":false},"excerpt":{"rendered":"<p>A presidente do SINPROFAZ, Iolanda Guindani, participou ontem (27) do lan\u00e7amento do Grupo de Trabalho Interministerial para elabora\u00e7\u00e3o do Plano de Enfrentamento ao Ass\u00e9dio e \u00e0 Discrimina\u00e7\u00e3o na administra\u00e7\u00e3o p\u00fablica federal.<\/p>\n","protected":false},"author":2,"featured_media":16515,"comment_status":"open","ping_status":"open","sticky":false,"template":"","format":"standard","meta":{"footnotes":""},"categories":[8],"tags":[43,99,25],"featured_image_url":"https:\/\/sinprofaz.org.br\/2024\/wp-content\/uploads\/2023\/07\/LAN\u00c7AMENTO-DO-GTI-1.jpg","character_count":1458,"formatted_date":"28\/07\/2023 - 08:30","contentNovo":"A presidente do SINPROFAZ, Iolanda Guindani, participou ontem (27) do lan\u00e7amento do Grupo de Trabalho Interministerial para elabora\u00e7\u00e3o do Plano de Enfrentamento ao Ass\u00e9dio e \u00e0 Discrimina\u00e7\u00e3o na administra\u00e7\u00e3o p\u00fablica federal. Realizado na sede do Minist\u00e9rio da Gest\u00e3o e da Inova\u00e7\u00e3o em Servi\u00e7os P\u00fablicos, o evento foi prestigiado pela ministra da pasta, Esther Dweck; pelo ministro da AGU, Jorge Messias; pela primeira-dama, Janja Lula da Silva; pela ministra das Mulheres, Cida Gon\u00e7alves; pela ministra da Igualdade Racial, Anielle Franco; pelo ministro da CGU, Vinicius de Carvalho, entre outras autoridades.\r\n\r\nMinistras e ministros discursaram para o p\u00fablico, oportunidade em que lembraram o trabalho desenvolvido pela ativista Marielle Franco, que, na data de ontem, teria completado 44 anos de idade. Ao longo das falas, ressaltaram tamb\u00e9m a pertin\u00eancia dos temas a serem estudados pelo GT. De acordo com o filiado Jorge Messias, \"como servidor p\u00fablico federal com 20 anos de carreira, participar deste evento me deixa particularmente feliz. A AGU estar\u00e1 irmanada, contribuindo ativamente com o Grupo de Trabalho, para a constru\u00e7\u00e3o desse importante marco institucional. Contem conosco! Parab\u00e9ns pela iniciativa\".\r\n\r\nO GT Interministerial possui representantes de dez minist\u00e9rios e \u00f3rg\u00e3os do Executivo e objetiva avan\u00e7ar no combate integral, qualificado e rigoroso ao ass\u00e9dio e \u00e0 discrimina\u00e7\u00e3o nos espa\u00e7os de trabalho do governo federal. Ao institucionalizar o debate sobre os temas, o Grupo confere visibilidade aos problemas e relev\u00e2ncia \u00e0s medidas que ser\u00e3o implementadas ao final dos estudos. No Grupo, a Carreira ser\u00e1 representada pela filiada Claudia Trindade, assessora especial de Diversidade e Inclus\u00e3o da Advocacia-Geral da Uni\u00e3o, a quem o SINPROFAZ parabeniza pela excel\u00eancia do trabalho que vem realizando.\r\n\r\n<strong>Cartilha do SINPROFAZ<\/strong>\r\nDe forma pioneira, o Sindicato lan\u00e7ou, em 2022, a cartilha \"Ass\u00e9dio Moral - Reconhecer, Combater, Denunciar\". A publica\u00e7\u00e3o visa \u00e0 conscientiza\u00e7\u00e3o sobre o que \u00e9 o ass\u00e9dio moral - nas vertentes interpessoal e institucional - e quais as consequ\u00eancias dele para as v\u00edtimas. Ao dar evid\u00eancia para o tema, a iniciativa do SINPROFAZ objetivou incitar o debate. Afinal, apenas quando o ass\u00e9dio for reconhecido, discutido, combatido e erradicado, a PGFN e os demais \u00f3rg\u00e3os da administra\u00e7\u00e3o ser\u00e3o capazes de oferecer ambientes de trabalho realmente sadios. Conhe\u00e7a a publica\u00e7\u00e3o em: <a href=\"http:\/\/bit.ly\/CartilhaSINPROFAZ\">bit.ly\/CartilhaSINPROFAZ<\/a>\r\n\r\n[gallery link=\"file\" ids=\"16516,16517,16518\"]","_links":{"self":[{"href":"https:\/\/sinprofaz.org.br\/2024\/wp-json\/wp\/v2\/posts\/16514"}],"collection":[{"href":"https:\/\/sinprofaz.org.br\/2024\/wp-json\/wp\/v2\/posts"}],"about":[{"href":"https:\/\/sinprofaz.org.br\/2024\/wp-json\/wp\/v2\/types\/post"}],"author":[{"embeddable":true,"href":"https:\/\/sinprofaz.org.br\/2024\/wp-json\/wp\/v2\/users\/2"}],"replies":[{"embeddable":true,"href":"https:\/\/sinprofaz.org.br\/2024\/wp-json\/wp\/v2\/comments?post=16514"}],"version-history":[{"count":2,"href":"https:\/\/sinprofaz.org.br\/2024\/wp-json\/wp\/v2\/posts\/16514\/revisions"}],"predecessor-version":[{"id":16525,"href":"https:\/\/sinprofaz.org.br\/2024\/wp-json\/wp\/v2\/posts\/16514\/revisions\/16525"}],"wp:featuredmedia":[{"embeddable":true,"href":"https:\/\/sinprofaz.org.br\/2024\/wp-json\/wp\/v2\/media\/16515"}],"wp:attachment":[{"href":"https:\/\/sinprofaz.org.br\/2024\/wp-json\/wp\/v2\/media?parent=16514"}],"wp:term":[{"taxonomy":"category","embeddable":true,"href":"https:\/\/sinprofaz.org.br\/2024\/wp-json\/wp\/v2\/categories?post=16514"},{"taxonomy":"post_tag","embeddable":true,"href":"https:\/\/sinprofaz.org.br\/2024\/wp-json\/wp\/v2\/tags?post=16514"}],"curies":[{"name":"wp","href":"https:\/\/api.w.org\/{rel}","templated":true}]}}