{"id":16502,"date":"2023-07-26T08:30:38","date_gmt":"2023-07-26T11:30:38","guid":{"rendered":"http:\/\/www.sinprofaz.org.br\/?p=16502"},"modified":"2023-07-27T09:49:11","modified_gmt":"2023-07-27T12:49:11","slug":"sga-agu-promove-eventos-para-promocao-e-conscientizacao-sobre-saude-mental","status":"publish","type":"post","link":"https:\/\/sinprofaz.org.br\/2024\/noticias\/sga-agu-promove-eventos-para-promocao-e-conscientizacao-sobre-saude-mental\/","title":{"rendered":"SGA\/AGU PROMOVE EVENTOS PARA PROMO\u00c7\u00c3O E CONSCIENTIZA\u00c7\u00c3O SOBRE SA\u00daDE MENTAL"},"content":{"rendered":"<p>A Coordena\u00e7\u00e3o de Promo\u00e7\u00e3o \u00e0 Sa\u00fade e Qualidade de Vida no Trabalho da Secretaria-Geral de Administra\u00e7\u00e3o (SGA) da AGU realizar\u00e1, ao longo do m\u00eas de agosto, eventos para conscientiza\u00e7\u00e3o sobre sa\u00fade mental no contexto laboral. A s\u00e9rie de palestras integra um programa estrat\u00e9gico, que prop\u00f5e o olhar mais atento e profundo para as quest\u00f5es de adoecimento mental. Confira o calend\u00e1rio de eventos previstos:<\/p>\n<p>3 de agosto, \u00e0s 10h: <strong>Palestra &#8220;Como podemos construir uma cultura de sa\u00fade mental na AGU?&#8221;<\/strong>, ministrada pelo procurador federal Davi Valdetaro<\/p>\n<p>9 de agosto, \u00e0s 10h: <strong>Roda virtual de Conversa em alus\u00e3o ao Dia dos Pais<\/strong>. Participa\u00e7\u00e3o dos psic\u00f3logos Cristiano Costa (coordenador do Projeto do SINPROFAZ de Sa\u00fade Mental e Qualidade de Vida na PFN) e Daniel Campos, o qual abordar\u00e1 o tema da rela\u00e7\u00e3o parental nos dias atuais<\/p>\n<p>23 de agosto, \u00e0s 15h: <strong>Palestra sobre ergonomia no ambiente de trabalho<\/strong>, ministrada pelo professor e especialista em grupos de quadros cl\u00ednicos como ansiedade e depress\u00e3o, Itazil Lopes da Cruz<\/p>\n<p>Os eventos t\u00eam o apoio da Escola Superior da Advocacia-Geral da Uni\u00e3o (ESAGU) e ser\u00e3o transmitidos pela Escola Virtual da AGU (EVA), de modo a alcan\u00e7ar todos os Membros da Institui\u00e7\u00e3o. Participe!<\/p>\n\n\t\t<style type=\"text\/css\">\n\t\t\t#gallery-1 {\n\t\t\t\tmargin: auto;\n\t\t\t}\n\t\t\t#gallery-1 .gallery-item {\n\t\t\t\tfloat: left;\n\t\t\t\tmargin-top: 10px;\n\t\t\t\ttext-align: center;\n\t\t\t\twidth: 33%;\n\t\t\t}\n\t\t\t#gallery-1 img {\n\t\t\t\tborder: 2px solid #cfcfcf;\n\t\t\t}\n\t\t\t#gallery-1 .gallery-caption {\n\t\t\t\tmargin-left: 0;\n\t\t\t}\n\t\t\t\/* see gallery_shortcode() in wp-includes\/media.php *\/\n\t\t<\/style>\n\t\t<div id='gallery-1' class='gallery galleryid-16502 gallery-columns-3 gallery-size-thumbnail'><dl class='gallery-item'>\n\t\t\t<dt class='gallery-icon landscape'>\n\t\t\t\t<a href='https:\/\/sinprofaz.org.br\/2024\/wp-content\/uploads\/2023\/07\/banner-palestra.jpg'><img loading=\"lazy\" decoding=\"async\" width=\"150\" height=\"150\" src=\"https:\/\/sinprofaz.org.br\/2024\/wp-content\/uploads\/2023\/07\/banner-palestra-150x150.jpg\" class=\"attachment-thumbnail size-thumbnail\" alt=\"\" \/><\/a>\n\t\t\t<\/dt><\/dl>\n\t\t\t<br style='clear: both' \/>\n\t\t<\/div>\n\n","protected":false},"excerpt":{"rendered":"<p>A Coordena\u00e7\u00e3o de Promo\u00e7\u00e3o \u00e0 Sa\u00fade e Qualidade de Vida no Trabalho realizar\u00e1 eventos para conscientiza\u00e7\u00e3o sobre sa\u00fade mental no contexto laboral. A s\u00e9rie de palestras prop\u00f5e o olhar mais atento para as quest\u00f5es de adoecimento mental.<\/p>\n","protected":false},"author":2,"featured_media":16504,"comment_status":"open","ping_status":"open","sticky":false,"template":"","format":"standard","meta":{"footnotes":""},"categories":[8],"tags":[43,166],"featured_image_url":"https:\/\/sinprofaz.org.br\/2024\/wp-content\/uploads\/2023\/07\/palestra-3-agosto.jpg","character_count":806,"formatted_date":"26\/07\/2023 - 08:30","contentNovo":"A Coordena\u00e7\u00e3o de Promo\u00e7\u00e3o \u00e0 Sa\u00fade e Qualidade de Vida no Trabalho da Secretaria-Geral de Administra\u00e7\u00e3o (SGA) da AGU realizar\u00e1, ao longo do m\u00eas de agosto, eventos para conscientiza\u00e7\u00e3o sobre sa\u00fade mental no contexto laboral. A s\u00e9rie de palestras integra um programa estrat\u00e9gico, que prop\u00f5e o olhar mais atento e profundo para as quest\u00f5es de adoecimento mental. Confira o calend\u00e1rio de eventos previstos:\r\n\r\n3 de agosto, \u00e0s 10h: <strong>Palestra \"Como podemos construir uma cultura de sa\u00fade mental na AGU?\"<\/strong>, ministrada pelo procurador federal Davi Valdetaro\r\n\r\n9 de agosto, \u00e0s 10h: <strong>Roda virtual de Conversa em alus\u00e3o ao Dia dos Pais<\/strong>. Participa\u00e7\u00e3o dos psic\u00f3logos Cristiano Costa (coordenador do Projeto do SINPROFAZ de Sa\u00fade Mental e Qualidade de Vida na PFN) e Daniel Campos, o qual abordar\u00e1 o tema da rela\u00e7\u00e3o parental nos dias atuais\r\n\r\n23 de agosto, \u00e0s 15h: <strong>Palestra sobre ergonomia no ambiente de trabalho<\/strong>, ministrada pelo professor e especialista em grupos de quadros cl\u00ednicos como ansiedade e depress\u00e3o, Itazil Lopes da Cruz\r\n\r\nOs eventos t\u00eam o apoio da Escola Superior da Advocacia-Geral da Uni\u00e3o (ESAGU) e ser\u00e3o transmitidos pela Escola Virtual da AGU (EVA), de modo a alcan\u00e7ar todos os Membros da Institui\u00e7\u00e3o. Participe!\r\n\r\n[gallery link=\"file\" ids=\"16503\"]","_links":{"self":[{"href":"https:\/\/sinprofaz.org.br\/2024\/wp-json\/wp\/v2\/posts\/16502"}],"collection":[{"href":"https:\/\/sinprofaz.org.br\/2024\/wp-json\/wp\/v2\/posts"}],"about":[{"href":"https:\/\/sinprofaz.org.br\/2024\/wp-json\/wp\/v2\/types\/post"}],"author":[{"embeddable":true,"href":"https:\/\/sinprofaz.org.br\/2024\/wp-json\/wp\/v2\/users\/2"}],"replies":[{"embeddable":true,"href":"https:\/\/sinprofaz.org.br\/2024\/wp-json\/wp\/v2\/comments?post=16502"}],"version-history":[{"count":3,"href":"https:\/\/sinprofaz.org.br\/2024\/wp-json\/wp\/v2\/posts\/16502\/revisions"}],"predecessor-version":[{"id":16513,"href":"https:\/\/sinprofaz.org.br\/2024\/wp-json\/wp\/v2\/posts\/16502\/revisions\/16513"}],"wp:featuredmedia":[{"embeddable":true,"href":"https:\/\/sinprofaz.org.br\/2024\/wp-json\/wp\/v2\/media\/16504"}],"wp:attachment":[{"href":"https:\/\/sinprofaz.org.br\/2024\/wp-json\/wp\/v2\/media?parent=16502"}],"wp:term":[{"taxonomy":"category","embeddable":true,"href":"https:\/\/sinprofaz.org.br\/2024\/wp-json\/wp\/v2\/categories?post=16502"},{"taxonomy":"post_tag","embeddable":true,"href":"https:\/\/sinprofaz.org.br\/2024\/wp-json\/wp\/v2\/tags?post=16502"}],"curies":[{"name":"wp","href":"https:\/\/api.w.org\/{rel}","templated":true}]}}