{"id":16489,"date":"2023-07-21T08:20:38","date_gmt":"2023-07-21T11:20:38","guid":{"rendered":"http:\/\/www.sinprofaz.org.br\/?p=16489"},"modified":"2023-07-24T10:37:00","modified_gmt":"2023-07-24T13:37:00","slug":"ex-presidentes-do-sinprofaz-debatem-acordo-de-cooperacao-entre-agu-e-tre-rj","status":"publish","type":"post","link":"https:\/\/sinprofaz.org.br\/2024\/noticias\/ex-presidentes-do-sinprofaz-debatem-acordo-de-cooperacao-entre-agu-e-tre-rj\/","title":{"rendered":"EX-PRESIDENTES DO SINPROFAZ DEBATEM ACORDO DE COOPERA\u00c7\u00c3O ENTRE AGU E TRE-RJ"},"content":{"rendered":"<p>O ouvidor do TRE-RJ e ex-presidente do SINPROFAZ, desembargador eleitoral Allan Titonelli; o diretor da Escola Superior da AGU e ex-presidente do Sindicato, Jo\u00e3o Carlos Souto; e o diretor do SINPROFAZ S\u00e9rgio Carneiro estiveram reunidos na sede do Tribunal, no Rio de Janeiro\/RJ. Ao longo da reuni\u00e3o &#8211; que tamb\u00e9m contou com a participa\u00e7\u00e3o da diretora da Escola Judici\u00e1ria Eleitoral, desembargadora Daniela Bandeira -, os presentes debateram o acordo de coopera\u00e7\u00e3o t\u00e9cnica firmado no m\u00eas de junho pela AGU e pelo TRE.<\/p>\n<p>O conv\u00eanio prev\u00ea o interc\u00e2mbio de conhecimentos, informa\u00e7\u00f5es e pesquisas cient\u00edficas relacionadas ao direito eleitoral. Prev\u00ea tamb\u00e9m a realiza\u00e7\u00e3o de semin\u00e1rios, a publica\u00e7\u00e3o de livro e a disponibiliza\u00e7\u00e3o de vagas em cursos de p\u00f3s-gradua\u00e7\u00e3o oferecidos pela Escola Superior da Advocacia-Geral da Uni\u00e3o. De acordo com os ex-presidentes e com o diretor do SINPROFAZ, o acordo de coopera\u00e7\u00e3o beneficiar\u00e1 os integrantes de ambas as institui\u00e7\u00f5es, na medida em que possibilitar\u00e1 o aperfei\u00e7oamento t\u00e9cnico de Colegas e servidores.<\/p>\n<p><em>Com informa\u00e7\u00f5es do TRE-RJ<\/em><\/p>\n","protected":false},"excerpt":{"rendered":"<p>O conv\u00eanio prev\u00ea o interc\u00e2mbio de conhecimentos, informa\u00e7\u00f5es e pesquisas cient\u00edficas relacionadas ao direito eleitoral. Prev\u00ea tamb\u00e9m a realiza\u00e7\u00e3o de semin\u00e1rios, a publica\u00e7\u00e3o de livro e a disponibiliza\u00e7\u00e3o de vagas em cursos de p\u00f3s-gradua\u00e7\u00e3o.<\/p>\n","protected":false},"author":2,"featured_media":16490,"comment_status":"open","ping_status":"open","sticky":false,"template":"","format":"standard","meta":{"footnotes":""},"categories":[8],"tags":[43,32,25],"featured_image_url":"https:\/\/sinprofaz.org.br\/2024\/wp-content\/uploads\/2023\/07\/ouvidor-do-TRE-RJ.jpg","character_count":555,"formatted_date":"21\/07\/2023 - 08:20","contentNovo":"O ouvidor do TRE-RJ e ex-presidente do SINPROFAZ, desembargador eleitoral Allan Titonelli; o diretor da Escola Superior da AGU e ex-presidente do Sindicato, Jo\u00e3o Carlos Souto; e o diretor do SINPROFAZ S\u00e9rgio Carneiro estiveram reunidos na sede do Tribunal, no Rio de Janeiro\/RJ. Ao longo da reuni\u00e3o - que tamb\u00e9m contou com a participa\u00e7\u00e3o da diretora da Escola Judici\u00e1ria Eleitoral, desembargadora Daniela Bandeira -, os presentes debateram o acordo de coopera\u00e7\u00e3o t\u00e9cnica firmado no m\u00eas de junho pela AGU e pelo TRE.\r\n\r\nO conv\u00eanio prev\u00ea o interc\u00e2mbio de conhecimentos, informa\u00e7\u00f5es e pesquisas cient\u00edficas relacionadas ao direito eleitoral. Prev\u00ea tamb\u00e9m a realiza\u00e7\u00e3o de semin\u00e1rios, a publica\u00e7\u00e3o de livro e a disponibiliza\u00e7\u00e3o de vagas em cursos de p\u00f3s-gradua\u00e7\u00e3o oferecidos pela Escola Superior da Advocacia-Geral da Uni\u00e3o. De acordo com os ex-presidentes e com o diretor do SINPROFAZ, o acordo de coopera\u00e7\u00e3o beneficiar\u00e1 os integrantes de ambas as institui\u00e7\u00f5es, na medida em que possibilitar\u00e1 o aperfei\u00e7oamento t\u00e9cnico de Colegas e servidores.\r\n\r\n<em>Com informa\u00e7\u00f5es do TRE-RJ<\/em>","_links":{"self":[{"href":"https:\/\/sinprofaz.org.br\/2024\/wp-json\/wp\/v2\/posts\/16489"}],"collection":[{"href":"https:\/\/sinprofaz.org.br\/2024\/wp-json\/wp\/v2\/posts"}],"about":[{"href":"https:\/\/sinprofaz.org.br\/2024\/wp-json\/wp\/v2\/types\/post"}],"author":[{"embeddable":true,"href":"https:\/\/sinprofaz.org.br\/2024\/wp-json\/wp\/v2\/users\/2"}],"replies":[{"embeddable":true,"href":"https:\/\/sinprofaz.org.br\/2024\/wp-json\/wp\/v2\/comments?post=16489"}],"version-history":[{"count":2,"href":"https:\/\/sinprofaz.org.br\/2024\/wp-json\/wp\/v2\/posts\/16489\/revisions"}],"predecessor-version":[{"id":16496,"href":"https:\/\/sinprofaz.org.br\/2024\/wp-json\/wp\/v2\/posts\/16489\/revisions\/16496"}],"wp:featuredmedia":[{"embeddable":true,"href":"https:\/\/sinprofaz.org.br\/2024\/wp-json\/wp\/v2\/media\/16490"}],"wp:attachment":[{"href":"https:\/\/sinprofaz.org.br\/2024\/wp-json\/wp\/v2\/media?parent=16489"}],"wp:term":[{"taxonomy":"category","embeddable":true,"href":"https:\/\/sinprofaz.org.br\/2024\/wp-json\/wp\/v2\/categories?post=16489"},{"taxonomy":"post_tag","embeddable":true,"href":"https:\/\/sinprofaz.org.br\/2024\/wp-json\/wp\/v2\/tags?post=16489"}],"curies":[{"name":"wp","href":"https:\/\/api.w.org\/{rel}","templated":true}]}}