{"id":16484,"date":"2023-07-20T08:17:35","date_gmt":"2023-07-20T11:17:35","guid":{"rendered":"http:\/\/www.sinprofaz.org.br\/?p=16484"},"modified":"2023-07-21T10:47:39","modified_gmt":"2023-07-21T13:47:39","slug":"em-reuniao-no-ministerio-da-gestao-sinprofaz-discute-lei-dos-concursos","status":"publish","type":"post","link":"https:\/\/sinprofaz.org.br\/2024\/noticias\/em-reuniao-no-ministerio-da-gestao-sinprofaz-discute-lei-dos-concursos\/","title":{"rendered":"EM REUNI\u00c3O NO MINIST\u00c9RIO DA GEST\u00c3O, SINPROFAZ DISCUTE LEI DOS CONCURSOS"},"content":{"rendered":"<p>O SINPROFAZ, representado pela presidente Iolanda Guindani, participou ontem (19) de reuni\u00e3o junto a integrantes do Minist\u00e9rio da Gest\u00e3o e da Inova\u00e7\u00e3o em Servi\u00e7os P\u00fablicos. Realizado na sede da pasta, em Bras\u00edlia\/DF, o encontro foi conduzido por Francisco Gaetani, secret\u00e1rio extraordin\u00e1rio para a Transforma\u00e7\u00e3o do Estado, e possibilitou debates sobre o PL n\u00b0 2.258\/2022, que pretende estabelecer a Lei dos Concursos.<\/p>\n<p>Aprovado na C\u00e2mara dos Deputados e encaminhado ao Senado Federal em agosto do ano passado, o projeto de lei cont\u00e9m retrocessos e, desde o in\u00edcio da tramita\u00e7\u00e3o, vem sendo duramente criticado pelo F\u00f3rum Nacional de Carreiras T\u00edpicas de Estado &#8211; Fonacate. A princ\u00edpio, o intuito da Lei dos Concursos era determinar regras gerais para os certames, de modo a reduzir as chances de irregularidades, modernizar os instrumentos de sele\u00e7\u00e3o, gerar economia e diminuir a judicializa\u00e7\u00e3o.<\/p>\n<p>Segundo avalia\u00e7\u00e3o do Fonacate, entretanto, o PL promove inseguran\u00e7a jur\u00eddica no \u00e2mbito da Administra\u00e7\u00e3o, haja vista que abre margem para que os \u00f3rg\u00e3os dos diversos entes federativos promovam concursos sem normas claras de realiza\u00e7\u00e3o. Para o Fonacate, ademais, o projeto deveria conter regras expl\u00edcitas para as inova\u00e7\u00f5es que pretende implementar &#8211; a exemplo da possibilidade de entrevista como etapa formal dos certames.<\/p>\n<p>Para tornar mais efetivo o debate a respeito do projeto de lei n\u00b0 2.258\/2022, o Fonacate elencar\u00e1 os aspectos do texto considerados mais graves pelas entidades associativas. As discuss\u00f5es a respeito da Lei dos Concursos ser\u00e3o aprofundadas nas pr\u00f3ximas semanas junto \u00e0 rec\u00e9m-criada Secretaria de Gest\u00e3o de Pessoas do Minist\u00e9rio, a qual \u00e9 liderada por Jos\u00e9 Celso Cardoso, ex-integrante do Fonacate.<\/p>\n\n\t\t<style type=\"text\/css\">\n\t\t\t#gallery-1 {\n\t\t\t\tmargin: auto;\n\t\t\t}\n\t\t\t#gallery-1 .gallery-item {\n\t\t\t\tfloat: left;\n\t\t\t\tmargin-top: 10px;\n\t\t\t\ttext-align: center;\n\t\t\t\twidth: 33%;\n\t\t\t}\n\t\t\t#gallery-1 img {\n\t\t\t\tborder: 2px solid #cfcfcf;\n\t\t\t}\n\t\t\t#gallery-1 .gallery-caption {\n\t\t\t\tmargin-left: 0;\n\t\t\t}\n\t\t\t\/* see gallery_shortcode() in wp-includes\/media.php *\/\n\t\t<\/style>\n\t\t<div id='gallery-1' class='gallery galleryid-16484 gallery-columns-3 gallery-size-thumbnail'><dl class='gallery-item'>\n\t\t\t<dt class='gallery-icon landscape'>\n\t\t\t\t<a href='https:\/\/sinprofaz.org.br\/2024\/wp-content\/uploads\/2023\/07\/MGI-2.jpg'><img loading=\"lazy\" decoding=\"async\" width=\"150\" height=\"150\" src=\"https:\/\/sinprofaz.org.br\/2024\/wp-content\/uploads\/2023\/07\/MGI-2-150x150.jpg\" class=\"attachment-thumbnail size-thumbnail\" alt=\"\" \/><\/a>\n\t\t\t<\/dt><\/dl>\n\t\t\t<br style='clear: both' \/>\n\t\t<\/div>\n\n","protected":false},"excerpt":{"rendered":"<p>A presidente Iolanda Guindani participou de reuni\u00e3o junto a integrantes do Minist\u00e9rio da Gest\u00e3o e da Inova\u00e7\u00e3o em Servi\u00e7os P\u00fablicos. Realizado na sede da pasta, em Bras\u00edlia\/DF, o encontro foi conduzido por Francisco Gaetani, secret\u00e1rio extraordin\u00e1rio para a Transforma\u00e7\u00e3o do Estado.<\/p>\n","protected":false},"author":2,"featured_media":16485,"comment_status":"open","ping_status":"open","sticky":false,"template":"","format":"standard","meta":{"footnotes":""},"categories":[8],"tags":[63,122,25],"featured_image_url":"https:\/\/sinprofaz.org.br\/2024\/wp-content\/uploads\/2023\/07\/MGI-1.jpg","character_count":1065,"formatted_date":"20\/07\/2023 - 08:17","contentNovo":"O SINPROFAZ, representado pela presidente Iolanda Guindani, participou ontem (19) de reuni\u00e3o junto a integrantes do Minist\u00e9rio da Gest\u00e3o e da Inova\u00e7\u00e3o em Servi\u00e7os P\u00fablicos. Realizado na sede da pasta, em Bras\u00edlia\/DF, o encontro foi conduzido por Francisco Gaetani, secret\u00e1rio extraordin\u00e1rio para a Transforma\u00e7\u00e3o do Estado, e possibilitou debates sobre o PL n\u00b0 2.258\/2022, que pretende estabelecer a Lei dos Concursos.\r\n\r\nAprovado na C\u00e2mara dos Deputados e encaminhado ao Senado Federal em agosto do ano passado, o projeto de lei cont\u00e9m retrocessos e, desde o in\u00edcio da tramita\u00e7\u00e3o, vem sendo duramente criticado pelo F\u00f3rum Nacional de Carreiras T\u00edpicas de Estado - Fonacate. A princ\u00edpio, o intuito da Lei dos Concursos era determinar regras gerais para os certames, de modo a reduzir as chances de irregularidades, modernizar os instrumentos de sele\u00e7\u00e3o, gerar economia e diminuir a judicializa\u00e7\u00e3o.\r\n\r\nSegundo avalia\u00e7\u00e3o do Fonacate, entretanto, o PL promove inseguran\u00e7a jur\u00eddica no \u00e2mbito da Administra\u00e7\u00e3o, haja vista que abre margem para que os \u00f3rg\u00e3os dos diversos entes federativos promovam concursos sem normas claras de realiza\u00e7\u00e3o. Para o Fonacate, ademais, o projeto deveria conter regras expl\u00edcitas para as inova\u00e7\u00f5es que pretende implementar - a exemplo da possibilidade de entrevista como etapa formal dos certames.\r\n\r\nPara tornar mais efetivo o debate a respeito do projeto de lei n\u00b0 2.258\/2022, o Fonacate elencar\u00e1 os aspectos do texto considerados mais graves pelas entidades associativas. As discuss\u00f5es a respeito da Lei dos Concursos ser\u00e3o aprofundadas nas pr\u00f3ximas semanas junto \u00e0 rec\u00e9m-criada Secretaria de Gest\u00e3o de Pessoas do Minist\u00e9rio, a qual \u00e9 liderada por Jos\u00e9 Celso Cardoso, ex-integrante do Fonacate.\r\n\r\n[gallery link=\"file\" ids=\"16486\"]","_links":{"self":[{"href":"https:\/\/sinprofaz.org.br\/2024\/wp-json\/wp\/v2\/posts\/16484"}],"collection":[{"href":"https:\/\/sinprofaz.org.br\/2024\/wp-json\/wp\/v2\/posts"}],"about":[{"href":"https:\/\/sinprofaz.org.br\/2024\/wp-json\/wp\/v2\/types\/post"}],"author":[{"embeddable":true,"href":"https:\/\/sinprofaz.org.br\/2024\/wp-json\/wp\/v2\/users\/2"}],"replies":[{"embeddable":true,"href":"https:\/\/sinprofaz.org.br\/2024\/wp-json\/wp\/v2\/comments?post=16484"}],"version-history":[{"count":2,"href":"https:\/\/sinprofaz.org.br\/2024\/wp-json\/wp\/v2\/posts\/16484\/revisions"}],"predecessor-version":[{"id":16492,"href":"https:\/\/sinprofaz.org.br\/2024\/wp-json\/wp\/v2\/posts\/16484\/revisions\/16492"}],"wp:featuredmedia":[{"embeddable":true,"href":"https:\/\/sinprofaz.org.br\/2024\/wp-json\/wp\/v2\/media\/16485"}],"wp:attachment":[{"href":"https:\/\/sinprofaz.org.br\/2024\/wp-json\/wp\/v2\/media?parent=16484"}],"wp:term":[{"taxonomy":"category","embeddable":true,"href":"https:\/\/sinprofaz.org.br\/2024\/wp-json\/wp\/v2\/categories?post=16484"},{"taxonomy":"post_tag","embeddable":true,"href":"https:\/\/sinprofaz.org.br\/2024\/wp-json\/wp\/v2\/tags?post=16484"}],"curies":[{"name":"wp","href":"https:\/\/api.w.org\/{rel}","templated":true}]}}