{"id":1647,"date":"2014-02-25T13:39:39","date_gmt":"2014-02-25T13:39:39","guid":{"rendered":""},"modified":"-0001-11-30T00:00:00","modified_gmt":"-0001-11-30T03:00:00","slug":"tratado-de-direito-constitucional-constituicao-politica-e-sociedade","status":"publish","type":"post","link":"https:\/\/sinprofaz.org.br\/2024\/noticias\/tratado-de-direito-constitucional-constituicao-politica-e-sociedade\/","title":{"rendered":"Tratado de Direito Constitucional \u2013 Constitui\u00e7\u00e3o, Pol\u00edtica e Sociedade"},"content":{"rendered":"<p>As interse\u00e7\u00f5es entre Direito, Moral e Pol\u00edtica perseguem os estudos de cada um dos autores desta publica\u00e7\u00e3o. Quem pensa o Direito n\u00e3o se desvencilha dessas quest\u00f5es, tanto que o livro cont\u00e9m entrevista com o Relator da Constituinte de 1988, Professor Bernardo Cabral, mostrando toda essa carga axiol\u00f3gica existente na Constitui\u00e7\u00e3o em seu estado bruto, enquanto pedra a ser polida.<\/p>\n<p>Segundo os coordenadores do livro, o Direito e a Pol\u00edtica t\u00eam um qu\u00ea de mitol\u00f3gico, mas se Fernando Pessoa estiver certo, ao dizer que \u201co mito \u00e9 o nada que \u00e9 tudo \/ o mesmo sol que abre os c\u00e9us \/ \u00e9 um mito brilhante e mudo\u201d, estudar a fundo as interse\u00e7\u00f5es entre Constitui\u00e7\u00e3o, pol\u00edtica e sociedade depura o objeto de an\u00e1lise, permitindo clarificar o que est\u00e1 escondido, colocar em sua melhor luz os verdadeiros problemas com que a jurisdi\u00e7\u00e3o, as teorias sociais e jur\u00eddicas brasileiras precisam lidar.<\/p>\n<p>O Procurador da Fazenda Daniel Giotti de Paula \u00e9 doutorando em Finan\u00e7as P\u00fablicas, Tributa\u00e7\u00e3o e Desenvolvimento pela UERJ; Mestre em Teoria do Estado e Direito Constitucional pela PUC-Rio; Professor convidado do MBA em Direito Tribut\u00e1rio da FGV-Rio e Coordenador Acad\u00eamico do INTEJUR (Instituto Th\u00eamis de Ensino Jur\u00eddico).<\/p>\n<p>Para entrar em contato com o PFN Daniel Giotti, envie mensagem para o e-mail: dgp@terra.com.br.<\/p>\n","protected":false},"excerpt":{"rendered":"<p>Este \u00e9 o t\u00edtulo de livro coordenado pelo Procurador da Fazenda Nacional Daniel Giotti de Paula e pelo professor professor Felipe Asensi. J\u00e1 est\u00e1 programado o segundo volume da obra.<\/p>\n","protected":false},"author":1,"featured_media":0,"comment_status":"closed","ping_status":"open","sticky":false,"template":"","format":"standard","meta":{"footnotes":""},"categories":[8],"tags":[],"featured_image_url":"https:\/\/dummyimage.com\/720x400","character_count":671,"formatted_date":"25\/02\/2014 - 13:39","contentNovo":"\r\n<p>As interse\u00e7\u00f5es entre Direito, Moral e Pol\u00edtica perseguem os estudos de cada um dos autores desta publica\u00e7\u00e3o. Quem pensa o Direito n\u00e3o se desvencilha dessas quest\u00f5es, tanto que o livro cont\u00e9m entrevista com o Relator da Constituinte de 1988, Professor Bernardo Cabral, mostrando toda essa carga axiol\u00f3gica existente na Constitui\u00e7\u00e3o em seu estado bruto, enquanto pedra a ser polida.<\/p>\r\n<p>Segundo os coordenadores do livro, o Direito e a Pol\u00edtica t\u00eam um qu\u00ea de mitol\u00f3gico, mas se Fernando Pessoa estiver certo, ao dizer que \u201co mito \u00e9 o nada que \u00e9 tudo \/ o mesmo sol que abre os c\u00e9us \/ \u00e9 um mito brilhante e mudo\u201d, estudar a fundo as interse\u00e7\u00f5es entre Constitui\u00e7\u00e3o, pol\u00edtica e sociedade depura o objeto de an\u00e1lise, permitindo clarificar o que est\u00e1 escondido, colocar em sua melhor luz os verdadeiros problemas com que a jurisdi\u00e7\u00e3o, as teorias sociais e jur\u00eddicas brasileiras precisam lidar.<\/p>\r\n<p>O Procurador da Fazenda Daniel Giotti de Paula \u00e9 doutorando em Finan\u00e7as P\u00fablicas, Tributa\u00e7\u00e3o e Desenvolvimento pela UERJ; Mestre em Teoria do Estado e Direito Constitucional pela PUC-Rio; Professor convidado do MBA em Direito Tribut\u00e1rio da FGV-Rio e Coordenador Acad\u00eamico do INTEJUR (Instituto Th\u00eamis de Ensino Jur\u00eddico).<\/p>\r\n<p>Para entrar em contato com o PFN Daniel Giotti, envie mensagem para o e-mail: dgp@terra.com.br.<\/p>","_links":{"self":[{"href":"https:\/\/sinprofaz.org.br\/2024\/wp-json\/wp\/v2\/posts\/1647"}],"collection":[{"href":"https:\/\/sinprofaz.org.br\/2024\/wp-json\/wp\/v2\/posts"}],"about":[{"href":"https:\/\/sinprofaz.org.br\/2024\/wp-json\/wp\/v2\/types\/post"}],"author":[{"embeddable":true,"href":"https:\/\/sinprofaz.org.br\/2024\/wp-json\/wp\/v2\/users\/1"}],"replies":[{"embeddable":true,"href":"https:\/\/sinprofaz.org.br\/2024\/wp-json\/wp\/v2\/comments?post=1647"}],"version-history":[{"count":0,"href":"https:\/\/sinprofaz.org.br\/2024\/wp-json\/wp\/v2\/posts\/1647\/revisions"}],"wp:attachment":[{"href":"https:\/\/sinprofaz.org.br\/2024\/wp-json\/wp\/v2\/media?parent=1647"}],"wp:term":[{"taxonomy":"category","embeddable":true,"href":"https:\/\/sinprofaz.org.br\/2024\/wp-json\/wp\/v2\/categories?post=1647"},{"taxonomy":"post_tag","embeddable":true,"href":"https:\/\/sinprofaz.org.br\/2024\/wp-json\/wp\/v2\/tags?post=1647"}],"curies":[{"name":"wp","href":"https:\/\/api.w.org\/{rel}","templated":true}]}}