{"id":16467,"date":"2023-07-14T08:15:59","date_gmt":"2023-07-14T11:15:59","guid":{"rendered":"http:\/\/www.sinprofaz.org.br\/?p=16467"},"modified":"2023-07-13T17:27:06","modified_gmt":"2023-07-13T20:27:06","slug":"diretoria-2023-2025-realiza-primeira-reuniao-da-gestao","status":"publish","type":"post","link":"https:\/\/sinprofaz.org.br\/2024\/noticias\/diretoria-2023-2025-realiza-primeira-reuniao-da-gestao\/","title":{"rendered":"DIRETORIA 2023-2025 REALIZA PRIMEIRA REUNI\u00c3O DA GEST\u00c3O"},"content":{"rendered":"<p>A Diretoria do SINPROFAZ esteve reunida na \u00faltima semana, na sede do Sindicato, em Bras\u00edlia\/DF. Na ocasi\u00e3o, os debates foram conduzidos pela nova presidente, Iolanda Guindani, e pelo ex-presidente Achilles Frias. Os desafios a serem enfrentados pelo SINPROFAZ ao longo do pr\u00f3ximo bi\u00eanio e as estrat\u00e9gias para concretiza\u00e7\u00e3o dos pleitos da Carreira estiveram no centro das discuss\u00f5es.<\/p>\n<p>Temas como a defesa de prerrogativas e a sobrecarga de trabalho tamb\u00e9m foram pautados. Sobre este assunto, a Diretoria ressaltou o avan\u00e7o representado pela minuta do projeto de lei que visa \u00e0 modelagem do novo quadro t\u00e9cnico da AGU, que inclui a Procuradoria da Fazenda Nacional. Para os dirigentes sindicais, a cria\u00e7\u00e3o da carreira de apoio permitir\u00e1 que os PFNs exer\u00e7am plenamente a Fun\u00e7\u00e3o Essencial para a qual foram preparados.<\/p>\n\n\t\t<style type=\"text\/css\">\n\t\t\t#gallery-1 {\n\t\t\t\tmargin: auto;\n\t\t\t}\n\t\t\t#gallery-1 .gallery-item {\n\t\t\t\tfloat: left;\n\t\t\t\tmargin-top: 10px;\n\t\t\t\ttext-align: center;\n\t\t\t\twidth: 33%;\n\t\t\t}\n\t\t\t#gallery-1 img {\n\t\t\t\tborder: 2px solid #cfcfcf;\n\t\t\t}\n\t\t\t#gallery-1 .gallery-caption {\n\t\t\t\tmargin-left: 0;\n\t\t\t}\n\t\t\t\/* see gallery_shortcode() in wp-includes\/media.php *\/\n\t\t<\/style>\n\t\t<div id='gallery-1' class='gallery galleryid-16467 gallery-columns-3 gallery-size-thumbnail'><dl class='gallery-item'>\n\t\t\t<dt class='gallery-icon landscape'>\n\t\t\t\t<a href='https:\/\/sinprofaz.org.br\/2024\/wp-content\/uploads\/2023\/07\/diretoria-2.jpg'><img loading=\"lazy\" decoding=\"async\" width=\"150\" height=\"150\" src=\"https:\/\/sinprofaz.org.br\/2024\/wp-content\/uploads\/2023\/07\/diretoria-2-150x150.jpg\" class=\"attachment-thumbnail size-thumbnail\" alt=\"\" \/><\/a>\n\t\t\t<\/dt><\/dl>\n\t\t\t<br style='clear: both' \/>\n\t\t<\/div>\n\n","protected":false},"excerpt":{"rendered":"<p>Os desafios a serem enfrentados pelo SINPROFAZ ao longo do pr\u00f3ximo bi\u00eanio e as estrat\u00e9gias para concretiza\u00e7\u00e3o dos pleitos da Carreira estiveram no centro das discuss\u00f5es entre diretoras e diretores. Temas como a defesa de prerrogativas e a sobrecarga de trabalho tamb\u00e9m foram pautados. Acesse e saiba mais!<\/p>\n","protected":false},"author":2,"featured_media":16468,"comment_status":"open","ping_status":"open","sticky":false,"template":"","format":"standard","meta":{"footnotes":""},"categories":[8],"tags":[32,27,25],"featured_image_url":"https:\/\/sinprofaz.org.br\/2024\/wp-content\/uploads\/2023\/07\/diretoria-1.jpg","character_count":595,"formatted_date":"14\/07\/2023 - 08:15","contentNovo":"A Diretoria do SINPROFAZ esteve reunida na \u00faltima semana, na sede do Sindicato, em Bras\u00edlia\/DF. Na ocasi\u00e3o, os debates foram conduzidos pela nova presidente, Iolanda Guindani, e pelo ex-presidente Achilles Frias. Os desafios a serem enfrentados pelo SINPROFAZ ao longo do pr\u00f3ximo bi\u00eanio e as estrat\u00e9gias para concretiza\u00e7\u00e3o dos pleitos da Carreira estiveram no centro das discuss\u00f5es.\r\n\r\nTemas como a defesa de prerrogativas e a sobrecarga de trabalho tamb\u00e9m foram pautados. Sobre este assunto, a Diretoria ressaltou o avan\u00e7o representado pela minuta do projeto de lei que visa \u00e0 modelagem do novo quadro t\u00e9cnico da AGU, que inclui a Procuradoria da Fazenda Nacional. Para os dirigentes sindicais, a cria\u00e7\u00e3o da carreira de apoio permitir\u00e1 que os PFNs exer\u00e7am plenamente a Fun\u00e7\u00e3o Essencial para a qual foram preparados.\r\n\r\n[gallery link=\"file\" ids=\"16469\"]","_links":{"self":[{"href":"https:\/\/sinprofaz.org.br\/2024\/wp-json\/wp\/v2\/posts\/16467"}],"collection":[{"href":"https:\/\/sinprofaz.org.br\/2024\/wp-json\/wp\/v2\/posts"}],"about":[{"href":"https:\/\/sinprofaz.org.br\/2024\/wp-json\/wp\/v2\/types\/post"}],"author":[{"embeddable":true,"href":"https:\/\/sinprofaz.org.br\/2024\/wp-json\/wp\/v2\/users\/2"}],"replies":[{"embeddable":true,"href":"https:\/\/sinprofaz.org.br\/2024\/wp-json\/wp\/v2\/comments?post=16467"}],"version-history":[{"count":1,"href":"https:\/\/sinprofaz.org.br\/2024\/wp-json\/wp\/v2\/posts\/16467\/revisions"}],"predecessor-version":[{"id":16470,"href":"https:\/\/sinprofaz.org.br\/2024\/wp-json\/wp\/v2\/posts\/16467\/revisions\/16470"}],"wp:featuredmedia":[{"embeddable":true,"href":"https:\/\/sinprofaz.org.br\/2024\/wp-json\/wp\/v2\/media\/16468"}],"wp:attachment":[{"href":"https:\/\/sinprofaz.org.br\/2024\/wp-json\/wp\/v2\/media?parent=16467"}],"wp:term":[{"taxonomy":"category","embeddable":true,"href":"https:\/\/sinprofaz.org.br\/2024\/wp-json\/wp\/v2\/categories?post=16467"},{"taxonomy":"post_tag","embeddable":true,"href":"https:\/\/sinprofaz.org.br\/2024\/wp-json\/wp\/v2\/tags?post=16467"}],"curies":[{"name":"wp","href":"https:\/\/api.w.org\/{rel}","templated":true}]}}