{"id":1644,"date":"2014-02-21T16:47:13","date_gmt":"2014-02-21T16:47:13","guid":{"rendered":""},"modified":"-0001-11-30T00:00:00","modified_gmt":"-0001-11-30T03:00:00","slug":"sinprofaz-visita-gabinete-do-senador-blairo-maggi","status":"publish","type":"post","link":"https:\/\/sinprofaz.org.br\/2024\/noticias\/sinprofaz-visita-gabinete-do-senador-blairo-maggi\/","title":{"rendered":"SINPROFAZ visita gabinete do senador Blairo Maggi"},"content":{"rendered":"<p><img loading=\"lazy\" decoding=\"async\" style=\"margin-right: 10px; float: left;\" alt=\"01\" src=\"images\/noticias\/sinprofaz-visita\/01.jpg\" height=\"154\" width=\"218\" \/>Em reuni\u00e3o do SINPROFAZ e lideran\u00e7as de entidades da Advocacia P\u00fablica Federal com assessoria parlamentar do senador Blairo Maggi, foram discutidas as PECs sobre o adicional por tempo de servi\u00e7o (ATS).<\/p>\n<p>O senador Blairo Maggi (PR\/MT) \u00e9 o relator da PEC 63\/13, que disp\u00f5e sobre a parcela indenizat\u00f3ria de valoriza\u00e7\u00e3o por tempo de servi\u00e7o na Magistratura e no Minist\u00e9rio P\u00fablico.<\/p>\n<p>Pelo parecer, que o relator j\u00e1 apresentou \u00e0 Comiss\u00e3o de Constitui\u00e7\u00e3o, Justi\u00e7a e Cidadania (CCJ), ficaram mantidas apenas as carreiras j\u00e1 citadas no projeto inicial, quais sejam, a Magistratura e o Minist\u00e9rio P\u00fablico.<\/p>\n<p>Os dirigentes sindicais e associativos foram recebidos pelo assessor parlamentar do gabinete, Coaraci Nogueira de Castilho. Segundo informa\u00e7\u00e3o do assessor, o relat\u00f3rio \u00e0 PEC 63\/13 ser\u00e1 lido no pr\u00f3ximo dia 12 de mar\u00e7o.<\/p>\n<p>Na reuni\u00e3o, os dirigentes frisaram a justeza do pleito de incluir a Advocacia P\u00fablica Federal na referida proposta uma vez que tamb\u00e9m \u00e9 Fun\u00e7\u00e3o Essencial \u00e0 Justi\u00e7a junto com a Magistratura e o Minist\u00e9rio P\u00fablico, o que pressup\u00f5e tratamento ison\u00f4mico entre as Carreiras.<\/p>\n","protected":false},"excerpt":{"rendered":"<p>Em reuni\u00e3o do SINPROFAZ e lideran\u00e7as de entidades da Advocacia P\u00fablica Federal com assessoria parlamentar do senador Blairo Maggi, foram discutidas as PECs sobre o adicional por tempo de servi\u00e7o (ATS).<\/p>\n","protected":false},"author":1,"featured_media":0,"comment_status":"closed","ping_status":"open","sticky":false,"template":"","format":"standard","meta":{"footnotes":""},"categories":[8],"tags":[],"featured_image_url":"https:\/\/dummyimage.com\/720x400","character_count":561,"formatted_date":"21\/02\/2014 - 16:47","contentNovo":"\r\n<p>Em reuni\u00e3o do SINPROFAZ e lideran\u00e7as de entidades da Advocacia P\u00fablica Federal com assessoria parlamentar do senador Blairo Maggi, foram discutidas as PECs sobre o adicional por tempo de servi\u00e7o (ATS).<\/p>\r\n<p>O senador Blairo Maggi (PR\/MT) \u00e9 o relator da PEC 63\/13, que disp\u00f5e sobre a parcela indenizat\u00f3ria de valoriza\u00e7\u00e3o por tempo de servi\u00e7o na Magistratura e no Minist\u00e9rio P\u00fablico.<\/p>\r\n<p>Pelo parecer, que o relator j\u00e1 apresentou \u00e0 Comiss\u00e3o de Constitui\u00e7\u00e3o, Justi\u00e7a e Cidadania (CCJ), ficaram mantidas apenas as carreiras j\u00e1 citadas no projeto inicial, quais sejam, a Magistratura e o Minist\u00e9rio P\u00fablico.<\/p>\r\n<p>Os dirigentes sindicais e associativos foram recebidos pelo assessor parlamentar do gabinete, Coaraci Nogueira de Castilho. Segundo informa\u00e7\u00e3o do assessor, o relat\u00f3rio \u00e0 PEC 63\/13 ser\u00e1 lido no pr\u00f3ximo dia 12 de mar\u00e7o.<\/p>\r\n<p>Na reuni\u00e3o, os dirigentes frisaram a justeza do pleito de incluir a Advocacia P\u00fablica Federal na referida proposta uma vez que tamb\u00e9m \u00e9 Fun\u00e7\u00e3o Essencial \u00e0 Justi\u00e7a junto com a Magistratura e o Minist\u00e9rio P\u00fablico, o que pressup\u00f5e tratamento ison\u00f4mico entre as Carreiras.<\/p>","_links":{"self":[{"href":"https:\/\/sinprofaz.org.br\/2024\/wp-json\/wp\/v2\/posts\/1644"}],"collection":[{"href":"https:\/\/sinprofaz.org.br\/2024\/wp-json\/wp\/v2\/posts"}],"about":[{"href":"https:\/\/sinprofaz.org.br\/2024\/wp-json\/wp\/v2\/types\/post"}],"author":[{"embeddable":true,"href":"https:\/\/sinprofaz.org.br\/2024\/wp-json\/wp\/v2\/users\/1"}],"replies":[{"embeddable":true,"href":"https:\/\/sinprofaz.org.br\/2024\/wp-json\/wp\/v2\/comments?post=1644"}],"version-history":[{"count":0,"href":"https:\/\/sinprofaz.org.br\/2024\/wp-json\/wp\/v2\/posts\/1644\/revisions"}],"wp:attachment":[{"href":"https:\/\/sinprofaz.org.br\/2024\/wp-json\/wp\/v2\/media?parent=1644"}],"wp:term":[{"taxonomy":"category","embeddable":true,"href":"https:\/\/sinprofaz.org.br\/2024\/wp-json\/wp\/v2\/categories?post=1644"},{"taxonomy":"post_tag","embeddable":true,"href":"https:\/\/sinprofaz.org.br\/2024\/wp-json\/wp\/v2\/tags?post=1644"}],"curies":[{"name":"wp","href":"https:\/\/api.w.org\/{rel}","templated":true}]}}