{"id":16386,"date":"2023-07-10T11:40:07","date_gmt":"2023-07-10T14:40:07","guid":{"rendered":"http:\/\/www.sinprofaz.org.br\/?p=16386"},"modified":"2023-07-12T10:39:35","modified_gmt":"2023-07-12T13:39:35","slug":"diretoria-do-sinprofaz-toma-posse-em-solenidade-no-conselho-federal-da-oab","status":"publish","type":"post","link":"https:\/\/sinprofaz.org.br\/2024\/noticias\/diretoria-do-sinprofaz-toma-posse-em-solenidade-no-conselho-federal-da-oab\/","title":{"rendered":"DIRETORIA DO SINPROFAZ TOMA POSSE EM SOLENIDADE NO CONSELHO FEDERAL DA OAB"},"content":{"rendered":"<p>A sede do Conselho Federal da Ordem dos Advogados do Brasil, em Bras\u00edlia\/DF, recebeu, na quinta-feira (6), a solenidade de posse da Diretoria 2023-2025 do SINPROFAZ. Na ocasi\u00e3o, compuseram a mesa de honra a presidente eleita, Iolanda Guindani; o ex-presidente e atual diretor, Achilles Frias; o advogado-geral da Uni\u00e3o, Jorge Messias; a procuradora-geral da Fazenda Nacional, Anelize Ruas; o secret\u00e1rio-geral da Presid\u00eancia do Tribunal Superior Eleitoral, Jos\u00e9 Levi Mello; o assessor-chefe da Assessoria Consultiva do Tribunal Superior Eleitoral, Fabr\u00edcio Da Soller; e a presidente da Comiss\u00e3o Nacional de Advocacia P\u00fablica do CFOAB, Maria Dionne de Ara\u00fajo.<\/p>\n<p>Em discurso de posse, Iolanda Guindani ressaltou o desejo dos PFNs de &#8211; seja na gest\u00e3o da d\u00edvida ativa da Uni\u00e3o, na consultoria ou na representa\u00e7\u00e3o judicial e extrajudicial &#8211; colocar, a servi\u00e7o do Brasil e dos brasileiros, os especializados conhecimentos que credenciaram os Membros da Carreira a integrar a Procuradoria da Fazenda Nacional. &#8220;A PGFN encaminha-se definitivamente para novos tempos de qualidade e \u00eaxito e, nesse percurso, poder\u00e1 contar com o aux\u00edlio do SINPROFAZ. Assim, as servidoras e os servidores do quadro t\u00e9cnico ser\u00e3o muito bem-vindos \u00e0 Institui\u00e7\u00e3o, assim como os futuros Colegas aprovados no concurso p\u00fablico em andamento&#8221;, ressaltou a presidente.<\/p>\n<p>A cerim\u00f4nia foi oportunidade para que Achilles Frias proferisse o discurso de despedida da presid\u00eancia do Sindicato. Aos presentes, o l\u00edder sindical ressaltou a necessidade de &#8220;depois de alguns mandatos \u00e0 frente do SINPROFAZ, me afastar e trilhar novos caminhos. Hoje, aqui estou sobretudo para agradecer a todos os diretores e parceiros pela constru\u00e7\u00e3o coletiva que se deu ao longo dessas gest\u00f5es. \u00c0 nossa nova presidente, querida amiga Iolanda Guindani, desejo todo o sucesso. Vida longa ao SINPROFAZ&#8221;! Na ocasi\u00e3o da solenidade, Achilles Frias foi presenteado pela Diretoria com uma placa em agradecimento pela dedica\u00e7\u00e3o e pelos inestim\u00e1veis servi\u00e7os prestados \u00e0 Carreira.<\/p>\n<p><strong>Mesa de honra<\/strong><br \/>\nA solenidade de posse foi prestigiada por filiadas, filiados e autoridades da Advocacia-Geral da Uni\u00e3o e da Procuradoria-Geral da Fazenda Nacional. Ao discursar para o p\u00fablico do evento, o associado Jorge Messias cumprimentou os ex-presidentes do Sindicato e desejou \u00e0 nova Diretoria uma gest\u00e3o de muitas vit\u00f3rias. &#8220;Presidente Iolanda Guindani, a senhora tem hoje a oportunidade de presidir o Sindicato de uma Carreira extremamente qualificada, unida, que trabalha dia e noite em prol do pa\u00eds. Tenho certeza de que, sob sua lideran\u00e7a, o SINPROFAZ seguir\u00e1 contribuindo para a constru\u00e7\u00e3o de um Brasil mais justo&#8221;, afirmou o advogado-geral da Uni\u00e3o.<\/p>\n<p>Anelize Ruas tamb\u00e9m fez um cumprimento especial \u00e0 nova Diretoria. Segundo a chefe da PGFN, &#8220;para al\u00e9m das dificuldades que enfrentamos como procuradoras, enfrentamos tamb\u00e9m a desigualdade de g\u00eanero e o desafio de estarmos inseridas em uma sociedade ainda machista e patriarcal. Por isso a felicidade de participar da posse dessa nova Diretoria, que tem \u00e0 frente uma mulher e \u00e9 composta por v\u00e1rias Colegas muito aguerridas&#8221;. No mesmo sentido, Fabr\u00edcio Da Soller ressaltou a import\u00e2ncia de celebrar a renova\u00e7\u00e3o: &#8220;Cumprimento a Diretoria da \u00faltima gest\u00e3o e, na pessoa da presidente Iolanda Guindani, desejo aos novos diretores um per\u00edodo muito auspicioso \u00e0 frente do Sindicato&#8221;!<\/p>\n<p>Ao fazer uso da palavra, Jos\u00e9 Levi Mello felicitou os ex-presidentes do SINPROFAZ, que contribu\u00edram de forma decisiva para tantas vit\u00f3rias sindicais, e desejou \u00eaxito \u00e0 nova gestora: &#8220;Conhe\u00e7o Iolanda Guindani desde antes de sermos PFNs e posso afirmar que ela foi sempre essa Colega do melhor trato. \u00c0 nossa nova presidente, fa\u00e7o votos de muito sucesso&#8221;. Maria Dionne de Ara\u00fajo deu destaque ao trabalho desempenhado h\u00e1 mais de trinta anos pelo SINPROFAZ. Na ocasi\u00e3o de sua fala, a representante do Conselho Federal da OAB agradeceu o Sindicato &#8220;pela preocupa\u00e7\u00e3o com as prerrogativas da Carreira e, sobretudo, pela defesa do efetivo exerc\u00edcio do papel dos PFNs no pa\u00eds&#8221;.<\/p>\n\n\t\t<style type=\"text\/css\">\n\t\t\t#gallery-1 {\n\t\t\t\tmargin: auto;\n\t\t\t}\n\t\t\t#gallery-1 .gallery-item {\n\t\t\t\tfloat: left;\n\t\t\t\tmargin-top: 10px;\n\t\t\t\ttext-align: center;\n\t\t\t\twidth: 33%;\n\t\t\t}\n\t\t\t#gallery-1 img {\n\t\t\t\tborder: 2px solid #cfcfcf;\n\t\t\t}\n\t\t\t#gallery-1 .gallery-caption {\n\t\t\t\tmargin-left: 0;\n\t\t\t}\n\t\t\t\/* see gallery_shortcode() in wp-includes\/media.php *\/\n\t\t<\/style>\n\t\t<div id='gallery-1' class='gallery galleryid-16386 gallery-columns-3 gallery-size-thumbnail'><dl class='gallery-item'>\n\t\t\t<dt class='gallery-icon landscape'>\n\t\t\t\t<a href='https:\/\/sinprofaz.org.br\/2024\/wp-content\/uploads\/2023\/07\/posse-da-presidente-2.jpg'><img loading=\"lazy\" decoding=\"async\" width=\"150\" height=\"150\" src=\"https:\/\/sinprofaz.org.br\/2024\/wp-content\/uploads\/2023\/07\/posse-da-presidente-2-150x150.jpg\" class=\"attachment-thumbnail size-thumbnail\" alt=\"\" aria-describedby=\"gallery-1-16397\" \/><\/a>\n\t\t\t<\/dt>\n\t\t\t\t<dd class='wp-caption-text gallery-caption' id='gallery-1-16397'>\n\t\t\t\tIolanda Guindani\n\t\t\t\t<\/dd><\/dl><dl class='gallery-item'>\n\t\t\t<dt class='gallery-icon landscape'>\n\t\t\t\t<a href='https:\/\/sinprofaz.org.br\/2024\/wp-content\/uploads\/2023\/07\/posse-da-presidente-3.jpg'><img loading=\"lazy\" decoding=\"async\" width=\"150\" height=\"150\" src=\"https:\/\/sinprofaz.org.br\/2024\/wp-content\/uploads\/2023\/07\/posse-da-presidente-3-150x150.jpg\" class=\"attachment-thumbnail size-thumbnail\" alt=\"\" aria-describedby=\"gallery-1-16398\" \/><\/a>\n\t\t\t<\/dt>\n\t\t\t\t<dd class='wp-caption-text gallery-caption' id='gallery-1-16398'>\n\t\t\t\tAchilles Frias\n\t\t\t\t<\/dd><\/dl><dl class='gallery-item'>\n\t\t\t<dt class='gallery-icon landscape'>\n\t\t\t\t<a href='https:\/\/sinprofaz.org.br\/2024\/wp-content\/uploads\/2023\/07\/posse-da-presidente-4.jpg'><img loading=\"lazy\" decoding=\"async\" width=\"150\" height=\"150\" src=\"https:\/\/sinprofaz.org.br\/2024\/wp-content\/uploads\/2023\/07\/posse-da-presidente-4-150x150.jpg\" class=\"attachment-thumbnail size-thumbnail\" alt=\"\" aria-describedby=\"gallery-1-16399\" \/><\/a>\n\t\t\t<\/dt>\n\t\t\t\t<dd class='wp-caption-text gallery-caption' id='gallery-1-16399'>\n\t\t\t\tJorge Messias\n\t\t\t\t<\/dd><\/dl><br style=\"clear: both\" \/><dl class='gallery-item'>\n\t\t\t<dt class='gallery-icon landscape'>\n\t\t\t\t<a href='https:\/\/sinprofaz.org.br\/2024\/wp-content\/uploads\/2023\/07\/posse-da-presidente-5.jpg'><img loading=\"lazy\" decoding=\"async\" width=\"150\" height=\"150\" src=\"https:\/\/sinprofaz.org.br\/2024\/wp-content\/uploads\/2023\/07\/posse-da-presidente-5-150x150.jpg\" class=\"attachment-thumbnail size-thumbnail\" alt=\"\" aria-describedby=\"gallery-1-16400\" \/><\/a>\n\t\t\t<\/dt>\n\t\t\t\t<dd class='wp-caption-text gallery-caption' id='gallery-1-16400'>\n\t\t\t\tAnelize Ruas\n\t\t\t\t<\/dd><\/dl><dl class='gallery-item'>\n\t\t\t<dt class='gallery-icon landscape'>\n\t\t\t\t<a href='https:\/\/sinprofaz.org.br\/2024\/wp-content\/uploads\/2023\/07\/posse-da-presidente-6.jpg'><img loading=\"lazy\" decoding=\"async\" width=\"150\" height=\"150\" src=\"https:\/\/sinprofaz.org.br\/2024\/wp-content\/uploads\/2023\/07\/posse-da-presidente-6-150x150.jpg\" class=\"attachment-thumbnail size-thumbnail\" alt=\"\" aria-describedby=\"gallery-1-16401\" \/><\/a>\n\t\t\t<\/dt>\n\t\t\t\t<dd class='wp-caption-text gallery-caption' id='gallery-1-16401'>\n\t\t\t\tJos\u00e9 Levi Mello\n\t\t\t\t<\/dd><\/dl><dl class='gallery-item'>\n\t\t\t<dt class='gallery-icon landscape'>\n\t\t\t\t<a href='https:\/\/sinprofaz.org.br\/2024\/wp-content\/uploads\/2023\/07\/posse-da-presidente-7.jpg'><img loading=\"lazy\" decoding=\"async\" width=\"150\" height=\"150\" src=\"https:\/\/sinprofaz.org.br\/2024\/wp-content\/uploads\/2023\/07\/posse-da-presidente-7-150x150.jpg\" class=\"attachment-thumbnail size-thumbnail\" alt=\"\" aria-describedby=\"gallery-1-16402\" \/><\/a>\n\t\t\t<\/dt>\n\t\t\t\t<dd class='wp-caption-text gallery-caption' id='gallery-1-16402'>\n\t\t\t\tFabr\u00edcio Da Soller\n\t\t\t\t<\/dd><\/dl><br style=\"clear: both\" \/><dl class='gallery-item'>\n\t\t\t<dt class='gallery-icon landscape'>\n\t\t\t\t<a href='https:\/\/sinprofaz.org.br\/2024\/wp-content\/uploads\/2023\/07\/posse-da-presidente-8.jpg'><img loading=\"lazy\" decoding=\"async\" width=\"150\" height=\"150\" src=\"https:\/\/sinprofaz.org.br\/2024\/wp-content\/uploads\/2023\/07\/posse-da-presidente-8-150x150.jpg\" class=\"attachment-thumbnail size-thumbnail\" alt=\"\" aria-describedby=\"gallery-1-16403\" \/><\/a>\n\t\t\t<\/dt>\n\t\t\t\t<dd class='wp-caption-text gallery-caption' id='gallery-1-16403'>\n\t\t\t\tMaria Dionne de Ara\u00fajo\n\t\t\t\t<\/dd><\/dl><dl class='gallery-item'>\n\t\t\t<dt class='gallery-icon landscape'>\n\t\t\t\t<a href='https:\/\/sinprofaz.org.br\/2024\/wp-content\/uploads\/2023\/07\/posse-da-presidente-9.jpg'><img loading=\"lazy\" decoding=\"async\" width=\"150\" height=\"150\" src=\"https:\/\/sinprofaz.org.br\/2024\/wp-content\/uploads\/2023\/07\/posse-da-presidente-9-150x150.jpg\" class=\"attachment-thumbnail size-thumbnail\" alt=\"\" aria-describedby=\"gallery-1-16404\" \/><\/a>\n\t\t\t<\/dt>\n\t\t\t\t<dd class='wp-caption-text gallery-caption' id='gallery-1-16404'>\n\t\t\t\tLuciane Helena e Iolanda Guindani\n\t\t\t\t<\/dd><\/dl><dl class='gallery-item'>\n\t\t\t<dt class='gallery-icon landscape'>\n\t\t\t\t<a href='https:\/\/sinprofaz.org.br\/2024\/wp-content\/uploads\/2023\/07\/posse-da-presidente-10.jpg'><img loading=\"lazy\" decoding=\"async\" width=\"150\" height=\"150\" src=\"https:\/\/sinprofaz.org.br\/2024\/wp-content\/uploads\/2023\/07\/posse-da-presidente-10-150x150.jpg\" class=\"attachment-thumbnail size-thumbnail\" alt=\"\" aria-describedby=\"gallery-1-16405\" \/><\/a>\n\t\t\t<\/dt>\n\t\t\t\t<dd class='wp-caption-text gallery-caption' id='gallery-1-16405'>\n\t\t\t\tMesa de Honra\n\t\t\t\t<\/dd><\/dl><br style=\"clear: both\" \/>\n\t\t<\/div>\n\n","protected":false},"excerpt":{"rendered":"<p>A sede do Conselho Federal da Ordem dos Advogados do Brasil, em Bras\u00edlia\/DF, recebeu, na quinta-feira (6), a solenidade de posse da Diretoria 2023-2025 do SINPROFAZ. A cerim\u00f4nia foi prestigiada por autoridades da AGU e da PGFN.<\/p>\n","protected":false},"author":2,"featured_media":16396,"comment_status":"open","ping_status":"open","sticky":false,"template":"","format":"standard","meta":{"footnotes":""},"categories":[8],"tags":[],"featured_image_url":"https:\/\/sinprofaz.org.br\/2024\/wp-content\/uploads\/2023\/07\/posse-da-presidente-1.jpg","character_count":2469,"formatted_date":"10\/07\/2023 - 11:40","contentNovo":"A sede do Conselho Federal da Ordem dos Advogados do Brasil, em Bras\u00edlia\/DF, recebeu, na quinta-feira (6), a solenidade de posse da Diretoria 2023-2025 do SINPROFAZ. Na ocasi\u00e3o, compuseram a mesa de honra a presidente eleita, Iolanda Guindani; o ex-presidente e atual diretor, Achilles Frias; o advogado-geral da Uni\u00e3o, Jorge Messias; a procuradora-geral da Fazenda Nacional, Anelize Ruas; o secret\u00e1rio-geral da Presid\u00eancia do Tribunal Superior Eleitoral, Jos\u00e9 Levi Mello; o assessor-chefe da Assessoria Consultiva do Tribunal Superior Eleitoral, Fabr\u00edcio Da Soller; e a presidente da Comiss\u00e3o Nacional de Advocacia P\u00fablica do CFOAB, Maria Dionne de Ara\u00fajo.\r\n\r\nEm discurso de posse, Iolanda Guindani ressaltou o desejo dos PFNs de - seja na gest\u00e3o da d\u00edvida ativa da Uni\u00e3o, na consultoria ou na representa\u00e7\u00e3o judicial e extrajudicial - colocar, a servi\u00e7o do Brasil e dos brasileiros, os especializados conhecimentos que credenciaram os Membros da Carreira a integrar a Procuradoria da Fazenda Nacional. \"A PGFN encaminha-se definitivamente para novos tempos de qualidade e \u00eaxito e, nesse percurso, poder\u00e1 contar com o aux\u00edlio do SINPROFAZ. Assim, as servidoras e os servidores do quadro t\u00e9cnico ser\u00e3o muito bem-vindos \u00e0 Institui\u00e7\u00e3o, assim como os futuros Colegas aprovados no concurso p\u00fablico em andamento\", ressaltou a presidente.\r\n\r\nA cerim\u00f4nia foi oportunidade para que Achilles Frias proferisse o discurso de despedida da presid\u00eancia do Sindicato. Aos presentes, o l\u00edder sindical ressaltou a necessidade de \"depois de alguns mandatos \u00e0 frente do SINPROFAZ, me afastar e trilhar novos caminhos. Hoje, aqui estou sobretudo para agradecer a todos os diretores e parceiros pela constru\u00e7\u00e3o coletiva que se deu ao longo dessas gest\u00f5es. \u00c0 nossa nova presidente, querida amiga Iolanda Guindani, desejo todo o sucesso. Vida longa ao SINPROFAZ\"! Na ocasi\u00e3o da solenidade, Achilles Frias foi presenteado pela Diretoria com uma placa em agradecimento pela dedica\u00e7\u00e3o e pelos inestim\u00e1veis servi\u00e7os prestados \u00e0 Carreira.\r\n\r\n<strong>Mesa de honra<\/strong>\r\nA solenidade de posse foi prestigiada por filiadas, filiados e autoridades da Advocacia-Geral da Uni\u00e3o e da Procuradoria-Geral da Fazenda Nacional. Ao discursar para o p\u00fablico do evento, o associado Jorge Messias cumprimentou os ex-presidentes do Sindicato e desejou \u00e0 nova Diretoria uma gest\u00e3o de muitas vit\u00f3rias. \"Presidente Iolanda Guindani, a senhora tem hoje a oportunidade de presidir o Sindicato de uma Carreira extremamente qualificada, unida, que trabalha dia e noite em prol do pa\u00eds. Tenho certeza de que, sob sua lideran\u00e7a, o SINPROFAZ seguir\u00e1 contribuindo para a constru\u00e7\u00e3o de um Brasil mais justo\", afirmou o advogado-geral da Uni\u00e3o.\r\n\r\nAnelize Ruas tamb\u00e9m fez um cumprimento especial \u00e0 nova Diretoria. Segundo a chefe da PGFN, \"para al\u00e9m das dificuldades que enfrentamos como procuradoras, enfrentamos tamb\u00e9m a desigualdade de g\u00eanero e o desafio de estarmos inseridas em uma sociedade ainda machista e patriarcal. Por isso a felicidade de participar da posse dessa nova Diretoria, que tem \u00e0 frente uma mulher e \u00e9 composta por v\u00e1rias Colegas muito aguerridas\". No mesmo sentido, Fabr\u00edcio Da Soller ressaltou a import\u00e2ncia de celebrar a renova\u00e7\u00e3o: \"Cumprimento a Diretoria da \u00faltima gest\u00e3o e, na pessoa da presidente Iolanda Guindani, desejo aos novos diretores um per\u00edodo muito auspicioso \u00e0 frente do Sindicato\"!\r\n\r\nAo fazer uso da palavra, Jos\u00e9 Levi Mello felicitou os ex-presidentes do SINPROFAZ, que contribu\u00edram de forma decisiva para tantas vit\u00f3rias sindicais, e desejou \u00eaxito \u00e0 nova gestora: \"Conhe\u00e7o Iolanda Guindani desde antes de sermos PFNs e posso afirmar que ela foi sempre essa Colega do melhor trato. \u00c0 nossa nova presidente, fa\u00e7o votos de muito sucesso\". Maria Dionne de Ara\u00fajo deu destaque ao trabalho desempenhado h\u00e1 mais de trinta anos pelo SINPROFAZ. Na ocasi\u00e3o de sua fala, a representante do Conselho Federal da OAB agradeceu o Sindicato \"pela preocupa\u00e7\u00e3o com as prerrogativas da Carreira e, sobretudo, pela defesa do efetivo exerc\u00edcio do papel dos PFNs no pa\u00eds\".\r\n\r\n[gallery link=\"file\" ids=\"16397,16398,16399,16400,16401,16402,16403,16404,16405\"]","_links":{"self":[{"href":"https:\/\/sinprofaz.org.br\/2024\/wp-json\/wp\/v2\/posts\/16386"}],"collection":[{"href":"https:\/\/sinprofaz.org.br\/2024\/wp-json\/wp\/v2\/posts"}],"about":[{"href":"https:\/\/sinprofaz.org.br\/2024\/wp-json\/wp\/v2\/types\/post"}],"author":[{"embeddable":true,"href":"https:\/\/sinprofaz.org.br\/2024\/wp-json\/wp\/v2\/users\/2"}],"replies":[{"embeddable":true,"href":"https:\/\/sinprofaz.org.br\/2024\/wp-json\/wp\/v2\/comments?post=16386"}],"version-history":[{"count":3,"href":"https:\/\/sinprofaz.org.br\/2024\/wp-json\/wp\/v2\/posts\/16386\/revisions"}],"predecessor-version":[{"id":16417,"href":"https:\/\/sinprofaz.org.br\/2024\/wp-json\/wp\/v2\/posts\/16386\/revisions\/16417"}],"wp:featuredmedia":[{"embeddable":true,"href":"https:\/\/sinprofaz.org.br\/2024\/wp-json\/wp\/v2\/media\/16396"}],"wp:attachment":[{"href":"https:\/\/sinprofaz.org.br\/2024\/wp-json\/wp\/v2\/media?parent=16386"}],"wp:term":[{"taxonomy":"category","embeddable":true,"href":"https:\/\/sinprofaz.org.br\/2024\/wp-json\/wp\/v2\/categories?post=16386"},{"taxonomy":"post_tag","embeddable":true,"href":"https:\/\/sinprofaz.org.br\/2024\/wp-json\/wp\/v2\/tags?post=16386"}],"curies":[{"name":"wp","href":"https:\/\/api.w.org\/{rel}","templated":true}]}}