{"id":16374,"date":"2023-07-07T08:20:35","date_gmt":"2023-07-07T11:20:35","guid":{"rendered":"http:\/\/www.sinprofaz.org.br\/?p=16374"},"modified":"2023-07-10T11:55:31","modified_gmt":"2023-07-10T14:55:31","slug":"sinprofaz-comparece-a-xxi-congresso-de-direito-tributario-em-questao","status":"publish","type":"post","link":"https:\/\/sinprofaz.org.br\/2024\/noticias\/sinprofaz-comparece-a-xxi-congresso-de-direito-tributario-em-questao\/","title":{"rendered":"SINPROFAZ COMPARECE A XXI CONGRESSO DE DIREITO TRIBUT\u00c1RIO EM QUEST\u00c3O"},"content":{"rendered":"<p>O SINPROFAZ, representado pelo ent\u00e3o presidente Achilles Frias e pela presidente eleita Iolanda Guindani, compareceu ao XXI Congresso de Direito Tribut\u00e1rio em Quest\u00e3o. Realizado de 30 de junho a 2 de julho em Gramado\/RS, o evento promoveu debates sobre assuntos pertinentes \u00e0 Carreira, a exemplo da reforma tribut\u00e1ria, que foi tema da mesa para a qual Achilles Frias foi convidado.<\/p>\n<p>Realizado pela Funda\u00e7\u00e3o Escola Superior de Direito Tribut\u00e1rio &#8211; FESDT, o Congresso contou com a presen\u00e7a de dezenas de procuradoras e procuradores da Fazenda Nacional, dentre os quais as filiadas Denise Lucena, Lana Borges e Simone Anacleto e os filiados Jo\u00e3o Grognet e Rafael Degani. Al\u00e9m dos debates, o XXI Congresso de Direito Tribut\u00e1rio em Quest\u00e3o proporcionou o contato com Colegas do Rio Grande do Sul e a an\u00e1lise de quest\u00f5es particulares da PRFN 4\u00aa Regi\u00e3o.<\/p>\n\n\t\t<style type=\"text\/css\">\n\t\t\t#gallery-1 {\n\t\t\t\tmargin: auto;\n\t\t\t}\n\t\t\t#gallery-1 .gallery-item {\n\t\t\t\tfloat: left;\n\t\t\t\tmargin-top: 10px;\n\t\t\t\ttext-align: center;\n\t\t\t\twidth: 33%;\n\t\t\t}\n\t\t\t#gallery-1 img {\n\t\t\t\tborder: 2px solid #cfcfcf;\n\t\t\t}\n\t\t\t#gallery-1 .gallery-caption {\n\t\t\t\tmargin-left: 0;\n\t\t\t}\n\t\t\t\/* see gallery_shortcode() in wp-includes\/media.php *\/\n\t\t<\/style>\n\t\t<div id='gallery-1' class='gallery galleryid-16374 gallery-columns-3 gallery-size-thumbnail'><dl class='gallery-item'>\n\t\t\t<dt class='gallery-icon landscape'>\n\t\t\t\t<a href='https:\/\/sinprofaz.org.br\/2024\/wp-content\/uploads\/2023\/07\/XXI-congresso-de-direito-2.png'><img loading=\"lazy\" decoding=\"async\" width=\"150\" height=\"150\" src=\"https:\/\/sinprofaz.org.br\/2024\/wp-content\/uploads\/2023\/07\/XXI-congresso-de-direito-2-150x150.png\" class=\"attachment-thumbnail size-thumbnail\" alt=\"\" \/><\/a>\n\t\t\t<\/dt><\/dl>\n\t\t\t<br style='clear: both' \/>\n\t\t<\/div>\n\n","protected":false},"excerpt":{"rendered":"<p>O ent\u00e3o presidente Achilles Frias e a presidente eleita Iolanda Guindani compareceram ao XXI Congresso de Direito Tribut\u00e1rio em Quest\u00e3o. Realizado de 30 de junho a 2 de julho em Gramado\/RS, o evento promoveu debates sobre assuntos pertinentes \u00e0 Carreira.<\/p>\n","protected":false},"author":2,"featured_media":16375,"comment_status":"open","ping_status":"open","sticky":false,"template":"","format":"standard","meta":{"footnotes":""},"categories":[8],"tags":[32,29,25],"featured_image_url":"https:\/\/sinprofaz.org.br\/2024\/wp-content\/uploads\/2023\/07\/XXI-congresso-de-direito-1.png","character_count":613,"formatted_date":"07\/07\/2023 - 08:20","contentNovo":"O SINPROFAZ, representado pelo ent\u00e3o presidente Achilles Frias e pela presidente eleita Iolanda Guindani, compareceu ao XXI Congresso de Direito Tribut\u00e1rio em Quest\u00e3o. Realizado de 30 de junho a 2 de julho em Gramado\/RS, o evento promoveu debates sobre assuntos pertinentes \u00e0 Carreira, a exemplo da reforma tribut\u00e1ria, que foi tema da mesa para a qual Achilles Frias foi convidado.\r\n\r\nRealizado pela Funda\u00e7\u00e3o Escola Superior de Direito Tribut\u00e1rio - FESDT, o Congresso contou com a presen\u00e7a de dezenas de procuradoras e procuradores da Fazenda Nacional, dentre os quais as filiadas Denise Lucena, Lana Borges e Simone Anacleto e os filiados Jo\u00e3o Grognet e Rafael Degani. Al\u00e9m dos debates, o XXI Congresso de Direito Tribut\u00e1rio em Quest\u00e3o proporcionou o contato com Colegas do Rio Grande do Sul e a an\u00e1lise de quest\u00f5es particulares da PRFN 4\u00aa Regi\u00e3o.\r\n\r\n[gallery link=\"file\" ids=\"16376\"]","_links":{"self":[{"href":"https:\/\/sinprofaz.org.br\/2024\/wp-json\/wp\/v2\/posts\/16374"}],"collection":[{"href":"https:\/\/sinprofaz.org.br\/2024\/wp-json\/wp\/v2\/posts"}],"about":[{"href":"https:\/\/sinprofaz.org.br\/2024\/wp-json\/wp\/v2\/types\/post"}],"author":[{"embeddable":true,"href":"https:\/\/sinprofaz.org.br\/2024\/wp-json\/wp\/v2\/users\/2"}],"replies":[{"embeddable":true,"href":"https:\/\/sinprofaz.org.br\/2024\/wp-json\/wp\/v2\/comments?post=16374"}],"version-history":[{"count":2,"href":"https:\/\/sinprofaz.org.br\/2024\/wp-json\/wp\/v2\/posts\/16374\/revisions"}],"predecessor-version":[{"id":16407,"href":"https:\/\/sinprofaz.org.br\/2024\/wp-json\/wp\/v2\/posts\/16374\/revisions\/16407"}],"wp:featuredmedia":[{"embeddable":true,"href":"https:\/\/sinprofaz.org.br\/2024\/wp-json\/wp\/v2\/media\/16375"}],"wp:attachment":[{"href":"https:\/\/sinprofaz.org.br\/2024\/wp-json\/wp\/v2\/media?parent=16374"}],"wp:term":[{"taxonomy":"category","embeddable":true,"href":"https:\/\/sinprofaz.org.br\/2024\/wp-json\/wp\/v2\/categories?post=16374"},{"taxonomy":"post_tag","embeddable":true,"href":"https:\/\/sinprofaz.org.br\/2024\/wp-json\/wp\/v2\/tags?post=16374"}],"curies":[{"name":"wp","href":"https:\/\/api.w.org\/{rel}","templated":true}]}}