{"id":16358,"date":"2023-07-06T08:34:43","date_gmt":"2023-07-06T11:34:43","guid":{"rendered":"http:\/\/www.sinprofaz.org.br\/?p=16358"},"modified":"2023-07-07T10:28:06","modified_gmt":"2023-07-07T13:28:06","slug":"no-congresso-nacional-sinprofaz-luta-para-resguardar-as-competencias-da-carreira","status":"publish","type":"post","link":"https:\/\/sinprofaz.org.br\/2024\/noticias\/no-congresso-nacional-sinprofaz-luta-para-resguardar-as-competencias-da-carreira\/","title":{"rendered":"NO CONGRESSO, SINPROFAZ LUTA PARA RESGUARDAR AS COMPET\u00caNCIAS DA CARREIRA"},"content":{"rendered":"<p>O SINPROFAZ, representado pela presidente Iolanda Guindani e pelos diretores Achilles Frias e S\u00e9rgio Andrade, esteve na C\u00e2mara dos Deputados ao longo desta semana. Alinhada \u00e0s equipes de assessoria parlamentar da PGFN e da AGU, a atua\u00e7\u00e3o do Sindicato visou ao convencimento dos deputados federais a respeito da necessidade de supress\u00e3o do artigo 8\u00ba do PL do Carf (PL 2.384\/23). O artigo em quest\u00e3o trata da transa\u00e7\u00e3o tribut\u00e1ria.<\/p>\n<p>Entre os parlamentares visitados na ter\u00e7a-feira, estiveram Beto Pereira (PSDB\/MS), relator do projeto de lei, e Rui Falc\u00e3o (PT\/SP), presidente da Comiss\u00e3o de Constitui\u00e7\u00e3o e Justi\u00e7a e de Cidadania da C\u00e2mara. Na quarta-feira, foi a vez de os deputados Cabo Gilberto Silva (PL\/PB), Bohn Gass (PT\/RS) e Gerv\u00e1sio Maia (PSB\/PB) receberem o SINPROFAZ em seus gabinetes.<\/p>\n<p>Muitos filiados atenderam ao chamado do Sindicato e compareceram ao Congresso Nacional, onde intensificaram a press\u00e3o para que o PL 2.384\/23 e as eventuais emendas ao projeto n\u00e3o prejudiquem o trabalho desempenhado pela Carreira. Entre os presentes, estiveram procuradores-gerais adjuntos da Fazenda Nacional, ao lado dos quais o SINPROFAZ seguir\u00e1 atuando para resguardar as compet\u00eancias constitucionais dos PFNs.<\/p>\n\n\t\t<style type=\"text\/css\">\n\t\t\t#gallery-1 {\n\t\t\t\tmargin: auto;\n\t\t\t}\n\t\t\t#gallery-1 .gallery-item {\n\t\t\t\tfloat: left;\n\t\t\t\tmargin-top: 10px;\n\t\t\t\ttext-align: center;\n\t\t\t\twidth: 33%;\n\t\t\t}\n\t\t\t#gallery-1 img {\n\t\t\t\tborder: 2px solid #cfcfcf;\n\t\t\t}\n\t\t\t#gallery-1 .gallery-caption {\n\t\t\t\tmargin-left: 0;\n\t\t\t}\n\t\t\t\/* see gallery_shortcode() in wp-includes\/media.php *\/\n\t\t<\/style>\n\t\t<div id='gallery-1' class='gallery galleryid-16358 gallery-columns-3 gallery-size-thumbnail'><dl class='gallery-item'>\n\t\t\t<dt class='gallery-icon landscape'>\n\t\t\t\t<a href='https:\/\/sinprofaz.org.br\/2024\/wp-content\/uploads\/2023\/07\/PGFN-e-da-AGU-2.png'><img loading=\"lazy\" decoding=\"async\" width=\"150\" height=\"150\" src=\"https:\/\/sinprofaz.org.br\/2024\/wp-content\/uploads\/2023\/07\/PGFN-e-da-AGU-2-150x150.png\" class=\"attachment-thumbnail size-thumbnail\" alt=\"\" aria-describedby=\"gallery-1-16360\" \/><\/a>\n\t\t\t<\/dt>\n\t\t\t\t<dd class='wp-caption-text gallery-caption' id='gallery-1-16360'>\n\t\t\t\tEx-ministro Jo\u00e3o Roma e Iolanda Guindani\n\t\t\t\t<\/dd><\/dl><dl class='gallery-item'>\n\t\t\t<dt class='gallery-icon landscape'>\n\t\t\t\t<a href='https:\/\/sinprofaz.org.br\/2024\/wp-content\/uploads\/2023\/07\/PGFN-e-da-AGU-3.png'><img loading=\"lazy\" decoding=\"async\" width=\"150\" height=\"150\" src=\"https:\/\/sinprofaz.org.br\/2024\/wp-content\/uploads\/2023\/07\/PGFN-e-da-AGU-3-150x150.png\" class=\"attachment-thumbnail size-thumbnail\" alt=\"\" aria-describedby=\"gallery-1-16361\" \/><\/a>\n\t\t\t<\/dt>\n\t\t\t\t<dd class='wp-caption-text gallery-caption' id='gallery-1-16361'>\n\t\t\t\tBeto Pereira (PSDB\/MS) e dirigentes do SINPROFAZ\n\t\t\t\t<\/dd><\/dl><dl class='gallery-item'>\n\t\t\t<dt class='gallery-icon landscape'>\n\t\t\t\t<a href='https:\/\/sinprofaz.org.br\/2024\/wp-content\/uploads\/2023\/07\/PGFN-e-da-AGU-4.png'><img loading=\"lazy\" decoding=\"async\" width=\"150\" height=\"150\" src=\"https:\/\/sinprofaz.org.br\/2024\/wp-content\/uploads\/2023\/07\/PGFN-e-da-AGU-4-150x150.png\" class=\"attachment-thumbnail size-thumbnail\" alt=\"\" aria-describedby=\"gallery-1-16362\" \/><\/a>\n\t\t\t<\/dt>\n\t\t\t\t<dd class='wp-caption-text gallery-caption' id='gallery-1-16362'>\n\t\t\t\tBeto Pereira (PSDB\/MS) e Iolanda Guindani\n\t\t\t\t<\/dd><\/dl><br style=\"clear: both\" \/><dl class='gallery-item'>\n\t\t\t<dt class='gallery-icon landscape'>\n\t\t\t\t<a href='https:\/\/sinprofaz.org.br\/2024\/wp-content\/uploads\/2023\/07\/PGFN-e-da-AGU-5.png'><img loading=\"lazy\" decoding=\"async\" width=\"150\" height=\"150\" src=\"https:\/\/sinprofaz.org.br\/2024\/wp-content\/uploads\/2023\/07\/PGFN-e-da-AGU-5-150x150.png\" class=\"attachment-thumbnail size-thumbnail\" alt=\"\" aria-describedby=\"gallery-1-16363\" \/><\/a>\n\t\t\t<\/dt>\n\t\t\t\t<dd class='wp-caption-text gallery-caption' id='gallery-1-16363'>\n\t\t\t\tRui Falc\u00e3o (PT\/SP) e Iolanda Guindani\n\t\t\t\t<\/dd><\/dl><dl class='gallery-item'>\n\t\t\t<dt class='gallery-icon landscape'>\n\t\t\t\t<a href='https:\/\/sinprofaz.org.br\/2024\/wp-content\/uploads\/2023\/07\/PGFN-e-da-AGU-6.png'><img loading=\"lazy\" decoding=\"async\" width=\"150\" height=\"150\" src=\"https:\/\/sinprofaz.org.br\/2024\/wp-content\/uploads\/2023\/07\/PGFN-e-da-AGU-6-150x150.png\" class=\"attachment-thumbnail size-thumbnail\" alt=\"\" aria-describedby=\"gallery-1-16364\" \/><\/a>\n\t\t\t<\/dt>\n\t\t\t\t<dd class='wp-caption-text gallery-caption' id='gallery-1-16364'>\n\t\t\t\tPFNs se re\u00fanem com Bohn Gass (PT\/RS)\n\t\t\t\t<\/dd><\/dl><dl class='gallery-item'>\n\t\t\t<dt class='gallery-icon landscape'>\n\t\t\t\t<a href='https:\/\/sinprofaz.org.br\/2024\/wp-content\/uploads\/2023\/07\/PGFN-e-da-AGU-7.png'><img loading=\"lazy\" decoding=\"async\" width=\"150\" height=\"150\" src=\"https:\/\/sinprofaz.org.br\/2024\/wp-content\/uploads\/2023\/07\/PGFN-e-da-AGU-7-150x150.png\" class=\"attachment-thumbnail size-thumbnail\" alt=\"\" aria-describedby=\"gallery-1-16365\" \/><\/a>\n\t\t\t<\/dt>\n\t\t\t\t<dd class='wp-caption-text gallery-caption' id='gallery-1-16365'>\n\t\t\t\tGerv\u00e1sio Maia (PSB\/PB) recebe o SINPROFAZ \n\t\t\t\t<\/dd><\/dl><br style=\"clear: both\" \/><dl class='gallery-item'>\n\t\t\t<dt class='gallery-icon landscape'>\n\t\t\t\t<a href='https:\/\/sinprofaz.org.br\/2024\/wp-content\/uploads\/2023\/07\/PGFN-e-da-AGU-8.png'><img loading=\"lazy\" decoding=\"async\" width=\"150\" height=\"150\" src=\"https:\/\/sinprofaz.org.br\/2024\/wp-content\/uploads\/2023\/07\/PGFN-e-da-AGU-8-150x150.png\" class=\"attachment-thumbnail size-thumbnail\" alt=\"\" aria-describedby=\"gallery-1-16366\" \/><\/a>\n\t\t\t<\/dt>\n\t\t\t\t<dd class='wp-caption-text gallery-caption' id='gallery-1-16366'>\n\t\t\t\tPFNs no gabinete de Gerv\u00e1sio Maia (PSB\/PB)\n\t\t\t\t<\/dd><\/dl><dl class='gallery-item'>\n\t\t\t<dt class='gallery-icon landscape'>\n\t\t\t\t<a href='https:\/\/sinprofaz.org.br\/2024\/wp-content\/uploads\/2023\/07\/PGFN-e-da-AGU-9.png'><img loading=\"lazy\" decoding=\"async\" width=\"150\" height=\"150\" src=\"https:\/\/sinprofaz.org.br\/2024\/wp-content\/uploads\/2023\/07\/PGFN-e-da-AGU-9-150x150.png\" class=\"attachment-thumbnail size-thumbnail\" alt=\"\" aria-describedby=\"gallery-1-16367\" \/><\/a>\n\t\t\t<\/dt>\n\t\t\t\t<dd class='wp-caption-text gallery-caption' id='gallery-1-16367'>\n\t\t\t\tS\u00e9rgio Andrade e Iolanda Guindani\n\t\t\t\t<\/dd><\/dl><dl class='gallery-item'>\n\t\t\t<dt class='gallery-icon landscape'>\n\t\t\t\t<a href='https:\/\/sinprofaz.org.br\/2024\/wp-content\/uploads\/2023\/07\/PGFN-e-da-AGU-10.png'><img loading=\"lazy\" decoding=\"async\" width=\"150\" height=\"150\" src=\"https:\/\/sinprofaz.org.br\/2024\/wp-content\/uploads\/2023\/07\/PGFN-e-da-AGU-10-150x150.png\" class=\"attachment-thumbnail size-thumbnail\" alt=\"\" aria-describedby=\"gallery-1-16368\" \/><\/a>\n\t\t\t<\/dt>\n\t\t\t\t<dd class='wp-caption-text gallery-caption' id='gallery-1-16368'>\n\t\t\t\tBeto Pereira (PSDB\/MS) e advogados p\u00fablicos federais\n\t\t\t\t<\/dd><\/dl><br style=\"clear: both\" \/>\n\t\t<\/div>\n\n","protected":false},"excerpt":{"rendered":"<p>Alinhada \u00e0s equipes de assessoria parlamentar da PGFN e da AGU, a atua\u00e7\u00e3o do Sindicato visou ao convencimento dos deputados federais a respeito da necessidade de supress\u00e3o do artigo 8\u00ba do PL do Carf (PL 2.384\/23). O artigo trata da transa\u00e7\u00e3o tribut\u00e1ria.<\/p>\n","protected":false},"author":2,"featured_media":16359,"comment_status":"open","ping_status":"open","sticky":false,"template":"","format":"standard","meta":{"footnotes":""},"categories":[8],"tags":[48,32,25],"featured_image_url":"https:\/\/sinprofaz.org.br\/2024\/wp-content\/uploads\/2023\/07\/PGFN-e-da-AGU-1.png","character_count":1099,"formatted_date":"06\/07\/2023 - 08:34","contentNovo":"O SINPROFAZ, representado pela presidente Iolanda Guindani e pelos diretores Achilles Frias e S\u00e9rgio Andrade, esteve na C\u00e2mara dos Deputados ao longo desta semana. Alinhada \u00e0s equipes de assessoria parlamentar da PGFN e da AGU, a atua\u00e7\u00e3o do Sindicato visou ao convencimento dos deputados federais a respeito da necessidade de supress\u00e3o do artigo 8\u00ba do PL do Carf (PL 2.384\/23). O artigo em quest\u00e3o trata da transa\u00e7\u00e3o tribut\u00e1ria.\r\n\r\nEntre os parlamentares visitados na ter\u00e7a-feira, estiveram Beto Pereira (PSDB\/MS), relator do projeto de lei, e Rui Falc\u00e3o (PT\/SP), presidente da Comiss\u00e3o de Constitui\u00e7\u00e3o e Justi\u00e7a e de Cidadania da C\u00e2mara. Na quarta-feira, foi a vez de os deputados Cabo Gilberto Silva (PL\/PB), Bohn Gass (PT\/RS) e Gerv\u00e1sio Maia (PSB\/PB) receberem o SINPROFAZ em seus gabinetes.\r\n\r\nMuitos filiados atenderam ao chamado do Sindicato e compareceram ao Congresso Nacional, onde intensificaram a press\u00e3o para que o PL 2.384\/23 e as eventuais emendas ao projeto n\u00e3o prejudiquem o trabalho desempenhado pela Carreira. Entre os presentes, estiveram procuradores-gerais adjuntos da Fazenda Nacional, ao lado dos quais o SINPROFAZ seguir\u00e1 atuando para resguardar as compet\u00eancias constitucionais dos PFNs.\r\n\r\n[gallery link=\"file\" ids=\"16360,16361,16362,16363,16364,16365,16366,16367,16368\"]","_links":{"self":[{"href":"https:\/\/sinprofaz.org.br\/2024\/wp-json\/wp\/v2\/posts\/16358"}],"collection":[{"href":"https:\/\/sinprofaz.org.br\/2024\/wp-json\/wp\/v2\/posts"}],"about":[{"href":"https:\/\/sinprofaz.org.br\/2024\/wp-json\/wp\/v2\/types\/post"}],"author":[{"embeddable":true,"href":"https:\/\/sinprofaz.org.br\/2024\/wp-json\/wp\/v2\/users\/2"}],"replies":[{"embeddable":true,"href":"https:\/\/sinprofaz.org.br\/2024\/wp-json\/wp\/v2\/comments?post=16358"}],"version-history":[{"count":3,"href":"https:\/\/sinprofaz.org.br\/2024\/wp-json\/wp\/v2\/posts\/16358\/revisions"}],"predecessor-version":[{"id":16378,"href":"https:\/\/sinprofaz.org.br\/2024\/wp-json\/wp\/v2\/posts\/16358\/revisions\/16378"}],"wp:featuredmedia":[{"embeddable":true,"href":"https:\/\/sinprofaz.org.br\/2024\/wp-json\/wp\/v2\/media\/16359"}],"wp:attachment":[{"href":"https:\/\/sinprofaz.org.br\/2024\/wp-json\/wp\/v2\/media?parent=16358"}],"wp:term":[{"taxonomy":"category","embeddable":true,"href":"https:\/\/sinprofaz.org.br\/2024\/wp-json\/wp\/v2\/categories?post=16358"},{"taxonomy":"post_tag","embeddable":true,"href":"https:\/\/sinprofaz.org.br\/2024\/wp-json\/wp\/v2\/tags?post=16358"}],"curies":[{"name":"wp","href":"https:\/\/api.w.org\/{rel}","templated":true}]}}