{"id":16346,"date":"2023-07-04T08:24:59","date_gmt":"2023-07-04T11:24:59","guid":{"rendered":"http:\/\/www.sinprofaz.org.br\/?p=16346"},"modified":"2023-07-05T13:34:34","modified_gmt":"2023-07-05T16:34:34","slug":"21o-encontro-pacotes-podem-ser-parcelados-em-ate-8x-sem-juros-aproveite","status":"publish","type":"post","link":"https:\/\/sinprofaz.org.br\/2024\/noticias\/21o-encontro-pacotes-podem-ser-parcelados-em-ate-8x-sem-juros-aproveite\/","title":{"rendered":"21\u00ba ENCONTRO: PACOTES PODEM SER PARCELADOS EM AT\u00c9 8X SEM JUROS. APROVEITE!"},"content":{"rendered":"<p>Filiadas e Filiados j\u00e1 registraram na agenda: o 21\u00ba Encontro do SINPROFAZ ocorre de 30 de novembro a 3 de dezembro de 2023, no Club Med Rio das Pedras, no sul fluminense. Para aquelas e aqueles que ainda n\u00e3o garantiram a participa\u00e7\u00e3o, o Sindicato oferece a facilidade do parcelamento dos pagamentos. Confira!<\/p>\n<p><strong>Forma de pagamento<\/strong><br \/>\nPara realizar a reserva de um quarto no resort, os PFNs devem contatar a Ambiental Turismo pelo telefone (11) 3818-4600. A ag\u00eancia possibilita que o pagamento da hospedagem seja parcelado em at\u00e9 oito (8) vezes sem juros, desde que a compra seja realizada at\u00e9 o dia 30 de julho. Ap\u00f3s essa data, caso ainda existam apartamentos dispon\u00edveis, a quantidade de parcelas poss\u00edveis ser\u00e1 reduzida.<\/p>\n<p>A Ambiental Turismo informa, ainda, que a reserva somente ser\u00e1 confirmada depois que os documentos e o pagamento forem recebidos pela ag\u00eancia. N\u00e3o h\u00e1 a possibilidade de reservas para aquisi\u00e7\u00e3o posterior de pacotes. Para mais informa\u00e7\u00f5es sobre o 21\u00ba Encontro do SINPROFAZ, a Carreira deve acessar o regulamento do evento: <a href=\"http:\/\/bit.ly\/Edital21Encontro\">bit.ly\/Edital21Encontro<\/a>. Garanta sua presen\u00e7a!<\/p>\n","protected":false},"excerpt":{"rendered":"<p>O 21\u00ba Encontro do SINPROFAZ ocorre de 30 de novembro a 3 de dezembro de 2023, no Club Med Rio das Pedras, no sul fluminense. Para aquelas e aqueles que ainda n\u00e3o garantiram a participa\u00e7\u00e3o, o Sindicato oferece a facilidade do parcelamento dos pagamentos. Acesse e saiba mais!<\/p>\n","protected":false},"author":2,"featured_media":16028,"comment_status":"open","ping_status":"open","sticky":false,"template":"","format":"standard","meta":{"footnotes":""},"categories":[8],"tags":[32,62,146,25],"featured_image_url":"https:\/\/sinprofaz.org.br\/2024\/wp-content\/uploads\/2023\/04\/21-encontro-.jpg","character_count":554,"formatted_date":"04\/07\/2023 - 08:24","contentNovo":"Filiadas e Filiados j\u00e1 registraram na agenda: o 21\u00ba Encontro do SINPROFAZ ocorre de 30 de novembro a 3 de dezembro de 2023, no Club Med Rio das Pedras, no sul fluminense. Para aquelas e aqueles que ainda n\u00e3o garantiram a participa\u00e7\u00e3o, o Sindicato oferece a facilidade do parcelamento dos pagamentos. Confira!\r\n\r\n<strong>Forma de pagamento<\/strong>\r\nPara realizar a reserva de um quarto no resort, os PFNs devem contatar a Ambiental Turismo pelo telefone (11) 3818-4600. A ag\u00eancia possibilita que o pagamento da hospedagem seja parcelado em at\u00e9 oito (8) vezes sem juros, desde que a compra seja realizada at\u00e9 o dia 30 de julho. Ap\u00f3s essa data, caso ainda existam apartamentos dispon\u00edveis, a quantidade de parcelas poss\u00edveis ser\u00e1 reduzida.\r\n\r\nA Ambiental Turismo informa, ainda, que a reserva somente ser\u00e1 confirmada depois que os documentos e o pagamento forem recebidos pela ag\u00eancia. N\u00e3o h\u00e1 a possibilidade de reservas para aquisi\u00e7\u00e3o posterior de pacotes. Para mais informa\u00e7\u00f5es sobre o 21\u00ba Encontro do SINPROFAZ, a Carreira deve acessar o regulamento do evento: <a href=\"http:\/\/bit.ly\/Edital21Encontro\">bit.ly\/Edital21Encontro<\/a>. Garanta sua presen\u00e7a!","_links":{"self":[{"href":"https:\/\/sinprofaz.org.br\/2024\/wp-json\/wp\/v2\/posts\/16346"}],"collection":[{"href":"https:\/\/sinprofaz.org.br\/2024\/wp-json\/wp\/v2\/posts"}],"about":[{"href":"https:\/\/sinprofaz.org.br\/2024\/wp-json\/wp\/v2\/types\/post"}],"author":[{"embeddable":true,"href":"https:\/\/sinprofaz.org.br\/2024\/wp-json\/wp\/v2\/users\/2"}],"replies":[{"embeddable":true,"href":"https:\/\/sinprofaz.org.br\/2024\/wp-json\/wp\/v2\/comments?post=16346"}],"version-history":[{"count":2,"href":"https:\/\/sinprofaz.org.br\/2024\/wp-json\/wp\/v2\/posts\/16346\/revisions"}],"predecessor-version":[{"id":16352,"href":"https:\/\/sinprofaz.org.br\/2024\/wp-json\/wp\/v2\/posts\/16346\/revisions\/16352"}],"wp:featuredmedia":[{"embeddable":true,"href":"https:\/\/sinprofaz.org.br\/2024\/wp-json\/wp\/v2\/media\/16028"}],"wp:attachment":[{"href":"https:\/\/sinprofaz.org.br\/2024\/wp-json\/wp\/v2\/media?parent=16346"}],"wp:term":[{"taxonomy":"category","embeddable":true,"href":"https:\/\/sinprofaz.org.br\/2024\/wp-json\/wp\/v2\/categories?post=16346"},{"taxonomy":"post_tag","embeddable":true,"href":"https:\/\/sinprofaz.org.br\/2024\/wp-json\/wp\/v2\/tags?post=16346"}],"curies":[{"name":"wp","href":"https:\/\/api.w.org\/{rel}","templated":true}]}}