{"id":16343,"date":"2023-06-29T08:18:31","date_gmt":"2023-06-29T11:18:31","guid":{"rendered":"http:\/\/www.sinprofaz.org.br\/?p=16343"},"modified":"2023-07-04T08:48:17","modified_gmt":"2023-07-04T11:48:17","slug":"nova-diretoria-do-sinprofaz-toma-posse-em-solenidade-no-dia-6-de-julho","status":"publish","type":"post","link":"https:\/\/sinprofaz.org.br\/2024\/noticias\/nova-diretoria-do-sinprofaz-toma-posse-em-solenidade-no-dia-6-de-julho\/","title":{"rendered":"NOVA DIRETORIA DO SINPROFAZ TOMA POSSE EM SOLENIDADE NO DIA 6 DE JULHO"},"content":{"rendered":"<p>O Sindicato Nacional dos Procuradores da Fazenda Nacional tem a honra de apresentar, \u00e0 Carreira, os Membros da Diretoria eleita para o Bi\u00eanio 2023-2025. A cerim\u00f4nia de posse dos novos dirigentes sindicais ocorrer\u00e1 na pr\u00f3xima quinta-feira, 6 de julho, \u00e0s 18h, na Plen\u00e1ria do Conselho Federal da Ordem dos Advogados do Brasil, em Bras\u00edlia\/DF. Ap\u00f3s a solenidade, as novas diretoras e os novos diretores receber\u00e3o os cumprimentos dos Colegas presentes.<\/p>\n<p><strong>Conhe\u00e7a a Diretoria do Bi\u00eanio 2023-2025:<\/strong><br \/>\n<strong>Presidente:<\/strong> Iolanda Guindani (PFN\/RS)<br \/>\n<strong>Vice-Presidente:<\/strong> Ricardo de Lima Souza Queiroz (PFN\/BA)<br \/>\n<strong>Diretora Secret\u00e1ria:<\/strong> Luciane Helena L\u00facio de Abreu (PFN\/PR)<br \/>\n<strong>Diretor Administrativo:<\/strong> Achilles Linhares de Campos Frias (PFN\/SC)<br \/>\n<strong>Diretora de Rela\u00e7\u00f5es Intersindicais:<\/strong> Michelle Cavalcante Rodrigues da Cunha (PFN\/GO)<br \/>\n<strong>Diretor de Assuntos Profissionais e Estudos T\u00e9cnicos:<\/strong> Guilherme Rossini Martins (PFN\/SP)<br \/>\n<strong>Diretora de Assuntos Parlamentares:<\/strong> Renata Valle de Vasconcellos (PFN\/RS)<br \/>\n<strong>Diretor Jur\u00eddico:<\/strong> Roberto Rodrigues de Oliveira (PFN\/GO)<br \/>\n<strong>Diretora de Comunica\u00e7\u00e3o Social:<\/strong> Ana Cristina Rodrigues Guimar\u00e3es (PFN\/SC)<br \/>\n<strong>Diretor de Assuntos Relativos aos Aposentados e Servi\u00e7os Assistenciais:<\/strong> S\u00e9rgio Lu\u00eds de Souza Carneiro (PFN\/RJ)<br \/>\n<strong>Diretora Cultural e de Eventos:<\/strong> Ju\u00e7ara Valadares Lopes Faria (PFN\/MG)<br \/>\n<strong>Diretor Suplente:<\/strong> Juscelino de Melo Ferreira (PFN\/PE)<br \/>\n<strong>Diretor Suplente:<\/strong> Giuliano Menezes Campos (PFN\/CE)<br \/>\n<strong>Diretor Suplente:<\/strong> Paulo Mariano Alves de Vasconcelos (PFN\/PE)<br \/>\n<strong>Diretor Suplente:<\/strong> Sergio Andrade de Carvalho Filho (PFN\/MT)<\/p>\n","protected":false},"excerpt":{"rendered":"<p>O SINPROFAZ tem a honra de apresentar, \u00e0 Carreira, os Membros da Diretoria eleita para o Bi\u00eanio 2023-2025. A cerim\u00f4nia de posse dos novos dirigentes sindicais ocorrer\u00e1 na pr\u00f3xima quinta-feira, 6 de julho, \u00e0s 18h, na Plen\u00e1ria do Conselho Federal da OAB, em Bras\u00edlia\/DF.<\/p>\n","protected":false},"author":2,"featured_media":16223,"comment_status":"open","ping_status":"open","sticky":false,"template":"","format":"standard","meta":{"footnotes":""},"categories":[8],"tags":[32,27,146,25],"featured_image_url":"https:\/\/sinprofaz.org.br\/2024\/wp-content\/uploads\/2023\/05\/logo-marca-sinprofaz.jpg","character_count":762,"formatted_date":"29\/06\/2023 - 08:18","contentNovo":"O Sindicato Nacional dos Procuradores da Fazenda Nacional tem a honra de apresentar, \u00e0 Carreira, os Membros da Diretoria eleita para o Bi\u00eanio 2023-2025. A cerim\u00f4nia de posse dos novos dirigentes sindicais ocorrer\u00e1 na pr\u00f3xima quinta-feira, 6 de julho, \u00e0s 18h, na Plen\u00e1ria do Conselho Federal da Ordem dos Advogados do Brasil, em Bras\u00edlia\/DF. Ap\u00f3s a solenidade, as novas diretoras e os novos diretores receber\u00e3o os cumprimentos dos Colegas presentes.\r\n\r\n<strong>Conhe\u00e7a a Diretoria do Bi\u00eanio 2023-2025:<\/strong>\r\n<strong>Presidente:<\/strong> Iolanda Guindani (PFN\/RS)\r\n<strong>Vice-Presidente:<\/strong> Ricardo de Lima Souza Queiroz (PFN\/BA)\r\n<strong>Diretora Secret\u00e1ria:<\/strong> Luciane Helena L\u00facio de Abreu (PFN\/PR)\r\n<strong>Diretor Administrativo:<\/strong> Achilles Linhares de Campos Frias (PFN\/SC)\r\n<strong>Diretora de Rela\u00e7\u00f5es Intersindicais:<\/strong> Michelle Cavalcante Rodrigues da Cunha (PFN\/GO)\r\n<strong>Diretor de Assuntos Profissionais e Estudos T\u00e9cnicos:<\/strong> Guilherme Rossini Martins (PFN\/SP)\r\n<strong>Diretora de Assuntos Parlamentares:<\/strong> Renata Valle de Vasconcellos (PFN\/RS)\r\n<strong>Diretor Jur\u00eddico:<\/strong> Roberto Rodrigues de Oliveira (PFN\/GO)\r\n<strong>Diretora de Comunica\u00e7\u00e3o Social:<\/strong> Ana Cristina Rodrigues Guimar\u00e3es (PFN\/SC)\r\n<strong>Diretor de Assuntos Relativos aos Aposentados e Servi\u00e7os Assistenciais:<\/strong> S\u00e9rgio Lu\u00eds de Souza Carneiro (PFN\/RJ)\r\n<strong>Diretora Cultural e de Eventos:<\/strong> Ju\u00e7ara Valadares Lopes Faria (PFN\/MG)\r\n<strong>Diretor Suplente:<\/strong> Juscelino de Melo Ferreira (PFN\/PE)\r\n<strong>Diretor Suplente:<\/strong> Giuliano Menezes Campos (PFN\/CE)\r\n<strong>Diretor Suplente:<\/strong> Paulo Mariano Alves de Vasconcelos (PFN\/PE)\r\n<strong>Diretor Suplente:<\/strong> Sergio Andrade de Carvalho Filho (PFN\/MT)","_links":{"self":[{"href":"https:\/\/sinprofaz.org.br\/2024\/wp-json\/wp\/v2\/posts\/16343"}],"collection":[{"href":"https:\/\/sinprofaz.org.br\/2024\/wp-json\/wp\/v2\/posts"}],"about":[{"href":"https:\/\/sinprofaz.org.br\/2024\/wp-json\/wp\/v2\/types\/post"}],"author":[{"embeddable":true,"href":"https:\/\/sinprofaz.org.br\/2024\/wp-json\/wp\/v2\/users\/2"}],"replies":[{"embeddable":true,"href":"https:\/\/sinprofaz.org.br\/2024\/wp-json\/wp\/v2\/comments?post=16343"}],"version-history":[{"count":2,"href":"https:\/\/sinprofaz.org.br\/2024\/wp-json\/wp\/v2\/posts\/16343\/revisions"}],"predecessor-version":[{"id":16348,"href":"https:\/\/sinprofaz.org.br\/2024\/wp-json\/wp\/v2\/posts\/16343\/revisions\/16348"}],"wp:featuredmedia":[{"embeddable":true,"href":"https:\/\/sinprofaz.org.br\/2024\/wp-json\/wp\/v2\/media\/16223"}],"wp:attachment":[{"href":"https:\/\/sinprofaz.org.br\/2024\/wp-json\/wp\/v2\/media?parent=16343"}],"wp:term":[{"taxonomy":"category","embeddable":true,"href":"https:\/\/sinprofaz.org.br\/2024\/wp-json\/wp\/v2\/categories?post=16343"},{"taxonomy":"post_tag","embeddable":true,"href":"https:\/\/sinprofaz.org.br\/2024\/wp-json\/wp\/v2\/tags?post=16343"}],"curies":[{"name":"wp","href":"https:\/\/api.w.org\/{rel}","templated":true}]}}