{"id":16340,"date":"2023-06-28T08:21:27","date_gmt":"2023-06-28T11:21:27","guid":{"rendered":"http:\/\/www.sinprofaz.org.br\/?p=16340"},"modified":"2023-06-29T09:48:35","modified_gmt":"2023-06-29T12:48:35","slug":"pfn-inscreva-se-no-21o-encontro-do-sinprofaz-e-garanta-seu-subsidio","status":"publish","type":"post","link":"https:\/\/sinprofaz.org.br\/2024\/noticias\/pfn-inscreva-se-no-21o-encontro-do-sinprofaz-e-garanta-seu-subsidio\/","title":{"rendered":"PFN, INSCREVA-SE NO 21\u00ba ENCONTRO DO SINPROFAZ E GARANTA SEU SUBS\u00cdDIO"},"content":{"rendered":"<p>A Carreira tem um reencontro marcado em 2023: procuradoras e procuradores da Fazenda Nacional estar\u00e3o reunidos de 30 de novembro a 3 de dezembro, no Club Med Rio das Pedras, no sul fluminense. Assim como nas edi\u00e7\u00f5es anteriores do evento, o SINPROFAZ oferecer\u00e1 subs\u00eddios para filiadas e filiados inscritos. Garanta agora a sua participa\u00e7\u00e3o!<\/p>\n<p>As inscri\u00e7\u00f5es devem ser realizadas perante a ag\u00eancia Ambiental Turismo pelo telefone (11) 3818-4600. No contato com a ag\u00eancia, os PFNs devem informar que desejam aderir ao pacote do 21\u00ba Encontro do SINPROFAZ. Todos os Colegas inscritos que preencherem os requisitos ser\u00e3o beneficiados com o subs\u00eddio de R$ 1.200,00.<\/p>\n<p><strong>Saiba mais<\/strong><br \/>\nPara garantir o subs\u00eddio, procuradoras e procuradores da Fazenda Nacional dever\u00e3o estar filiados h\u00e1, pelo menos, seis meses na data do evento (com os devidos recolhimentos mensais). O benef\u00edcio ser\u00e1 depositado em conta corrente ap\u00f3s a realiza\u00e7\u00e3o do Encontro, mas somente para aquelas e aqueles que comparecerem a todas as palestras.<\/p>\n<p>O Edital com as informa\u00e7\u00f5es sobre o evento est\u00e1 dispon\u00edvel em: <a href=\"http:\/\/bit.ly\/Edital21Encontro\">bit.ly\/Edital21Encontro<\/a>.<br \/>\nAcesse, tire suas d\u00favidas e realize j\u00e1 sua inscri\u00e7\u00e3o!<\/p>\n","protected":false},"excerpt":{"rendered":"<p>A Carreira tem um reencontro em 2023: os procuradores da Fazenda Nacional estar\u00e3o reunidos de 30 de novembro a 3 de dezembro, no Club Med Rio das Pedras, no sul fluminense. Assim como nas edi\u00e7\u00f5es anteriores do evento, o SINPROFAZ oferecer\u00e1 subs\u00eddios para filiadas e filiados inscritos.<\/p>\n","protected":false},"author":2,"featured_media":16028,"comment_status":"open","ping_status":"open","sticky":false,"template":"","format":"standard","meta":{"footnotes":""},"categories":[8],"tags":[32,62,146,25],"featured_image_url":"https:\/\/sinprofaz.org.br\/2024\/wp-content\/uploads\/2023\/04\/21-encontro-.jpg","character_count":586,"formatted_date":"28\/06\/2023 - 08:21","contentNovo":"A Carreira tem um reencontro marcado em 2023: procuradoras e procuradores da Fazenda Nacional estar\u00e3o reunidos de 30 de novembro a 3 de dezembro, no Club Med Rio das Pedras, no sul fluminense. Assim como nas edi\u00e7\u00f5es anteriores do evento, o SINPROFAZ oferecer\u00e1 subs\u00eddios para filiadas e filiados inscritos. Garanta agora a sua participa\u00e7\u00e3o!\r\n\r\nAs inscri\u00e7\u00f5es devem ser realizadas perante a ag\u00eancia Ambiental Turismo pelo telefone (11) 3818-4600. No contato com a ag\u00eancia, os PFNs devem informar que desejam aderir ao pacote do 21\u00ba Encontro do SINPROFAZ. Todos os Colegas inscritos que preencherem os requisitos ser\u00e3o beneficiados com o subs\u00eddio de R$ 1.200,00.\r\n\r\n<strong>Saiba mais<\/strong>\r\nPara garantir o subs\u00eddio, procuradoras e procuradores da Fazenda Nacional dever\u00e3o estar filiados h\u00e1, pelo menos, seis meses na data do evento (com os devidos recolhimentos mensais). O benef\u00edcio ser\u00e1 depositado em conta corrente ap\u00f3s a realiza\u00e7\u00e3o do Encontro, mas somente para aquelas e aqueles que comparecerem a todas as palestras.\r\n\r\nO Edital com as informa\u00e7\u00f5es sobre o evento est\u00e1 dispon\u00edvel em: <a href=\"http:\/\/bit.ly\/Edital21Encontro\">bit.ly\/Edital21Encontro<\/a>.\r\nAcesse, tire suas d\u00favidas e realize j\u00e1 sua inscri\u00e7\u00e3o!","_links":{"self":[{"href":"https:\/\/sinprofaz.org.br\/2024\/wp-json\/wp\/v2\/posts\/16340"}],"collection":[{"href":"https:\/\/sinprofaz.org.br\/2024\/wp-json\/wp\/v2\/posts"}],"about":[{"href":"https:\/\/sinprofaz.org.br\/2024\/wp-json\/wp\/v2\/types\/post"}],"author":[{"embeddable":true,"href":"https:\/\/sinprofaz.org.br\/2024\/wp-json\/wp\/v2\/users\/2"}],"replies":[{"embeddable":true,"href":"https:\/\/sinprofaz.org.br\/2024\/wp-json\/wp\/v2\/comments?post=16340"}],"version-history":[{"count":2,"href":"https:\/\/sinprofaz.org.br\/2024\/wp-json\/wp\/v2\/posts\/16340\/revisions"}],"predecessor-version":[{"id":16345,"href":"https:\/\/sinprofaz.org.br\/2024\/wp-json\/wp\/v2\/posts\/16340\/revisions\/16345"}],"wp:featuredmedia":[{"embeddable":true,"href":"https:\/\/sinprofaz.org.br\/2024\/wp-json\/wp\/v2\/media\/16028"}],"wp:attachment":[{"href":"https:\/\/sinprofaz.org.br\/2024\/wp-json\/wp\/v2\/media?parent=16340"}],"wp:term":[{"taxonomy":"category","embeddable":true,"href":"https:\/\/sinprofaz.org.br\/2024\/wp-json\/wp\/v2\/categories?post=16340"},{"taxonomy":"post_tag","embeddable":true,"href":"https:\/\/sinprofaz.org.br\/2024\/wp-json\/wp\/v2\/tags?post=16340"}],"curies":[{"name":"wp","href":"https:\/\/api.w.org\/{rel}","templated":true}]}}