{"id":16334,"date":"2023-06-27T08:16:06","date_gmt":"2023-06-27T11:16:06","guid":{"rendered":"http:\/\/www.sinprofaz.org.br\/?p=16334"},"modified":"2023-06-28T09:27:20","modified_gmt":"2023-06-28T12:27:20","slug":"diretoria-do-sinprofaz-atua-para-garantir-os-direitos-da-carreira","status":"publish","type":"post","link":"https:\/\/sinprofaz.org.br\/2024\/noticias\/diretoria-do-sinprofaz-atua-para-garantir-os-direitos-da-carreira\/","title":{"rendered":"DIRETORIA DO SINPROFAZ ATUA PARA GARANTIR OS DIREITOS DA CARREIRA"},"content":{"rendered":"<p>O SINPROFAZ, representado pelo presidente Achilles Frias e pelos diretores Giuliano Menezes e Roberto Rodrigues, esteve reunido na ter\u00e7a-feira (20) com o advogado Hugo Plutarco, s\u00f3cio do escrit\u00f3rio que patrocina a maior parte das a\u00e7\u00f5es judiciais do Sindicato. O encontro ocorreu na sede do escrit\u00f3rio, em Bras\u00edlia\/DF.<\/p>\n<p>Na ocasi\u00e3o, os presentes discutiram detalhes do andamento de processos jur\u00eddicos acompanhados pela Mendes Plutarco Advocacia e Consultoria. A fase de cumprimento de senten\u00e7a coletivo da a\u00e7\u00e3o n\u00b0 0027138-49.2006.4.01.3400, relativa ao pagamento dos valores referentes \u00e0 contribui\u00e7\u00e3o previdenci\u00e1ria sobre o ter\u00e7o de f\u00e9rias, teve destaque ao longo da reuni\u00e3o.<\/p>\n<p><strong>Sobre a a\u00e7\u00e3o<\/strong><br \/>\nA referida a\u00e7\u00e3o alberga o per\u00edodo de 5 de setembro de 2001 a 31 de mar\u00e7o de 2012, quando cessou a cobran\u00e7a indevida, em decorr\u00eancia da entrada em vigor da MP 556\/2012, que excluiu o ter\u00e7o de f\u00e9rias da base de c\u00e1lculo da contribui\u00e7\u00e3o previdenci\u00e1ria, produzindo efeitos a partir de abril de 2012.<\/p>\n<p>Ap\u00f3s intensos esfor\u00e7os por parte da equipe de advogados, foi poss\u00edvel a celebra\u00e7\u00e3o de acordo com a Uni\u00e3o para que fosse abreviada a fase de execu\u00e7\u00e3o coletiva com o pagamento dos valores homologados e sem qualquer perda para os PFNs.<\/p>\n<p>Todavia, caso filiadas e filiados j\u00e1 tenham recebido os valores ou j\u00e1 estejam executando a verba correspondente ao per\u00edodo indicado, o SINPROFAZ solicita que encaminhe e-mail para o <a href=\"mailto:falecomjuridico@sinprofaz.org.br\">falecomjuridico@sinprofaz.org.br<\/a>. \u00c0 mensagem, deve ser anexado o seguinte termo de autoriza\u00e7\u00e3o de exclus\u00e3o da execu\u00e7\u00e3o coletiva: <a href=\"http:\/\/sinprofaz.org.br\/pdfs\/termo-de-autorizacao-exclusao.pdf\">sinprofaz.org.br\/pdfs\/termo-de-autorizacao-exclusao.pdf<\/a><\/p>\n\n\t\t<style type=\"text\/css\">\n\t\t\t#gallery-1 {\n\t\t\t\tmargin: auto;\n\t\t\t}\n\t\t\t#gallery-1 .gallery-item {\n\t\t\t\tfloat: left;\n\t\t\t\tmargin-top: 10px;\n\t\t\t\ttext-align: center;\n\t\t\t\twidth: 33%;\n\t\t\t}\n\t\t\t#gallery-1 img {\n\t\t\t\tborder: 2px solid #cfcfcf;\n\t\t\t}\n\t\t\t#gallery-1 .gallery-caption {\n\t\t\t\tmargin-left: 0;\n\t\t\t}\n\t\t\t\/* see gallery_shortcode() in wp-includes\/media.php *\/\n\t\t<\/style>\n\t\t<div id='gallery-1' class='gallery galleryid-16334 gallery-columns-3 gallery-size-thumbnail'><dl class='gallery-item'>\n\t\t\t<dt class='gallery-icon landscape'>\n\t\t\t\t<a href='https:\/\/sinprofaz.org.br\/2024\/wp-content\/uploads\/2023\/06\/Mendes-Plutarco-2.jpg'><img loading=\"lazy\" decoding=\"async\" width=\"150\" height=\"150\" src=\"https:\/\/sinprofaz.org.br\/2024\/wp-content\/uploads\/2023\/06\/Mendes-Plutarco-2-150x150.jpg\" class=\"attachment-thumbnail size-thumbnail\" alt=\"\" \/><\/a>\n\t\t\t<\/dt><\/dl>\n\t\t\t<br style='clear: both' \/>\n\t\t<\/div>\n\n","protected":false},"excerpt":{"rendered":"<p>O SINPROFAZ, representado pelo presidente Achilles Frias e pelos diretores Giuliano Menezes e Roberto Rodrigues, esteve reunido na ter\u00e7a-feira (20) com o advogado Hugo Plutarco, s\u00f3cio do escrit\u00f3rio que patrocina a maior parte das a\u00e7\u00f5es judiciais do Sindicato. Saiba mais!<\/p>\n","protected":false},"author":2,"featured_media":16335,"comment_status":"open","ping_status":"open","sticky":false,"template":"","format":"standard","meta":{"footnotes":""},"categories":[8],"tags":[32,26,25],"featured_image_url":"https:\/\/sinprofaz.org.br\/2024\/wp-content\/uploads\/2023\/06\/Mendes-Plutarco-1.jpg","character_count":995,"formatted_date":"27\/06\/2023 - 08:16","contentNovo":"O SINPROFAZ, representado pelo presidente Achilles Frias e pelos diretores Giuliano Menezes e Roberto Rodrigues, esteve reunido na ter\u00e7a-feira (20) com o advogado Hugo Plutarco, s\u00f3cio do escrit\u00f3rio que patrocina a maior parte das a\u00e7\u00f5es judiciais do Sindicato. O encontro ocorreu na sede do escrit\u00f3rio, em Bras\u00edlia\/DF.\r\n\r\nNa ocasi\u00e3o, os presentes discutiram detalhes do andamento de processos jur\u00eddicos acompanhados pela Mendes Plutarco Advocacia e Consultoria. A fase de cumprimento de senten\u00e7a coletivo da a\u00e7\u00e3o n\u00b0 0027138-49.2006.4.01.3400, relativa ao pagamento dos valores referentes \u00e0 contribui\u00e7\u00e3o previdenci\u00e1ria sobre o ter\u00e7o de f\u00e9rias, teve destaque ao longo da reuni\u00e3o.\r\n\r\n<strong>Sobre a a\u00e7\u00e3o<\/strong>\r\nA referida a\u00e7\u00e3o alberga o per\u00edodo de 5 de setembro de 2001 a 31 de mar\u00e7o de 2012, quando cessou a cobran\u00e7a indevida, em decorr\u00eancia da entrada em vigor da MP 556\/2012, que excluiu o ter\u00e7o de f\u00e9rias da base de c\u00e1lculo da contribui\u00e7\u00e3o previdenci\u00e1ria, produzindo efeitos a partir de abril de 2012.\r\n\r\nAp\u00f3s intensos esfor\u00e7os por parte da equipe de advogados, foi poss\u00edvel a celebra\u00e7\u00e3o de acordo com a Uni\u00e3o para que fosse abreviada a fase de execu\u00e7\u00e3o coletiva com o pagamento dos valores homologados e sem qualquer perda para os PFNs.\r\n\r\nTodavia, caso filiadas e filiados j\u00e1 tenham recebido os valores ou j\u00e1 estejam executando a verba correspondente ao per\u00edodo indicado, o SINPROFAZ solicita que encaminhe e-mail para o <a href=\"mailto:falecomjuridico@sinprofaz.org.br\">falecomjuridico@sinprofaz.org.br<\/a>. \u00c0 mensagem, deve ser anexado o seguinte termo de autoriza\u00e7\u00e3o de exclus\u00e3o da execu\u00e7\u00e3o coletiva: <a href=\"http:\/\/sinprofaz.org.br\/pdfs\/termo-de-autorizacao-exclusao.pdf\">sinprofaz.org.br\/pdfs\/termo-de-autorizacao-exclusao.pdf<\/a>\r\n\r\n[gallery link=\"file\" ids=\"16336\"]","_links":{"self":[{"href":"https:\/\/sinprofaz.org.br\/2024\/wp-json\/wp\/v2\/posts\/16334"}],"collection":[{"href":"https:\/\/sinprofaz.org.br\/2024\/wp-json\/wp\/v2\/posts"}],"about":[{"href":"https:\/\/sinprofaz.org.br\/2024\/wp-json\/wp\/v2\/types\/post"}],"author":[{"embeddable":true,"href":"https:\/\/sinprofaz.org.br\/2024\/wp-json\/wp\/v2\/users\/2"}],"replies":[{"embeddable":true,"href":"https:\/\/sinprofaz.org.br\/2024\/wp-json\/wp\/v2\/comments?post=16334"}],"version-history":[{"count":2,"href":"https:\/\/sinprofaz.org.br\/2024\/wp-json\/wp\/v2\/posts\/16334\/revisions"}],"predecessor-version":[{"id":16342,"href":"https:\/\/sinprofaz.org.br\/2024\/wp-json\/wp\/v2\/posts\/16334\/revisions\/16342"}],"wp:featuredmedia":[{"embeddable":true,"href":"https:\/\/sinprofaz.org.br\/2024\/wp-json\/wp\/v2\/media\/16335"}],"wp:attachment":[{"href":"https:\/\/sinprofaz.org.br\/2024\/wp-json\/wp\/v2\/media?parent=16334"}],"wp:term":[{"taxonomy":"category","embeddable":true,"href":"https:\/\/sinprofaz.org.br\/2024\/wp-json\/wp\/v2\/categories?post=16334"},{"taxonomy":"post_tag","embeddable":true,"href":"https:\/\/sinprofaz.org.br\/2024\/wp-json\/wp\/v2\/tags?post=16334"}],"curies":[{"name":"wp","href":"https:\/\/api.w.org\/{rel}","templated":true}]}}