{"id":16330,"date":"2023-06-26T08:14:25","date_gmt":"2023-06-26T11:14:25","guid":{"rendered":"http:\/\/www.sinprofaz.org.br\/?p=16330"},"modified":"2023-06-27T09:22:33","modified_gmt":"2023-06-27T12:22:33","slug":"sinprofaz-e-entidades-debatem-atuacao-parlamentar-do-forvm","status":"publish","type":"post","link":"https:\/\/sinprofaz.org.br\/2024\/noticias\/sinprofaz-e-entidades-debatem-atuacao-parlamentar-do-forvm\/","title":{"rendered":"SINPROFAZ E ENTIDADES DEBATEM ATUA\u00c7\u00c3O PARLAMENTAR DO FORVM"},"content":{"rendered":"<p>O SINPROFAZ, representado pelo presidente Achilles Frias, pela presidente eleita Iolanda Guindani e pelos diretores Roberto Rodrigues e Giuliano Menezes, esteve presente em reuni\u00e3o do F\u00f3rum Nacional da Advocacia P\u00fablica Federal. O encontro, realizado na quarta-feira (21), contou com a participa\u00e7\u00e3o de representantes da ANAJUR, da ANAUNI e da ANPPREV, em cuja sede, em Bras\u00edlia\/DF, foram realizados os debates da ocasi\u00e3o.<\/p>\n<p>A atua\u00e7\u00e3o pol\u00edtica e parlamentar do FORVM esteve no centro das discuss\u00f5es. Reunidos, os dirigentes associativos definiram as propostas legislativas que devem ser acompanhadas com maior aten\u00e7\u00e3o no Congresso Nacional. Assuntos relativos ao CCHA e \u00e0 principal prerrogativa de advogadas p\u00fablicas e advogados p\u00fablicos federais tamb\u00e9m foram debatidos ao longo do encontro. Por fim, os presentes abordaram as prioridades para o segundo semestre do ano.<\/p>\n\n\t\t<style type=\"text\/css\">\n\t\t\t#gallery-1 {\n\t\t\t\tmargin: auto;\n\t\t\t}\n\t\t\t#gallery-1 .gallery-item {\n\t\t\t\tfloat: left;\n\t\t\t\tmargin-top: 10px;\n\t\t\t\ttext-align: center;\n\t\t\t\twidth: 33%;\n\t\t\t}\n\t\t\t#gallery-1 img {\n\t\t\t\tborder: 2px solid #cfcfcf;\n\t\t\t}\n\t\t\t#gallery-1 .gallery-caption {\n\t\t\t\tmargin-left: 0;\n\t\t\t}\n\t\t\t\/* see gallery_shortcode() in wp-includes\/media.php *\/\n\t\t<\/style>\n\t\t<div id='gallery-1' class='gallery galleryid-16330 gallery-columns-3 gallery-size-thumbnail'><dl class='gallery-item'>\n\t\t\t<dt class='gallery-icon landscape'>\n\t\t\t\t<a href='https:\/\/sinprofaz.org.br\/2024\/wp-content\/uploads\/2023\/06\/reuniao-forvm-2.jpg'><img loading=\"lazy\" decoding=\"async\" width=\"150\" height=\"150\" src=\"https:\/\/sinprofaz.org.br\/2024\/wp-content\/uploads\/2023\/06\/reuniao-forvm-2-150x150.jpg\" class=\"attachment-thumbnail size-thumbnail\" alt=\"\" \/><\/a>\n\t\t\t<\/dt><\/dl>\n\t\t\t<br style='clear: both' \/>\n\t\t<\/div>\n\n","protected":false},"excerpt":{"rendered":"<p>Foram definidas as propostas legislativas que devem ser acompanhadas com maior aten\u00e7\u00e3o no Congresso Nacional. Assuntos relativos ao CCHA e \u00e0 principal prerrogativa dos advogados p\u00fablicos federais tamb\u00e9m foram debatidos.<\/p>\n","protected":false},"author":2,"featured_media":16331,"comment_status":"open","ping_status":"open","sticky":false,"template":"","format":"standard","meta":{"footnotes":""},"categories":[8],"tags":[34,137,25],"featured_image_url":"https:\/\/sinprofaz.org.br\/2024\/wp-content\/uploads\/2023\/06\/reuniao-forvm-1.jpg","character_count":621,"formatted_date":"26\/06\/2023 - 08:14","contentNovo":"O SINPROFAZ, representado pelo presidente Achilles Frias, pela presidente eleita Iolanda Guindani e pelos diretores Roberto Rodrigues e Giuliano Menezes, esteve presente em reuni\u00e3o do F\u00f3rum Nacional da Advocacia P\u00fablica Federal. O encontro, realizado na quarta-feira (21), contou com a participa\u00e7\u00e3o de representantes da ANAJUR, da ANAUNI e da ANPPREV, em cuja sede, em Bras\u00edlia\/DF, foram realizados os debates da ocasi\u00e3o.\r\n\r\nA atua\u00e7\u00e3o pol\u00edtica e parlamentar do FORVM esteve no centro das discuss\u00f5es. Reunidos, os dirigentes associativos definiram as propostas legislativas que devem ser acompanhadas com maior aten\u00e7\u00e3o no Congresso Nacional. Assuntos relativos ao CCHA e \u00e0 principal prerrogativa de advogadas p\u00fablicas e advogados p\u00fablicos federais tamb\u00e9m foram debatidos ao longo do encontro. Por fim, os presentes abordaram as prioridades para o segundo semestre do ano.\r\n\r\n[gallery link=\"file\" ids=\"16332\"]","_links":{"self":[{"href":"https:\/\/sinprofaz.org.br\/2024\/wp-json\/wp\/v2\/posts\/16330"}],"collection":[{"href":"https:\/\/sinprofaz.org.br\/2024\/wp-json\/wp\/v2\/posts"}],"about":[{"href":"https:\/\/sinprofaz.org.br\/2024\/wp-json\/wp\/v2\/types\/post"}],"author":[{"embeddable":true,"href":"https:\/\/sinprofaz.org.br\/2024\/wp-json\/wp\/v2\/users\/2"}],"replies":[{"embeddable":true,"href":"https:\/\/sinprofaz.org.br\/2024\/wp-json\/wp\/v2\/comments?post=16330"}],"version-history":[{"count":2,"href":"https:\/\/sinprofaz.org.br\/2024\/wp-json\/wp\/v2\/posts\/16330\/revisions"}],"predecessor-version":[{"id":16338,"href":"https:\/\/sinprofaz.org.br\/2024\/wp-json\/wp\/v2\/posts\/16330\/revisions\/16338"}],"wp:featuredmedia":[{"embeddable":true,"href":"https:\/\/sinprofaz.org.br\/2024\/wp-json\/wp\/v2\/media\/16331"}],"wp:attachment":[{"href":"https:\/\/sinprofaz.org.br\/2024\/wp-json\/wp\/v2\/media?parent=16330"}],"wp:term":[{"taxonomy":"category","embeddable":true,"href":"https:\/\/sinprofaz.org.br\/2024\/wp-json\/wp\/v2\/categories?post=16330"},{"taxonomy":"post_tag","embeddable":true,"href":"https:\/\/sinprofaz.org.br\/2024\/wp-json\/wp\/v2\/tags?post=16330"}],"curies":[{"name":"wp","href":"https:\/\/api.w.org\/{rel}","templated":true}]}}