{"id":16307,"date":"2023-06-22T09:12:01","date_gmt":"2023-06-22T12:12:01","guid":{"rendered":"http:\/\/www.sinprofaz.org.br\/?p=16307"},"modified":"2023-06-23T09:03:48","modified_gmt":"2023-06-23T12:03:48","slug":"sinprofaz-participa-de-confraternizacao-da-frente-parlamentar-servir-brasil","status":"publish","type":"post","link":"https:\/\/sinprofaz.org.br\/2024\/noticias\/sinprofaz-participa-de-confraternizacao-da-frente-parlamentar-servir-brasil\/","title":{"rendered":"SINPROFAZ PARTICIPA DE CONFRATERNIZA\u00c7\u00c3O DA FRENTE PARLAMENTAR SERVIR BRASIL"},"content":{"rendered":"<p>O SINPROFAZ, representado pela presidente eleita, Iolanda Guindani, compareceu na quarta-feira (21) ao caf\u00e9 da manh\u00e3 promovido em Bras\u00edlia\/DF pela Frente Parlamentar Servir Brasil. A confraterniza\u00e7\u00e3o foi prestigiada pelo deputado federal Luiz Carlos Motta (PL\/SP) e tamb\u00e9m contou com a presen\u00e7a de dirigentes sindicais vinculados a diversas entidades representativas de servidores p\u00fablicos.<\/p>\n<p>Realizado na sede do Sindicato dos Servidores do Poder Legislativo Federal e Tribunal de Contas da Uni\u00e3o &#8211; SINDILEGIS, o encontro possibilitou o estreitamento da rela\u00e7\u00e3o entre as entidades e funcionou como incentivo ao di\u00e1logo entre elas. O intuito da Frente Parlamentar Servir Brasil \u00e9 promover novas confraterniza\u00e7\u00f5es no mesmo formato, de modo que deputados, senadores e lideran\u00e7as associativas possam debater temas afetos ao servi\u00e7o p\u00fablico nacional.<\/p>\n\n\t\t<style type=\"text\/css\">\n\t\t\t#gallery-1 {\n\t\t\t\tmargin: auto;\n\t\t\t}\n\t\t\t#gallery-1 .gallery-item {\n\t\t\t\tfloat: left;\n\t\t\t\tmargin-top: 10px;\n\t\t\t\ttext-align: center;\n\t\t\t\twidth: 33%;\n\t\t\t}\n\t\t\t#gallery-1 img {\n\t\t\t\tborder: 2px solid #cfcfcf;\n\t\t\t}\n\t\t\t#gallery-1 .gallery-caption {\n\t\t\t\tmargin-left: 0;\n\t\t\t}\n\t\t\t\/* see gallery_shortcode() in wp-includes\/media.php *\/\n\t\t<\/style>\n\t\t<div id='gallery-1' class='gallery galleryid-16307 gallery-columns-3 gallery-size-thumbnail'><dl class='gallery-item'>\n\t\t\t<dt class='gallery-icon landscape'>\n\t\t\t\t<a href='https:\/\/sinprofaz.org.br\/2024\/wp-content\/uploads\/2023\/06\/Sindilegis-2.jpg'><img loading=\"lazy\" decoding=\"async\" width=\"150\" height=\"150\" src=\"https:\/\/sinprofaz.org.br\/2024\/wp-content\/uploads\/2023\/06\/Sindilegis-2-150x150.jpg\" class=\"attachment-thumbnail size-thumbnail\" alt=\"\" \/><\/a>\n\t\t\t<\/dt><\/dl><dl class='gallery-item'>\n\t\t\t<dt class='gallery-icon landscape'>\n\t\t\t\t<a href='https:\/\/sinprofaz.org.br\/2024\/wp-content\/uploads\/2023\/06\/Sindilegis-3.jpg'><img loading=\"lazy\" decoding=\"async\" width=\"150\" height=\"150\" src=\"https:\/\/sinprofaz.org.br\/2024\/wp-content\/uploads\/2023\/06\/Sindilegis-3-150x150.jpg\" class=\"attachment-thumbnail size-thumbnail\" alt=\"\" \/><\/a>\n\t\t\t<\/dt><\/dl>\n\t\t\t<br style='clear: both' \/>\n\t\t<\/div>\n\n","protected":false},"excerpt":{"rendered":"<p>O SINPROFAZ, representado pela presidente eleita, Iolanda Guindani, compareceu ao caf\u00e9 da manh\u00e3 da Frente Servir Brasil. A confraterniza\u00e7\u00e3o foi prestigiada pelo deputado Luiz Carlos Motta (PL\/SP) e contou com a presen\u00e7a de entidades associativas.<\/p>\n","protected":false},"author":2,"featured_media":16308,"comment_status":"open","ping_status":"open","sticky":false,"template":"","format":"standard","meta":{"footnotes":""},"categories":[8],"tags":[23,200,25],"featured_image_url":"https:\/\/sinprofaz.org.br\/2024\/wp-content\/uploads\/2023\/06\/Sindilegis-1.jpg","character_count":619,"formatted_date":"22\/06\/2023 - 09:12","contentNovo":"O SINPROFAZ, representado pela presidente eleita, Iolanda Guindani, compareceu na quarta-feira (21) ao caf\u00e9 da manh\u00e3 promovido em Bras\u00edlia\/DF pela Frente Parlamentar Servir Brasil. A confraterniza\u00e7\u00e3o foi prestigiada pelo deputado federal Luiz Carlos Motta (PL\/SP) e tamb\u00e9m contou com a presen\u00e7a de dirigentes sindicais vinculados a diversas entidades representativas de servidores p\u00fablicos.\r\n\r\nRealizado na sede do Sindicato dos Servidores do Poder Legislativo Federal e Tribunal de Contas da Uni\u00e3o - SINDILEGIS, o encontro possibilitou o estreitamento da rela\u00e7\u00e3o entre as entidades e funcionou como incentivo ao di\u00e1logo entre elas. O intuito da Frente Parlamentar Servir Brasil \u00e9 promover novas confraterniza\u00e7\u00f5es no mesmo formato, de modo que deputados, senadores e lideran\u00e7as associativas possam debater temas afetos ao servi\u00e7o p\u00fablico nacional.\r\n\r\n[gallery link=\"file\" ids=\"16309,16310\"]","_links":{"self":[{"href":"https:\/\/sinprofaz.org.br\/2024\/wp-json\/wp\/v2\/posts\/16307"}],"collection":[{"href":"https:\/\/sinprofaz.org.br\/2024\/wp-json\/wp\/v2\/posts"}],"about":[{"href":"https:\/\/sinprofaz.org.br\/2024\/wp-json\/wp\/v2\/types\/post"}],"author":[{"embeddable":true,"href":"https:\/\/sinprofaz.org.br\/2024\/wp-json\/wp\/v2\/users\/2"}],"replies":[{"embeddable":true,"href":"https:\/\/sinprofaz.org.br\/2024\/wp-json\/wp\/v2\/comments?post=16307"}],"version-history":[{"count":2,"href":"https:\/\/sinprofaz.org.br\/2024\/wp-json\/wp\/v2\/posts\/16307\/revisions"}],"predecessor-version":[{"id":16323,"href":"https:\/\/sinprofaz.org.br\/2024\/wp-json\/wp\/v2\/posts\/16307\/revisions\/16323"}],"wp:featuredmedia":[{"embeddable":true,"href":"https:\/\/sinprofaz.org.br\/2024\/wp-json\/wp\/v2\/media\/16308"}],"wp:attachment":[{"href":"https:\/\/sinprofaz.org.br\/2024\/wp-json\/wp\/v2\/media?parent=16307"}],"wp:term":[{"taxonomy":"category","embeddable":true,"href":"https:\/\/sinprofaz.org.br\/2024\/wp-json\/wp\/v2\/categories?post=16307"},{"taxonomy":"post_tag","embeddable":true,"href":"https:\/\/sinprofaz.org.br\/2024\/wp-json\/wp\/v2\/tags?post=16307"}],"curies":[{"name":"wp","href":"https:\/\/api.w.org\/{rel}","templated":true}]}}