{"id":16296,"date":"2023-06-21T08:30:17","date_gmt":"2023-06-21T11:30:17","guid":{"rendered":"http:\/\/www.sinprofaz.org.br\/?p=16296"},"modified":"2023-06-22T09:25:30","modified_gmt":"2023-06-22T12:25:30","slug":"sinprofaz-participa-de-sessao-solene-em-comemoracao-aos-73-anos-da-anfip","status":"publish","type":"post","link":"https:\/\/sinprofaz.org.br\/2024\/noticias\/sinprofaz-participa-de-sessao-solene-em-comemoracao-aos-73-anos-da-anfip\/","title":{"rendered":"SINPROFAZ PARTICIPA DE SESS\u00c3O SOLENE EM COMEMORA\u00c7\u00c3O AOS 73 ANOS DA ANFIP"},"content":{"rendered":"<p>O SINPROFAZ, representado pela presidente eleita Iolanda Guindani, compareceu na segunda-feira (19) \u00e0 sess\u00e3o solene em homenagem aos 73 anos da Associa\u00e7\u00e3o Nacional dos Auditores Fiscais da Receita Federal do Brasil &#8211; ANFIP. A cerim\u00f4nia, realizada no Plen\u00e1rio da C\u00e2mara dos Deputados, foi presidida pelo deputado federal Bohn Gass (PT\/RS) e prestigiada por parlamentares como Erika Kokay (PT\/DF), Pedro Uczai (PT\/SC) e Gilvan Maximo (Republicanos\/DF).<\/p>\n<p>Juntamente com o deputado Bohn Gass, compuseram a mesa da cerim\u00f4nia o presidente da ANFIP, Vilson Romero; o presidente do Movimento Nacional dos Servidores P\u00fablicos Aposentados e Pensionistas &#8211; Instituto Mosap, Edison Haubert; o secret\u00e1rio do Regime Pr\u00f3prio e Complementar do Minist\u00e9rio da Previd\u00eancia, representante do ministro Carlos Lupi, Paulo Roberto dos Santos Pinto; e a representante do Conselho Federal da Ordem dos Advogados do Brasil, Gisele Lemos Kravchychyn.<\/p>\n<p>Para o SINPROFAZ, os 73 anos alcan\u00e7ados pela ANFIP revelam a robustez da entidade, assim como sua capacidade de atuar de forma estrat\u00e9gica e assertiva. Por isso, o Sindicato deseja estreitar os la\u00e7os de parceria com a Associa\u00e7\u00e3o. &#8220;Unidos no di\u00e1logo, SINPROFAZ e ANFIP s\u00e3o capazes de debater temas de interesse comum dos procuradores da Fazenda Nacional e dos auditores fiscais da Receita Federal. O consenso entre as entidades tem o cond\u00e3o de beneficiar n\u00e3o apenas filiadas e filiados, como tamb\u00e9m toda a sociedade brasileira&#8221;, afirmou Iolanda Guindani.<\/p>\n\n\t\t<style type=\"text\/css\">\n\t\t\t#gallery-1 {\n\t\t\t\tmargin: auto;\n\t\t\t}\n\t\t\t#gallery-1 .gallery-item {\n\t\t\t\tfloat: left;\n\t\t\t\tmargin-top: 10px;\n\t\t\t\ttext-align: center;\n\t\t\t\twidth: 33%;\n\t\t\t}\n\t\t\t#gallery-1 img {\n\t\t\t\tborder: 2px solid #cfcfcf;\n\t\t\t}\n\t\t\t#gallery-1 .gallery-caption {\n\t\t\t\tmargin-left: 0;\n\t\t\t}\n\t\t\t\/* see gallery_shortcode() in wp-includes\/media.php *\/\n\t\t<\/style>\n\t\t<div id='gallery-1' class='gallery galleryid-16296 gallery-columns-3 gallery-size-thumbnail'><dl class='gallery-item'>\n\t\t\t<dt class='gallery-icon landscape'>\n\t\t\t\t<a href='https:\/\/sinprofaz.org.br\/2024\/wp-content\/uploads\/2023\/06\/73-ANOS-DA-ANFIP-2.jpg'><img loading=\"lazy\" decoding=\"async\" width=\"150\" height=\"150\" src=\"https:\/\/sinprofaz.org.br\/2024\/wp-content\/uploads\/2023\/06\/73-ANOS-DA-ANFIP-2-150x150.jpg\" class=\"attachment-thumbnail size-thumbnail\" alt=\"\" \/><\/a>\n\t\t\t<\/dt><\/dl><dl class='gallery-item'>\n\t\t\t<dt class='gallery-icon landscape'>\n\t\t\t\t<a href='https:\/\/sinprofaz.org.br\/2024\/wp-content\/uploads\/2023\/06\/73-ANOS-DA-ANFIP-3.jpg'><img loading=\"lazy\" decoding=\"async\" width=\"150\" height=\"150\" src=\"https:\/\/sinprofaz.org.br\/2024\/wp-content\/uploads\/2023\/06\/73-ANOS-DA-ANFIP-3-150x150.jpg\" class=\"attachment-thumbnail size-thumbnail\" alt=\"\" \/><\/a>\n\t\t\t<\/dt><\/dl><dl class='gallery-item'>\n\t\t\t<dt class='gallery-icon landscape'>\n\t\t\t\t<a href='https:\/\/sinprofaz.org.br\/2024\/wp-content\/uploads\/2023\/06\/73-ANOS-DA-ANFIP-4.jpg'><img loading=\"lazy\" decoding=\"async\" width=\"150\" height=\"150\" src=\"https:\/\/sinprofaz.org.br\/2024\/wp-content\/uploads\/2023\/06\/73-ANOS-DA-ANFIP-4-150x150.jpg\" class=\"attachment-thumbnail size-thumbnail\" alt=\"\" \/><\/a>\n\t\t\t<\/dt><\/dl><br style=\"clear: both\" \/><dl class='gallery-item'>\n\t\t\t<dt class='gallery-icon landscape'>\n\t\t\t\t<a href='https:\/\/sinprofaz.org.br\/2024\/wp-content\/uploads\/2023\/06\/73-ANOS-DA-ANFIP-5.jpg'><img loading=\"lazy\" decoding=\"async\" width=\"150\" height=\"150\" src=\"https:\/\/sinprofaz.org.br\/2024\/wp-content\/uploads\/2023\/06\/73-ANOS-DA-ANFIP-5-150x150.jpg\" class=\"attachment-thumbnail size-thumbnail\" alt=\"\" \/><\/a>\n\t\t\t<\/dt><\/dl><dl class='gallery-item'>\n\t\t\t<dt class='gallery-icon landscape'>\n\t\t\t\t<a href='https:\/\/sinprofaz.org.br\/2024\/wp-content\/uploads\/2023\/06\/73-ANOS-DA-ANFIP-6.jpg'><img loading=\"lazy\" decoding=\"async\" width=\"150\" height=\"150\" src=\"https:\/\/sinprofaz.org.br\/2024\/wp-content\/uploads\/2023\/06\/73-ANOS-DA-ANFIP-6-150x150.jpg\" class=\"attachment-thumbnail size-thumbnail\" alt=\"\" \/><\/a>\n\t\t\t<\/dt><\/dl><dl class='gallery-item'>\n\t\t\t<dt class='gallery-icon landscape'>\n\t\t\t\t<a href='https:\/\/sinprofaz.org.br\/2024\/wp-content\/uploads\/2023\/06\/73-ANOS-DA-ANFIP-7.jpg'><img loading=\"lazy\" decoding=\"async\" width=\"150\" height=\"150\" src=\"https:\/\/sinprofaz.org.br\/2024\/wp-content\/uploads\/2023\/06\/73-ANOS-DA-ANFIP-7-150x150.jpg\" class=\"attachment-thumbnail size-thumbnail\" alt=\"\" \/><\/a>\n\t\t\t<\/dt><\/dl><br style=\"clear: both\" \/>\n\t\t<\/div>\n\n","protected":false},"excerpt":{"rendered":"<p>A cerim\u00f4nia, realizada na segunda-feira (19) no Plen\u00e1rio da C\u00e2mara dos Deputados, foi presidida pelo deputado federal Bohn Gass (PT\/RS) e prestigiada por parlamentares como Erika Kokay (PT\/DF), Pedro Uczai (PT\/SC) e Gilvan Maximo (Republicanos\/DF).<\/p>\n","protected":false},"author":2,"featured_media":16297,"comment_status":"open","ping_status":"open","sticky":false,"template":"","format":"standard","meta":{"footnotes":""},"categories":[8],"tags":[73,23,25],"featured_image_url":"https:\/\/sinprofaz.org.br\/2024\/wp-content\/uploads\/2023\/06\/73-ANOS-DA-ANFIP-1.jpg","character_count":971,"formatted_date":"21\/06\/2023 - 08:30","contentNovo":"O SINPROFAZ, representado pela presidente eleita Iolanda Guindani, compareceu na segunda-feira (19) \u00e0 sess\u00e3o solene em homenagem aos 73 anos da Associa\u00e7\u00e3o Nacional dos Auditores Fiscais da Receita Federal do Brasil - ANFIP. A cerim\u00f4nia, realizada no Plen\u00e1rio da C\u00e2mara dos Deputados, foi presidida pelo deputado federal Bohn Gass (PT\/RS) e prestigiada por parlamentares como Erika Kokay (PT\/DF), Pedro Uczai (PT\/SC) e Gilvan Maximo (Republicanos\/DF).\r\n\r\nJuntamente com o deputado Bohn Gass, compuseram a mesa da cerim\u00f4nia o presidente da ANFIP, Vilson Romero; o presidente do Movimento Nacional dos Servidores P\u00fablicos Aposentados e Pensionistas - Instituto Mosap, Edison Haubert; o secret\u00e1rio do Regime Pr\u00f3prio e Complementar do Minist\u00e9rio da Previd\u00eancia, representante do ministro Carlos Lupi, Paulo Roberto dos Santos Pinto; e a representante do Conselho Federal da Ordem dos Advogados do Brasil, Gisele Lemos Kravchychyn.\r\n\r\nPara o SINPROFAZ, os 73 anos alcan\u00e7ados pela ANFIP revelam a robustez da entidade, assim como sua capacidade de atuar de forma estrat\u00e9gica e assertiva. Por isso, o Sindicato deseja estreitar os la\u00e7os de parceria com a Associa\u00e7\u00e3o. \"Unidos no di\u00e1logo, SINPROFAZ e ANFIP s\u00e3o capazes de debater temas de interesse comum dos procuradores da Fazenda Nacional e dos auditores fiscais da Receita Federal. O consenso entre as entidades tem o cond\u00e3o de beneficiar n\u00e3o apenas filiadas e filiados, como tamb\u00e9m toda a sociedade brasileira\", afirmou Iolanda Guindani.\r\n\r\n[gallery link=\"file\" ids=\"16298,16300,16301,16302,16303,16304\"]","_links":{"self":[{"href":"https:\/\/sinprofaz.org.br\/2024\/wp-json\/wp\/v2\/posts\/16296"}],"collection":[{"href":"https:\/\/sinprofaz.org.br\/2024\/wp-json\/wp\/v2\/posts"}],"about":[{"href":"https:\/\/sinprofaz.org.br\/2024\/wp-json\/wp\/v2\/types\/post"}],"author":[{"embeddable":true,"href":"https:\/\/sinprofaz.org.br\/2024\/wp-json\/wp\/v2\/users\/2"}],"replies":[{"embeddable":true,"href":"https:\/\/sinprofaz.org.br\/2024\/wp-json\/wp\/v2\/comments?post=16296"}],"version-history":[{"count":3,"href":"https:\/\/sinprofaz.org.br\/2024\/wp-json\/wp\/v2\/posts\/16296\/revisions"}],"predecessor-version":[{"id":16313,"href":"https:\/\/sinprofaz.org.br\/2024\/wp-json\/wp\/v2\/posts\/16296\/revisions\/16313"}],"wp:featuredmedia":[{"embeddable":true,"href":"https:\/\/sinprofaz.org.br\/2024\/wp-json\/wp\/v2\/media\/16297"}],"wp:attachment":[{"href":"https:\/\/sinprofaz.org.br\/2024\/wp-json\/wp\/v2\/media?parent=16296"}],"wp:term":[{"taxonomy":"category","embeddable":true,"href":"https:\/\/sinprofaz.org.br\/2024\/wp-json\/wp\/v2\/categories?post=16296"},{"taxonomy":"post_tag","embeddable":true,"href":"https:\/\/sinprofaz.org.br\/2024\/wp-json\/wp\/v2\/tags?post=16296"}],"curies":[{"name":"wp","href":"https:\/\/api.w.org\/{rel}","templated":true}]}}