{"id":1629,"date":"2014-02-05T12:44:47","date_gmt":"2014-02-05T12:44:47","guid":{"rendered":""},"modified":"-0001-11-30T00:00:00","modified_gmt":"-0001-11-30T03:00:00","slug":"sinprofaz-reune-se-com-colegas-de-sao-paulo","status":"publish","type":"post","link":"https:\/\/sinprofaz.org.br\/2024\/noticias\/sinprofaz-reune-se-com-colegas-de-sao-paulo\/","title":{"rendered":"SINPROFAZ re\u00fane-se com Colegas de S\u00e3o Paulo"},"content":{"rendered":"<p>Foram recebidas importantes sugest\u00f5es para o aprimoramento dos relat\u00f3rios das a\u00e7\u00f5es judiciais e proposi\u00e7\u00e3o de novas a\u00e7\u00f5es.<\/p>\n<p>Foram eleitos por unanimidade os Colegas Marcos Lisandro Puch\u00eavitch e Mar\u00edlia Machado Gattei, respectivamente, para os cargos de Delegado e Subdelegada Sindical no Estado de S\u00e3o Paulo.<\/p>\n<p>A reuni\u00e3o contou com delega\u00e7\u00e3o querida da Seccional de Mogi das Cruzes, que participou ativa e construtivamente dos debates.<\/p>\n<p>A Diretoria do SINPROFAZ trabalhar\u00e1 com os Colegas eleitos para estreitar os la\u00e7os com os Colegas das Seccionais e fomentar o engajamento e a filia\u00e7\u00e3o de Colegas que ainda n\u00e3o participam mais efetivamente das mobiliza\u00e7\u00f5es da Carreira.<\/p>\n<p>H\u00e1 80 vagas de PFN faltantes na PRFN3!<\/p>\n<p>A carreira de apoio de assistente t\u00e9cnico-administrativo (ATA) conta com n\u00famero diminuto na PFN e apresenta alt\u00edssimo \u00edndice de vac\u00e2ncia, pois os aprovados s\u00e3o muito qualificados e saem para concursos melhores.<\/p>\n<p>\u00c9 necess\u00e1ria a valoriza\u00e7\u00e3o dessa carreira e imperioso que os ATAs de novo concurso sejam lotados nas proje\u00e7\u00f5es da PGFN!<\/p>\n<p>Os PFNs de S\u00e3o Paulo est\u00e3o indignados com a indiferen\u00e7a da AGU no trato das promo\u00e7\u00f5es!<\/p>\n<p>A modifica\u00e7\u00e3o do n\u00famero de vagas por categoria independe de mudan\u00e7a legislativa. Depende de ato infralegal urgente!<\/p>\n<p>Ao contr\u00e1rio, para cumprir a Lei, faz-se necess\u00e1rio novo concurso p\u00fablico para o preenchimento de 300 vagas de Procurador da Fazenda Nacional.<\/p>\n<p>Mas cumprir a Lei \u00e9 opcional para cabe\u00e7as de planilha, estafetas do abjeto &#8220;super\u00e1vit prim\u00e1rio&#8221;, que aniquila a capacidade governamental de implementar pol\u00edticas p\u00fablicas e asfixia as Carreiras de Estado, no pa\u00eds em que metade da popula\u00e7\u00e3o n\u00e3o tem acesso \u00e0 rede de saneamento b\u00e1sico.<\/p>\n<p>Os PFNs no Estado de S\u00e3o Paulo exigem o cumprimento do Acordo Salarial de 2012, que colocou os honor\u00e1rios de sucumb\u00eancia no par\u00e1grafo 19 do Artigo 85 do Texto-Base do C\u00f3digo de Processo Civil relatado pelo deputado federal pelo Estado de S\u00e3o Paulo, Paulo Teixeira (PT\/SP).<\/p>\n<p>O SINPROFAZ continuar\u00e1 atuando de forma independente e acolher\u00e1 as sugest\u00f5es e delibera\u00e7\u00f5es da Carreira para travar todos os embates que se nos apresentem em 2014, bem como todos os di\u00e1logos e projetos, mas que nos tragam efetividade na melhoria das condi\u00e7\u00f5es remunerat\u00f3rias e profissionais dos PFNs.<\/p>\n","protected":false},"excerpt":{"rendered":"<p>O presidente Her\u00e1clio Camargo, e as diretoras do SINPROFAZ Helena Junqueira, Maria Regina Alc\u00e2ntara e Regina Hirose reuniram-se com os Colegas na sede da PRFN3, em S\u00e3o Paulo, na semana passada, dia 30 de janeiro.<\/p>\n","protected":false},"author":1,"featured_media":0,"comment_status":"closed","ping_status":"open","sticky":false,"template":"","format":"standard","meta":{"footnotes":""},"categories":[8],"tags":[],"featured_image_url":"https:\/\/dummyimage.com\/720x400","character_count":1164,"formatted_date":"05\/02\/2014 - 12:44","contentNovo":"\r\n<p>Foram recebidas importantes sugest\u00f5es para o aprimoramento dos relat\u00f3rios das a\u00e7\u00f5es judiciais e proposi\u00e7\u00e3o de novas a\u00e7\u00f5es.<\/p>\r\n<p>Foram eleitos por unanimidade os Colegas Marcos Lisandro Puch\u00eavitch e Mar\u00edlia Machado Gattei, respectivamente, para os cargos de Delegado e Subdelegada Sindical no Estado de S\u00e3o Paulo.<\/p>\r\n<p>A reuni\u00e3o contou com delega\u00e7\u00e3o querida da Seccional de Mogi das Cruzes, que participou ativa e construtivamente dos debates.<\/p>\r\n<p>A Diretoria do SINPROFAZ trabalhar\u00e1 com os Colegas eleitos para estreitar os la\u00e7os com os Colegas das Seccionais e fomentar o engajamento e a filia\u00e7\u00e3o de Colegas que ainda n\u00e3o participam mais efetivamente das mobiliza\u00e7\u00f5es da Carreira.<\/p>\r\n<p>H\u00e1 80 vagas de PFN faltantes na PRFN3!<\/p>\r\n<p>A carreira de apoio de assistente t\u00e9cnico-administrativo (ATA) conta com n\u00famero diminuto na PFN e apresenta alt\u00edssimo \u00edndice de vac\u00e2ncia, pois os aprovados s\u00e3o muito qualificados e saem para concursos melhores.<\/p>\r\n<p>\u00c9 necess\u00e1ria a valoriza\u00e7\u00e3o dessa carreira e imperioso que os ATAs de novo concurso sejam lotados nas proje\u00e7\u00f5es da PGFN!<\/p>\r\n<p>Os PFNs de S\u00e3o Paulo est\u00e3o indignados com a indiferen\u00e7a da AGU no trato das promo\u00e7\u00f5es!<\/p>\r\n<p>A modifica\u00e7\u00e3o do n\u00famero de vagas por categoria independe de mudan\u00e7a legislativa. Depende de ato infralegal urgente!<\/p>\r\n<p>Ao contr\u00e1rio, para cumprir a Lei, faz-se necess\u00e1rio novo concurso p\u00fablico para o preenchimento de 300 vagas de Procurador da Fazenda Nacional.<\/p>\r\n<p>Mas cumprir a Lei \u00e9 opcional para cabe\u00e7as de planilha, estafetas do abjeto \"super\u00e1vit prim\u00e1rio\", que aniquila a capacidade governamental de implementar pol\u00edticas p\u00fablicas e asfixia as Carreiras de Estado, no pa\u00eds em que metade da popula\u00e7\u00e3o n\u00e3o tem acesso \u00e0 rede de saneamento b\u00e1sico.<\/p>\r\n<p>Os PFNs no Estado de S\u00e3o Paulo exigem o cumprimento do Acordo Salarial de 2012, que colocou os honor\u00e1rios de sucumb\u00eancia no par\u00e1grafo 19 do Artigo 85 do Texto-Base do C\u00f3digo de Processo Civil relatado pelo deputado federal pelo Estado de S\u00e3o Paulo, Paulo Teixeira (PT\/SP).<\/p>\r\n<p>O SINPROFAZ continuar\u00e1 atuando de forma independente e acolher\u00e1 as sugest\u00f5es e delibera\u00e7\u00f5es da Carreira para travar todos os embates que se nos apresentem em 2014, bem como todos os di\u00e1logos e projetos, mas que nos tragam efetividade na melhoria das condi\u00e7\u00f5es remunerat\u00f3rias e profissionais dos PFNs.<\/p>","_links":{"self":[{"href":"https:\/\/sinprofaz.org.br\/2024\/wp-json\/wp\/v2\/posts\/1629"}],"collection":[{"href":"https:\/\/sinprofaz.org.br\/2024\/wp-json\/wp\/v2\/posts"}],"about":[{"href":"https:\/\/sinprofaz.org.br\/2024\/wp-json\/wp\/v2\/types\/post"}],"author":[{"embeddable":true,"href":"https:\/\/sinprofaz.org.br\/2024\/wp-json\/wp\/v2\/users\/1"}],"replies":[{"embeddable":true,"href":"https:\/\/sinprofaz.org.br\/2024\/wp-json\/wp\/v2\/comments?post=1629"}],"version-history":[{"count":0,"href":"https:\/\/sinprofaz.org.br\/2024\/wp-json\/wp\/v2\/posts\/1629\/revisions"}],"wp:attachment":[{"href":"https:\/\/sinprofaz.org.br\/2024\/wp-json\/wp\/v2\/media?parent=1629"}],"wp:term":[{"taxonomy":"category","embeddable":true,"href":"https:\/\/sinprofaz.org.br\/2024\/wp-json\/wp\/v2\/categories?post=1629"},{"taxonomy":"post_tag","embeddable":true,"href":"https:\/\/sinprofaz.org.br\/2024\/wp-json\/wp\/v2\/tags?post=1629"}],"curies":[{"name":"wp","href":"https:\/\/api.w.org\/{rel}","templated":true}]}}