{"id":16273,"date":"2023-06-14T08:19:30","date_gmt":"2023-06-14T11:19:30","guid":{"rendered":"http:\/\/www.sinprofaz.org.br\/?p=16273"},"modified":"2023-06-15T09:46:30","modified_gmt":"2023-06-15T12:46:30","slug":"21o-encontro-sinprofaz-garante-subsidios-para-filiadas-e-filiados","status":"publish","type":"post","link":"https:\/\/sinprofaz.org.br\/2024\/noticias\/21o-encontro-sinprofaz-garante-subsidios-para-filiadas-e-filiados\/","title":{"rendered":"21\u00ba ENCONTRO: SINPROFAZ GARANTE SUBS\u00cdDIOS PARA FILIADAS E FILIADOS"},"content":{"rendered":"<p>O 21\u00ba Encontro Nacional dos Procuradores da Fazenda Nacional est\u00e1 com as inscri\u00e7\u00f5es abertas. O evento, a ser realizado de 30 de novembro a 3 de dezembro, no Club Med Rio das Pedras, no sul fluminense, reunir\u00e1 Colegas vindos de todas as regi\u00f5es do pa\u00eds, al\u00e9m de autoridades e outros convidados.<\/p>\n<p>Assim como ocorre desde a primeira edi\u00e7\u00e3o do Encontro, o SINPROFAZ conceder\u00e1 subs\u00eddios a filiadas e filiados. O subs\u00eddio, no valor de R$ 1.200,00, ser\u00e1 disponibilizado a Procuradoras e Procuradores da Fazenda Nacional associados h\u00e1, pelo menos, seis (6) meses na data do evento. Os valores ser\u00e3o depositados ap\u00f3s a realiza\u00e7\u00e3o do Encontro, mas somente para aquelas e aqueles que comparecerem a todas as palestras.<\/p>\n<p>Para realizar a inscri\u00e7\u00e3o no 21\u00ba Encontro do SINPROFAZ, contate a Ambiental Turismo pelo telefone (11) 3818-4600. A ag\u00eancia \u00e9 respons\u00e1vel pelas reservas e pelo parcelamento dos pacotes e tamb\u00e9m oferece a possibilidade de contrata\u00e7\u00e3o do traslado de ida e volta entre o resort e o aeroporto. Participe! Para mais informa\u00e7\u00f5es, acesse: <a href=\"http:\/\/bit.ly\/Edital21Encontro\">bit.ly\/Edital21Encontro<\/a>.<\/p>\n","protected":false},"excerpt":{"rendered":"<p>O 21\u00ba Encontro Nacional dos Procuradores da Fazenda Nacional est\u00e1 com as inscri\u00e7\u00f5es abertas. O evento, a ser realizado de 30 de novembro a 3 de dezembro, no Club Med Rio das Pedras, no sul fluminense, reunir\u00e1 Colegas vindos de todas as regi\u00f5es do pa\u00eds.<\/p>\n","protected":false},"author":2,"featured_media":16028,"comment_status":"open","ping_status":"open","sticky":false,"template":"","format":"standard","meta":{"footnotes":""},"categories":[8],"tags":[32,62,25],"featured_image_url":"https:\/\/sinprofaz.org.br\/2024\/wp-content\/uploads\/2023\/04\/21-encontro-.jpg","character_count":547,"formatted_date":"14\/06\/2023 - 08:19","contentNovo":"O 21\u00ba Encontro Nacional dos Procuradores da Fazenda Nacional est\u00e1 com as inscri\u00e7\u00f5es abertas. O evento, a ser realizado de 30 de novembro a 3 de dezembro, no Club Med Rio das Pedras, no sul fluminense, reunir\u00e1 Colegas vindos de todas as regi\u00f5es do pa\u00eds, al\u00e9m de autoridades e outros convidados.\r\n\r\nAssim como ocorre desde a primeira edi\u00e7\u00e3o do Encontro, o SINPROFAZ conceder\u00e1 subs\u00eddios a filiadas e filiados. O subs\u00eddio, no valor de R$ 1.200,00, ser\u00e1 disponibilizado a Procuradoras e Procuradores da Fazenda Nacional associados h\u00e1, pelo menos, seis (6) meses na data do evento. Os valores ser\u00e3o depositados ap\u00f3s a realiza\u00e7\u00e3o do Encontro, mas somente para aquelas e aqueles que comparecerem a todas as palestras.\r\n\r\nPara realizar a inscri\u00e7\u00e3o no 21\u00ba Encontro do SINPROFAZ, contate a Ambiental Turismo pelo telefone (11) 3818-4600. A ag\u00eancia \u00e9 respons\u00e1vel pelas reservas e pelo parcelamento dos pacotes e tamb\u00e9m oferece a possibilidade de contrata\u00e7\u00e3o do traslado de ida e volta entre o resort e o aeroporto. Participe! Para mais informa\u00e7\u00f5es, acesse: <a href=\"http:\/\/bit.ly\/Edital21Encontro\">bit.ly\/Edital21Encontro<\/a>.","_links":{"self":[{"href":"https:\/\/sinprofaz.org.br\/2024\/wp-json\/wp\/v2\/posts\/16273"}],"collection":[{"href":"https:\/\/sinprofaz.org.br\/2024\/wp-json\/wp\/v2\/posts"}],"about":[{"href":"https:\/\/sinprofaz.org.br\/2024\/wp-json\/wp\/v2\/types\/post"}],"author":[{"embeddable":true,"href":"https:\/\/sinprofaz.org.br\/2024\/wp-json\/wp\/v2\/users\/2"}],"replies":[{"embeddable":true,"href":"https:\/\/sinprofaz.org.br\/2024\/wp-json\/wp\/v2\/comments?post=16273"}],"version-history":[{"count":2,"href":"https:\/\/sinprofaz.org.br\/2024\/wp-json\/wp\/v2\/posts\/16273\/revisions"}],"predecessor-version":[{"id":16279,"href":"https:\/\/sinprofaz.org.br\/2024\/wp-json\/wp\/v2\/posts\/16273\/revisions\/16279"}],"wp:featuredmedia":[{"embeddable":true,"href":"https:\/\/sinprofaz.org.br\/2024\/wp-json\/wp\/v2\/media\/16028"}],"wp:attachment":[{"href":"https:\/\/sinprofaz.org.br\/2024\/wp-json\/wp\/v2\/media?parent=16273"}],"wp:term":[{"taxonomy":"category","embeddable":true,"href":"https:\/\/sinprofaz.org.br\/2024\/wp-json\/wp\/v2\/categories?post=16273"},{"taxonomy":"post_tag","embeddable":true,"href":"https:\/\/sinprofaz.org.br\/2024\/wp-json\/wp\/v2\/tags?post=16273"}],"curies":[{"name":"wp","href":"https:\/\/api.w.org\/{rel}","templated":true}]}}