{"id":16251,"date":"2023-06-12T08:35:06","date_gmt":"2023-06-12T11:35:06","guid":{"rendered":"http:\/\/www.sinprofaz.org.br\/?p=16251"},"modified":"2023-06-13T09:24:39","modified_gmt":"2023-06-13T12:24:39","slug":"sinprofaz-participa-da-cerimonia-de-lancamento-do-comite-da-diversidade-e-inclusao-da-agu","status":"publish","type":"post","link":"https:\/\/sinprofaz.org.br\/2024\/noticias\/sinprofaz-participa-da-cerimonia-de-lancamento-do-comite-da-diversidade-e-inclusao-da-agu\/","title":{"rendered":"SINPROFAZ PARTICIPA DA CERIM\u00d4NIA DE LAN\u00c7AMENTO DO COMIT\u00ca DE DIVERSIDADE E INCLUS\u00c3O DA AGU"},"content":{"rendered":"<p>A presidente eleita do SINPROFAZ, Iolanda Guindani, acompanhou a cerim\u00f4nia de lan\u00e7amento do Comit\u00ea de Diversidade e Inclus\u00e3o da Advocacia-Geral da Uni\u00e3o (AGU), no dia 1\u00ba de junho, no audit\u00f3rio da Escola Superior da AGU (ESAGU), em Bras\u00edlia\/DF. O evento, ao qual compareceram diversas autoridades e representa\u00e7\u00f5es sindicais, come\u00e7ou com uma aula magna do ministro dos Direitos Humanos e da Cidadania, Silvio Almeida.<\/p>\n<p>Para o ministro-chefe da AGU e filiado, Jorge Messias, a cria\u00e7\u00e3o do Comit\u00ea \u00e9 um marco hist\u00f3rico da Institui\u00e7\u00e3o. &#8220;A retomada da agenda de diversidade requer uma mudan\u00e7a estrutural nas pol\u00edticas p\u00fablicas e na cultura organizacional das institui\u00e7\u00f5es. Devemos servir de exemplo para a sociedade, contribuindo para a gera\u00e7\u00e3o de bem-estar coletivo&#8221;, pontuou. &#8220;Essa assessoria especial vai trazer para a AGU a atualidade das quest\u00f5es que est\u00e3o no seio da sociedade brasileira, promovendo um cen\u00e1rio de acolhimento e respeito \u00e0s diferen\u00e7as e repercutindo inclusive na vida de todos os servidores para al\u00e9m do trabalho&#8221;.<\/p>\n<p>Em sua apresenta\u00e7\u00e3o, o ministro Silvio Almeida destacou a import\u00e2ncia do combate ao racismo estrutural e institucional. &#8220;Ele surge de determinadas condi\u00e7\u00f5es da organiza\u00e7\u00e3o social e pol\u00edtica e do mundo, que fazem com que os atos que consideramos racistas, do ponto de vista individual, s\u00f3 consigam ser reconhecidos como tal porque existe um pano de fundo que permite a cada um de n\u00f3s identificar a viol\u00eancia&#8221;, explicou.<\/p>\n<p>O ministro tamb\u00e9m pediu que todos se atentem para sua responsabilidade no combate ao racismo. &#8220;Esse \u00e9 um problema que n\u00e3o vai ter solu\u00e7\u00e3o na nossa gera\u00e7\u00e3o, o que n\u00e3o significa que n\u00e3o tenhamos que fazer a nossa parte. O que eu quero \u00e9 abrir espa\u00e7o para que outras pessoas que venham depois de mim possam viver em um mundo muito melhor do que eu vivi&#8221;, refor\u00e7ou Almeida.<\/p>\n<p>A Assessora Especial de Diversidade e Inclus\u00e3o e filiada, Cl\u00e1udia Aparecida Trindade, agradeceu pela cria\u00e7\u00e3o do espa\u00e7o, refor\u00e7ando que o grupo vai tratar do espa\u00e7o de mulheres, de negros e negras, de pessoas LGBTQIAP+, de pessoas com defici\u00eancia e de pessoas com mais de 60 anos na AGU, assim como das necessidades e particularidades de cada. &#8220;Na AGU, as lideran\u00e7as est\u00e3o verdadeiramente envolvidas nessa quest\u00e3o, o que faz diferen\u00e7a, porque o tempo da diversidade e da inclus\u00e3o j\u00e1 come\u00e7ou&#8221;, comentou.<\/p>\n<p>Ao acompanhar o evento como convidada, a presidente eleita do SINPROFAZ exaltou a import\u00e2ncia de se discutir a pauta da diversidade e inclus\u00e3o para todas as carreiras de Estado. &#8220;\u00c9 necess\u00e1rio que todos n\u00f3s nos envolvamos na busca pelo respeito \u00e0s diferen\u00e7as em todos os \u00e2mbitos&#8221;, afirmou. &#8220;No SINPROFAZ, tamb\u00e9m estamos atentos a esse assunto, inclusive ao colocarmos na presid\u00eancia uma mulher, demonstrando que temos espa\u00e7o na nossa Institui\u00e7\u00e3o&#8221;.<\/p>\n<p>Tamb\u00e9m participaram da cerim\u00f4nia o diretor da ESAGU e ex-presidente do\u00a0SINPROFAZ, Jo\u00e3o Carlos Souto; o corregedor-geral da AGU e ex-presidente do SINPROFAZ, Her\u00e1clio Camargo; a secret\u00e1ria-geral de Consultoria, Clarice Calixto; o secret\u00e1rio de Controle Interno, Diogo Luiz da Silva, e o presidente da Comiss\u00e3o de Igualdade Racial da Ordem dos Advogados do Brasil (OAB), Beethoven Andrade.<\/p>\n\n\t\t<style type=\"text\/css\">\n\t\t\t#gallery-1 {\n\t\t\t\tmargin: auto;\n\t\t\t}\n\t\t\t#gallery-1 .gallery-item {\n\t\t\t\tfloat: left;\n\t\t\t\tmargin-top: 10px;\n\t\t\t\ttext-align: center;\n\t\t\t\twidth: 33%;\n\t\t\t}\n\t\t\t#gallery-1 img {\n\t\t\t\tborder: 2px solid #cfcfcf;\n\t\t\t}\n\t\t\t#gallery-1 .gallery-caption {\n\t\t\t\tmargin-left: 0;\n\t\t\t}\n\t\t\t\/* see gallery_shortcode() in wp-includes\/media.php *\/\n\t\t<\/style>\n\t\t<div id='gallery-1' class='gallery galleryid-16251 gallery-columns-3 gallery-size-thumbnail'><dl class='gallery-item'>\n\t\t\t<dt class='gallery-icon landscape'>\n\t\t\t\t<a href='https:\/\/sinprofaz.org.br\/2024\/wp-content\/uploads\/2023\/06\/Comit\u00ea-da-Diversidade-2.png'><img loading=\"lazy\" decoding=\"async\" width=\"150\" height=\"150\" src=\"https:\/\/sinprofaz.org.br\/2024\/wp-content\/uploads\/2023\/06\/Comit\u00ea-da-Diversidade-2-150x150.png\" class=\"attachment-thumbnail size-thumbnail\" alt=\"\" aria-describedby=\"gallery-1-16253\" \/><\/a>\n\t\t\t<\/dt>\n\t\t\t\t<dd class='wp-caption-text gallery-caption' id='gallery-1-16253'>\n\t\t\t\tSilvio Almeida e Iolanda Guindani\n\t\t\t\t<\/dd><\/dl><dl class='gallery-item'>\n\t\t\t<dt class='gallery-icon landscape'>\n\t\t\t\t<a href='https:\/\/sinprofaz.org.br\/2024\/wp-content\/uploads\/2023\/06\/Comit\u00ea-da-Diversidade-3.png'><img loading=\"lazy\" decoding=\"async\" width=\"150\" height=\"150\" src=\"https:\/\/sinprofaz.org.br\/2024\/wp-content\/uploads\/2023\/06\/Comit\u00ea-da-Diversidade-3-150x150.png\" class=\"attachment-thumbnail size-thumbnail\" alt=\"\" aria-describedby=\"gallery-1-16254\" \/><\/a>\n\t\t\t<\/dt>\n\t\t\t\t<dd class='wp-caption-text gallery-caption' id='gallery-1-16254'>\n\t\t\t\tJo\u00e3o Carlos Souto, Iolanda Guindani e Her\u00e1clio Camargo\n\t\t\t\t<\/dd><\/dl><dl class='gallery-item'>\n\t\t\t<dt class='gallery-icon landscape'>\n\t\t\t\t<a href='https:\/\/sinprofaz.org.br\/2024\/wp-content\/uploads\/2023\/06\/Comit\u00ea-da-Diversidade-4.png'><img loading=\"lazy\" decoding=\"async\" width=\"150\" height=\"150\" src=\"https:\/\/sinprofaz.org.br\/2024\/wp-content\/uploads\/2023\/06\/Comit\u00ea-da-Diversidade-4-150x150.png\" class=\"attachment-thumbnail size-thumbnail\" alt=\"\" aria-describedby=\"gallery-1-16255\" \/><\/a>\n\t\t\t<\/dt>\n\t\t\t\t<dd class='wp-caption-text gallery-caption' id='gallery-1-16255'>\n\t\t\t\tJorge Messias e Iolanda Guindani\n\t\t\t\t<\/dd><\/dl><br style=\"clear: both\" \/><dl class='gallery-item'>\n\t\t\t<dt class='gallery-icon landscape'>\n\t\t\t\t<a href='https:\/\/sinprofaz.org.br\/2024\/wp-content\/uploads\/2023\/06\/Comit\u00ea-da-Diversidade-5.png'><img loading=\"lazy\" decoding=\"async\" width=\"150\" height=\"150\" src=\"https:\/\/sinprofaz.org.br\/2024\/wp-content\/uploads\/2023\/06\/Comit\u00ea-da-Diversidade-5-150x150.png\" class=\"attachment-thumbnail size-thumbnail\" alt=\"\" aria-describedby=\"gallery-1-16256\" \/><\/a>\n\t\t\t<\/dt>\n\t\t\t\t<dd class='wp-caption-text gallery-caption' id='gallery-1-16256'>\n\t\t\t\tMesa da cerim\u00f4nia de lan\u00e7amento\n\t\t\t\t<\/dd><\/dl>\n\t\t\t<br style='clear: both' \/>\n\t\t<\/div>\n\n","protected":false},"excerpt":{"rendered":"<p>O evento, ao qual compareceram diversas autoridades e representa\u00e7\u00f5es sindicais, come\u00e7ou com uma aula magna do ministro dos Direitos Humanos e da Cidadania, Silvio Almeida. Saiba mais!<\/p>\n","protected":false},"author":2,"featured_media":16252,"comment_status":"open","ping_status":"open","sticky":false,"template":"","format":"standard","meta":{"footnotes":""},"categories":[8],"tags":[43,203,27,202,25],"featured_image_url":"https:\/\/sinprofaz.org.br\/2024\/wp-content\/uploads\/2023\/06\/Comit\u00ea-da-Diversidade-1.png","character_count":1969,"formatted_date":"12\/06\/2023 - 08:35","contentNovo":"A presidente eleita do SINPROFAZ, Iolanda Guindani, acompanhou a cerim\u00f4nia de lan\u00e7amento do Comit\u00ea de Diversidade e Inclus\u00e3o da Advocacia-Geral da Uni\u00e3o (AGU), no dia 1\u00ba de junho, no audit\u00f3rio da Escola Superior da AGU (ESAGU), em Bras\u00edlia\/DF. O evento, ao qual compareceram diversas autoridades e representa\u00e7\u00f5es sindicais, come\u00e7ou com uma aula magna do ministro dos Direitos Humanos e da Cidadania, Silvio Almeida.\r\n\r\nPara o ministro-chefe da AGU e filiado, Jorge Messias, a cria\u00e7\u00e3o do Comit\u00ea \u00e9 um marco hist\u00f3rico da Institui\u00e7\u00e3o. \"A retomada da agenda de diversidade requer uma mudan\u00e7a estrutural nas pol\u00edticas p\u00fablicas e na cultura organizacional das institui\u00e7\u00f5es. Devemos servir de exemplo para a sociedade, contribuindo para a gera\u00e7\u00e3o de bem-estar coletivo\", pontuou. \"Essa assessoria especial vai trazer para a AGU a atualidade das quest\u00f5es que est\u00e3o no seio da sociedade brasileira, promovendo um cen\u00e1rio de acolhimento e respeito \u00e0s diferen\u00e7as e repercutindo inclusive na vida de todos os servidores para al\u00e9m do trabalho\".\r\n\r\nEm sua apresenta\u00e7\u00e3o, o ministro Silvio Almeida destacou a import\u00e2ncia do combate ao racismo estrutural e institucional. \"Ele surge de determinadas condi\u00e7\u00f5es da organiza\u00e7\u00e3o social e pol\u00edtica e do mundo, que fazem com que os atos que consideramos racistas, do ponto de vista individual, s\u00f3 consigam ser reconhecidos como tal porque existe um pano de fundo que permite a cada um de n\u00f3s identificar a viol\u00eancia\", explicou.\r\n\r\nO ministro tamb\u00e9m pediu que todos se atentem para sua responsabilidade no combate ao racismo. \"Esse \u00e9 um problema que n\u00e3o vai ter solu\u00e7\u00e3o na nossa gera\u00e7\u00e3o, o que n\u00e3o significa que n\u00e3o tenhamos que fazer a nossa parte. O que eu quero \u00e9 abrir espa\u00e7o para que outras pessoas que venham depois de mim possam viver em um mundo muito melhor do que eu vivi\", refor\u00e7ou Almeida.\r\n\r\nA Assessora Especial de Diversidade e Inclus\u00e3o e filiada, Cl\u00e1udia Aparecida Trindade, agradeceu pela cria\u00e7\u00e3o do espa\u00e7o, refor\u00e7ando que o grupo vai tratar do espa\u00e7o de mulheres, de negros e negras, de pessoas LGBTQIAP+, de pessoas com defici\u00eancia e de pessoas com mais de 60 anos na AGU, assim como das necessidades e particularidades de cada. \"Na AGU, as lideran\u00e7as est\u00e3o verdadeiramente envolvidas nessa quest\u00e3o, o que faz diferen\u00e7a, porque o tempo da diversidade e da inclus\u00e3o j\u00e1 come\u00e7ou\", comentou.\r\n\r\nAo acompanhar o evento como convidada, a presidente eleita do SINPROFAZ exaltou a import\u00e2ncia de se discutir a pauta da diversidade e inclus\u00e3o para todas as carreiras de Estado. \"\u00c9 necess\u00e1rio que todos n\u00f3s nos envolvamos na busca pelo respeito \u00e0s diferen\u00e7as em todos os \u00e2mbitos\", afirmou. \"No SINPROFAZ, tamb\u00e9m estamos atentos a esse assunto, inclusive ao colocarmos na presid\u00eancia uma mulher, demonstrando que temos espa\u00e7o na nossa Institui\u00e7\u00e3o\".\r\n\r\nTamb\u00e9m participaram da cerim\u00f4nia o diretor da ESAGU e ex-presidente do\u00a0SINPROFAZ, Jo\u00e3o Carlos Souto; o corregedor-geral da AGU e ex-presidente do SINPROFAZ, Her\u00e1clio Camargo; a secret\u00e1ria-geral de Consultoria, Clarice Calixto; o secret\u00e1rio de Controle Interno, Diogo Luiz da Silva, e o presidente da Comiss\u00e3o de Igualdade Racial da Ordem dos Advogados do Brasil (OAB), Beethoven Andrade.\r\n\r\n[gallery link=\"file\" ids=\"16253,16254,16255,16256\"]","_links":{"self":[{"href":"https:\/\/sinprofaz.org.br\/2024\/wp-json\/wp\/v2\/posts\/16251"}],"collection":[{"href":"https:\/\/sinprofaz.org.br\/2024\/wp-json\/wp\/v2\/posts"}],"about":[{"href":"https:\/\/sinprofaz.org.br\/2024\/wp-json\/wp\/v2\/types\/post"}],"author":[{"embeddable":true,"href":"https:\/\/sinprofaz.org.br\/2024\/wp-json\/wp\/v2\/users\/2"}],"replies":[{"embeddable":true,"href":"https:\/\/sinprofaz.org.br\/2024\/wp-json\/wp\/v2\/comments?post=16251"}],"version-history":[{"count":4,"href":"https:\/\/sinprofaz.org.br\/2024\/wp-json\/wp\/v2\/posts\/16251\/revisions"}],"predecessor-version":[{"id":16269,"href":"https:\/\/sinprofaz.org.br\/2024\/wp-json\/wp\/v2\/posts\/16251\/revisions\/16269"}],"wp:featuredmedia":[{"embeddable":true,"href":"https:\/\/sinprofaz.org.br\/2024\/wp-json\/wp\/v2\/media\/16252"}],"wp:attachment":[{"href":"https:\/\/sinprofaz.org.br\/2024\/wp-json\/wp\/v2\/media?parent=16251"}],"wp:term":[{"taxonomy":"category","embeddable":true,"href":"https:\/\/sinprofaz.org.br\/2024\/wp-json\/wp\/v2\/categories?post=16251"},{"taxonomy":"post_tag","embeddable":true,"href":"https:\/\/sinprofaz.org.br\/2024\/wp-json\/wp\/v2\/tags?post=16251"}],"curies":[{"name":"wp","href":"https:\/\/api.w.org\/{rel}","templated":true}]}}