{"id":1625,"date":"2014-02-03T16:01:14","date_gmt":"2014-02-03T16:01:14","guid":{"rendered":""},"modified":"-0001-11-30T00:00:00","modified_gmt":"-0001-11-30T03:00:00","slug":"poderes-da-republica-retomam-atividades-apos-recesso","status":"publish","type":"post","link":"https:\/\/sinprofaz.org.br\/2024\/noticias\/poderes-da-republica-retomam-atividades-apos-recesso\/","title":{"rendered":"Poderes da Rep\u00fablica retomam atividades ap\u00f3s recesso"},"content":{"rendered":"<p>No STF, participaram da solenidade o ministro da Justi\u00e7a, Jos\u00e9 Eduardo Cardozo, representando a presidente da Rep\u00fablica, Dilma Rousseff, o presidente do Senado, Renan Calheiros, e o procurador-geral da Rep\u00fablica, Rodrigo Janot.<\/p>\n<p>A presidente Dilma Rousseff n\u00e3o compareceu \u00e0 sess\u00e3o no STF porque tamb\u00e9m na manh\u00e3 de hoje ocorreu a cerim\u00f4nia de posse dos novos Ministros de Estado da Casa Civil, da Educa\u00e7\u00e3o, da Sa\u00fade e da Secretaria de Comunica\u00e7\u00e3o Social. O ato aconteceu no Pal\u00e1cio do Planalto.<\/p>\n<p>Na sess\u00e3o solene do Congresso Nacional, como ocorre a cada abertura de Ano Legislativo, ser\u00e1 lida a mensagem presidencial. N\u00e3o h\u00e1 confirma\u00e7\u00e3o na agenda da Presidente Dilma sobre seu comparecimento ao evento, que ter\u00e1 in\u00edcio \u00e0s 16h, no plen\u00e1rio Ulysses Guimar\u00e3es da C\u00e2mara dos Deputados.<\/p>\n<p>Ap\u00f3s a solenidade, os l\u00edderes da base do governo v\u00e3o realizar a primeira reuni\u00e3o de trabalho para alinhar a pauta discutida na semana passada junto ao Executivo. Para ter\u00e7a-feira (4) j\u00e1 est\u00e1 marcada uma reuni\u00e3o do Col\u00e9gio de L\u00edderes da C\u00e2mara dos Deputados para defini\u00e7\u00e3o da agenda priorit\u00e1ria desta curt\u00edssima sess\u00e3o legislativa.<\/p>\n<h3>Comiss\u00f5es tem\u00e1ticas<\/h3>\n<p>Na C\u00e2mara, n\u00e3o h\u00e1 reuni\u00f5es marcadas nas comiss\u00f5es tem\u00e1ticas esta semana at\u00e9 porque ainda ser\u00e1 necess\u00e1rio renovar a composi\u00e7\u00e3o desses colegiados, com respectiva elei\u00e7\u00e3o de seus presidentes e vices. Esse procedimento dever\u00e1 ocorrer at\u00e9 o final de fevereiro.<\/p>\n<p>No Senado, onde a composi\u00e7\u00e3o das comiss\u00f5es \u00e9 renovada a cada dois anos, h\u00e1 poucas atividades programadas nesta primeira semana de trabalho.<\/p>\n","protected":false},"excerpt":{"rendered":"<p>Na manh\u00e3 desta segunda-feira (3), Ano Judici\u00e1rio foi aberto em sess\u00e3o solene no Supremo Tribunal Federal. Logo mais, \u00e0s 16h, haver\u00e1 sess\u00e3o no Congresso Nacional para formalizar a abertura do Ano Legislativo.<\/p>\n","protected":false},"author":1,"featured_media":0,"comment_status":"closed","ping_status":"open","sticky":false,"template":"","format":"standard","meta":{"footnotes":""},"categories":[8],"tags":[],"featured_image_url":"https:\/\/dummyimage.com\/720x400","character_count":797,"formatted_date":"03\/02\/2014 - 16:01","contentNovo":"\r\n<p>No STF, participaram da solenidade o ministro da Justi\u00e7a, Jos\u00e9 Eduardo Cardozo, representando a presidente da Rep\u00fablica, Dilma Rousseff, o presidente do Senado, Renan Calheiros, e o procurador-geral da Rep\u00fablica, Rodrigo Janot.<\/p>\r\n<p>A presidente Dilma Rousseff n\u00e3o compareceu \u00e0 sess\u00e3o no STF porque tamb\u00e9m na manh\u00e3 de hoje ocorreu a cerim\u00f4nia de posse dos novos Ministros de Estado da Casa Civil, da Educa\u00e7\u00e3o, da Sa\u00fade e da Secretaria de Comunica\u00e7\u00e3o Social. O ato aconteceu no Pal\u00e1cio do Planalto.<\/p>\r\n<p>Na sess\u00e3o solene do Congresso Nacional, como ocorre a cada abertura de Ano Legislativo, ser\u00e1 lida a mensagem presidencial. N\u00e3o h\u00e1 confirma\u00e7\u00e3o na agenda da Presidente Dilma sobre seu comparecimento ao evento, que ter\u00e1 in\u00edcio \u00e0s 16h, no plen\u00e1rio Ulysses Guimar\u00e3es da C\u00e2mara dos Deputados.<\/p>\r\n<p>Ap\u00f3s a solenidade, os l\u00edderes da base do governo v\u00e3o realizar a primeira reuni\u00e3o de trabalho para alinhar a pauta discutida na semana passada junto ao Executivo. Para ter\u00e7a-feira (4) j\u00e1 est\u00e1 marcada uma reuni\u00e3o do Col\u00e9gio de L\u00edderes da C\u00e2mara dos Deputados para defini\u00e7\u00e3o da agenda priorit\u00e1ria desta curt\u00edssima sess\u00e3o legislativa.<\/p>\r\nComiss\u00f5es tem\u00e1ticas\r\n<p>Na C\u00e2mara, n\u00e3o h\u00e1 reuni\u00f5es marcadas nas comiss\u00f5es tem\u00e1ticas esta semana at\u00e9 porque ainda ser\u00e1 necess\u00e1rio renovar a composi\u00e7\u00e3o desses colegiados, com respectiva elei\u00e7\u00e3o de seus presidentes e vices. Esse procedimento dever\u00e1 ocorrer at\u00e9 o final de fevereiro.<\/p>\r\n<p>No Senado, onde a composi\u00e7\u00e3o das comiss\u00f5es \u00e9 renovada a cada dois anos, h\u00e1 poucas atividades programadas nesta primeira semana de trabalho.<\/p>","_links":{"self":[{"href":"https:\/\/sinprofaz.org.br\/2024\/wp-json\/wp\/v2\/posts\/1625"}],"collection":[{"href":"https:\/\/sinprofaz.org.br\/2024\/wp-json\/wp\/v2\/posts"}],"about":[{"href":"https:\/\/sinprofaz.org.br\/2024\/wp-json\/wp\/v2\/types\/post"}],"author":[{"embeddable":true,"href":"https:\/\/sinprofaz.org.br\/2024\/wp-json\/wp\/v2\/users\/1"}],"replies":[{"embeddable":true,"href":"https:\/\/sinprofaz.org.br\/2024\/wp-json\/wp\/v2\/comments?post=1625"}],"version-history":[{"count":0,"href":"https:\/\/sinprofaz.org.br\/2024\/wp-json\/wp\/v2\/posts\/1625\/revisions"}],"wp:attachment":[{"href":"https:\/\/sinprofaz.org.br\/2024\/wp-json\/wp\/v2\/media?parent=1625"}],"wp:term":[{"taxonomy":"category","embeddable":true,"href":"https:\/\/sinprofaz.org.br\/2024\/wp-json\/wp\/v2\/categories?post=1625"},{"taxonomy":"post_tag","embeddable":true,"href":"https:\/\/sinprofaz.org.br\/2024\/wp-json\/wp\/v2\/tags?post=1625"}],"curies":[{"name":"wp","href":"https:\/\/api.w.org\/{rel}","templated":true}]}}