{"id":16235,"date":"2023-06-05T08:30:21","date_gmt":"2023-06-05T11:30:21","guid":{"rendered":"http:\/\/www.sinprofaz.org.br\/?p=16235"},"modified":"2023-06-05T08:50:18","modified_gmt":"2023-06-05T11:50:18","slug":"sinprofaz-integra-mesa-de-abertura-do-vii-congresso-do-contencioso-tributario","status":"publish","type":"post","link":"https:\/\/sinprofaz.org.br\/2024\/noticias\/sinprofaz-integra-mesa-de-abertura-do-vii-congresso-do-contencioso-tributario\/","title":{"rendered":"SINPROFAZ INTEGRA MESA DE ABERTURA DO VII CONGRESSO DO CONTENCIOSO TRIBUT\u00c1RIO"},"content":{"rendered":"<p>Representado por sua presidente eleita, Iolanda Guindani, o SINPROFAZ teve espa\u00e7o de destaque na mesa de abertura da VII edi\u00e7\u00e3o do Congresso do Contencioso Tribut\u00e1rio da PGFN e do FGTS, em Bras\u00edlia, na quarta-feira (31). Ao lado dela, participaram autoridades como os ministros da Fazenda, Fernando Haddad; da Advocacia-Geral da Uni\u00e3o (AGU) e filiado, Jorge Rodrigo Ara\u00fajo Messias; do Trabalho e Emprego, Luiz Marinho; e a anfitri\u00e3 e filiada, a Procuradora-Geral da Fazenda Nacional, Anelize Lenzi Ruas de Almeida.<\/p>\n<p>Na mesa de abertura do evento, o ministro Fernando Haddad elogiou o trabalho dos Procuradores e das Procuradoras da Fazenda Nacional e destacou a import\u00e2ncia da atua\u00e7\u00e3o da Carreira para o avan\u00e7o do pa\u00eds. &#8220;Talvez nunca o Estado brasileiro tenha tido tanta depend\u00eancia do \u00eaxito de voc\u00eas em virtude de tudo que se passou nos \u00faltimos anos, quando a arrecada\u00e7\u00e3o federal teve muitas derrotas com perdas significativas no Congresso e na Justi\u00e7a&#8221;, disse. \u201cVoc\u00eas t\u00eam sido art\u00edfices da reconstru\u00e7\u00e3o, logo v\u00e3o poder dizer que ajudaram a reconstruir o Brasil para que o Estado cumpra seu papel institucional, sobretudo para a popula\u00e7\u00e3o mais pobre\u201d.<\/p>\n<p>Em seu discurso, o ministro da Advocacia-Geral da Uni\u00e3o (AGU) e filiado, Jorge Messias, tamb\u00e9m exaltou os n\u00fameros alcan\u00e7ados pela PGFN no \u00faltimo ano. \u201cO trabalho da Procuradoria recuperou R$ 39 bilh\u00f5es em d\u00edvidas com a Uni\u00e3o e com o FGTS para melhorar a vida da popula\u00e7\u00e3o brasileira, o que nos d\u00e1 muito orgulho&#8221;, salientou. &#8220;Estamos marcando a hist\u00f3ria do pa\u00eds, com mecanismos que criam justi\u00e7a fiscal e tribut\u00e1ria como base na justi\u00e7a social\u201d.<\/p>\n<p>Em sua fala, a presidente eleita do SINPROFAZ, Iolanda Guindani, agradeceu os ministros pelas palavras e destacou que o congresso \u00e9 importante para que os servidores da PGFN permane\u00e7am unidos em defesa dos recursos p\u00fablicos brasileiros. &#8220;A reuni\u00e3o presencial potencializa nossa energia e refor\u00e7a nosso sentimento de pertencimento&#8221;, comentou.<\/p>\n<p>Direcionando-se \u00e0 Procuradora-Geral da Fazenda Nacional e filiada, Anelize Lenzi, Iolanda tamb\u00e9m registrou uma demanda da categoria, pedindo aten\u00e7\u00e3o ao tema. &#8220;\u00c9 nosso desejo que seja aprovado o projeto de lei da carreira de apoio, uma luta muito antiga que impacta nossa sa\u00fade f\u00edsica e mental&#8221;, ressaltou. A presidente eleita do SINPROFAZ depois acrescentou: &#8220;O investimento na estrutura da PGFN vai permitir a supera\u00e7\u00e3o dos j\u00e1 altos recordes de arrecada\u00e7\u00e3o e, consequentemente, o fortalecimento da AGU junto aos demais \u00f3rg\u00e3os de governo&#8221;.<\/p>\n<p>O ministro do Trabalho e Emprego, Luiz Marinho, tamb\u00e9m exaltou a import\u00e2ncia dos Procuradores e das Procuradoras para o momento do Brasil. \u201cVoc\u00eas t\u00eam uma grande responsabilidade na reconstru\u00e7\u00e3o do pa\u00eds, temos uma grande tarefa, porque nossos fundos p\u00fablicos est\u00e3o sob ataque especulativo, as estruturas p\u00fablicas sofreram muito nesse \u00faltimo per\u00edodo, portanto o pa\u00eds depender\u00e1 muito da AGU e da PGFN\u201d, afirmou.<\/p>\n<p>O VII Congresso do Contencioso Tribut\u00e1rio da PGFN e do FGTS teve apoio do SINPROFAZ e durou tr\u00eas dias, tratando de temas de grande interesse atual, como reforma tribut\u00e1ria, pol\u00edticas p\u00fablicas com diversidade, estrat\u00e9gias na defesa e cobran\u00e7a de cr\u00e9dito, tributa\u00e7\u00e3o e economia digital.<\/p>\n\n\t\t<style type=\"text\/css\">\n\t\t\t#gallery-1 {\n\t\t\t\tmargin: auto;\n\t\t\t}\n\t\t\t#gallery-1 .gallery-item {\n\t\t\t\tfloat: left;\n\t\t\t\tmargin-top: 10px;\n\t\t\t\ttext-align: center;\n\t\t\t\twidth: 33%;\n\t\t\t}\n\t\t\t#gallery-1 img {\n\t\t\t\tborder: 2px solid #cfcfcf;\n\t\t\t}\n\t\t\t#gallery-1 .gallery-caption {\n\t\t\t\tmargin-left: 0;\n\t\t\t}\n\t\t\t\/* see gallery_shortcode() in wp-includes\/media.php *\/\n\t\t<\/style>\n\t\t<div id='gallery-1' class='gallery galleryid-16235 gallery-columns-3 gallery-size-thumbnail'><dl class='gallery-item'>\n\t\t\t<dt class='gallery-icon landscape'>\n\t\t\t\t<a href='https:\/\/sinprofaz.org.br\/2024\/wp-content\/uploads\/2023\/06\/abertura-do-VII-Congresso-2.jpg'><img loading=\"lazy\" decoding=\"async\" width=\"150\" height=\"150\" src=\"https:\/\/sinprofaz.org.br\/2024\/wp-content\/uploads\/2023\/06\/abertura-do-VII-Congresso-2-150x150.jpg\" class=\"attachment-thumbnail size-thumbnail\" alt=\"\" \/><\/a>\n\t\t\t<\/dt><\/dl><dl class='gallery-item'>\n\t\t\t<dt class='gallery-icon landscape'>\n\t\t\t\t<a href='https:\/\/sinprofaz.org.br\/2024\/wp-content\/uploads\/2023\/06\/abertura-do-VII-Congresso-3.jpg'><img loading=\"lazy\" decoding=\"async\" width=\"150\" height=\"150\" src=\"https:\/\/sinprofaz.org.br\/2024\/wp-content\/uploads\/2023\/06\/abertura-do-VII-Congresso-3-150x150.jpg\" class=\"attachment-thumbnail size-thumbnail\" alt=\"\" \/><\/a>\n\t\t\t<\/dt><\/dl><dl class='gallery-item'>\n\t\t\t<dt class='gallery-icon landscape'>\n\t\t\t\t<a href='https:\/\/sinprofaz.org.br\/2024\/wp-content\/uploads\/2023\/06\/abertura-do-VII-Congresso-4.jpg'><img loading=\"lazy\" decoding=\"async\" width=\"150\" height=\"150\" src=\"https:\/\/sinprofaz.org.br\/2024\/wp-content\/uploads\/2023\/06\/abertura-do-VII-Congresso-4-150x150.jpg\" class=\"attachment-thumbnail size-thumbnail\" alt=\"\" \/><\/a>\n\t\t\t<\/dt><\/dl><br style=\"clear: both\" \/><dl class='gallery-item'>\n\t\t\t<dt class='gallery-icon landscape'>\n\t\t\t\t<a href='https:\/\/sinprofaz.org.br\/2024\/wp-content\/uploads\/2023\/06\/abertura-do-VII-Congresso-5.jpg'><img loading=\"lazy\" decoding=\"async\" width=\"150\" height=\"150\" src=\"https:\/\/sinprofaz.org.br\/2024\/wp-content\/uploads\/2023\/06\/abertura-do-VII-Congresso-5-150x150.jpg\" class=\"attachment-thumbnail size-thumbnail\" alt=\"\" \/><\/a>\n\t\t\t<\/dt><\/dl>\n\t\t\t<br style='clear: both' \/>\n\t\t<\/div>\n\n","protected":false},"excerpt":{"rendered":"<p>Representado por sua presidente eleita, Iolanda Guindani, o SINPROFAZ teve espa\u00e7o de destaque na mesa de abertura da VII edi\u00e7\u00e3o do Congresso do Contencioso Tribut\u00e1rio da PGFN e do FGTS, em Bras\u00edlia, na quarta-feira (31).<\/p>\n","protected":false},"author":2,"featured_media":16236,"comment_status":"open","ping_status":"open","sticky":false,"template":"","format":"standard","meta":{"footnotes":""},"categories":[8],"tags":[201,44],"featured_image_url":"https:\/\/sinprofaz.org.br\/2024\/wp-content\/uploads\/2023\/06\/abertura-do-VII-Congresso-1.jpg","character_count":1864,"formatted_date":"05\/06\/2023 - 08:30","contentNovo":"Representado por sua presidente eleita, Iolanda Guindani, o SINPROFAZ teve espa\u00e7o de destaque na mesa de abertura da VII edi\u00e7\u00e3o do Congresso do Contencioso Tribut\u00e1rio da PGFN e do FGTS, em Bras\u00edlia, na quarta-feira (31). Ao lado dela, participaram autoridades como os ministros da Fazenda, Fernando Haddad; da Advocacia-Geral da Uni\u00e3o (AGU) e filiado, Jorge Rodrigo Ara\u00fajo Messias; do Trabalho e Emprego, Luiz Marinho; e a anfitri\u00e3 e filiada, a Procuradora-Geral da Fazenda Nacional, Anelize Lenzi Ruas de Almeida.\r\n\r\nNa mesa de abertura do evento, o ministro Fernando Haddad elogiou o trabalho dos Procuradores e das Procuradoras da Fazenda Nacional e destacou a import\u00e2ncia da atua\u00e7\u00e3o da Carreira para o avan\u00e7o do pa\u00eds. \"Talvez nunca o Estado brasileiro tenha tido tanta depend\u00eancia do \u00eaxito de voc\u00eas em virtude de tudo que se passou nos \u00faltimos anos, quando a arrecada\u00e7\u00e3o federal teve muitas derrotas com perdas significativas no Congresso e na Justi\u00e7a\", disse. \u201cVoc\u00eas t\u00eam sido art\u00edfices da reconstru\u00e7\u00e3o, logo v\u00e3o poder dizer que ajudaram a reconstruir o Brasil para que o Estado cumpra seu papel institucional, sobretudo para a popula\u00e7\u00e3o mais pobre\u201d.\r\n\r\nEm seu discurso, o ministro da Advocacia-Geral da Uni\u00e3o (AGU) e filiado, Jorge Messias, tamb\u00e9m exaltou os n\u00fameros alcan\u00e7ados pela PGFN no \u00faltimo ano. \u201cO trabalho da Procuradoria recuperou R$ 39 bilh\u00f5es em d\u00edvidas com a Uni\u00e3o e com o FGTS para melhorar a vida da popula\u00e7\u00e3o brasileira, o que nos d\u00e1 muito orgulho\", salientou. \"Estamos marcando a hist\u00f3ria do pa\u00eds, com mecanismos que criam justi\u00e7a fiscal e tribut\u00e1ria como base na justi\u00e7a social\u201d.\r\n\r\nEm sua fala, a presidente eleita do SINPROFAZ, Iolanda Guindani, agradeceu os ministros pelas palavras e destacou que o congresso \u00e9 importante para que os servidores da PGFN permane\u00e7am unidos em defesa dos recursos p\u00fablicos brasileiros. \"A reuni\u00e3o presencial potencializa nossa energia e refor\u00e7a nosso sentimento de pertencimento\", comentou.\r\n\r\nDirecionando-se \u00e0 Procuradora-Geral da Fazenda Nacional e filiada, Anelize Lenzi, Iolanda tamb\u00e9m registrou uma demanda da categoria, pedindo aten\u00e7\u00e3o ao tema. \"\u00c9 nosso desejo que seja aprovado o projeto de lei da carreira de apoio, uma luta muito antiga que impacta nossa sa\u00fade f\u00edsica e mental\", ressaltou. A presidente eleita do SINPROFAZ depois acrescentou: \"O investimento na estrutura da PGFN vai permitir a supera\u00e7\u00e3o dos j\u00e1 altos recordes de arrecada\u00e7\u00e3o e, consequentemente, o fortalecimento da AGU junto aos demais \u00f3rg\u00e3os de governo\".\r\n\r\nO ministro do Trabalho e Emprego, Luiz Marinho, tamb\u00e9m exaltou a import\u00e2ncia dos Procuradores e das Procuradoras para o momento do Brasil. \u201cVoc\u00eas t\u00eam uma grande responsabilidade na reconstru\u00e7\u00e3o do pa\u00eds, temos uma grande tarefa, porque nossos fundos p\u00fablicos est\u00e3o sob ataque especulativo, as estruturas p\u00fablicas sofreram muito nesse \u00faltimo per\u00edodo, portanto o pa\u00eds depender\u00e1 muito da AGU e da PGFN\u201d, afirmou.\r\n\r\nO VII Congresso do Contencioso Tribut\u00e1rio da PGFN e do FGTS teve apoio do SINPROFAZ e durou tr\u00eas dias, tratando de temas de grande interesse atual, como reforma tribut\u00e1ria, pol\u00edticas p\u00fablicas com diversidade, estrat\u00e9gias na defesa e cobran\u00e7a de cr\u00e9dito, tributa\u00e7\u00e3o e economia digital.\r\n\r\n[gallery link=\"file\" ids=\"16237,16238,16239,16240\"]","_links":{"self":[{"href":"https:\/\/sinprofaz.org.br\/2024\/wp-json\/wp\/v2\/posts\/16235"}],"collection":[{"href":"https:\/\/sinprofaz.org.br\/2024\/wp-json\/wp\/v2\/posts"}],"about":[{"href":"https:\/\/sinprofaz.org.br\/2024\/wp-json\/wp\/v2\/types\/post"}],"author":[{"embeddable":true,"href":"https:\/\/sinprofaz.org.br\/2024\/wp-json\/wp\/v2\/users\/2"}],"replies":[{"embeddable":true,"href":"https:\/\/sinprofaz.org.br\/2024\/wp-json\/wp\/v2\/comments?post=16235"}],"version-history":[{"count":4,"href":"https:\/\/sinprofaz.org.br\/2024\/wp-json\/wp\/v2\/posts\/16235\/revisions"}],"predecessor-version":[{"id":16244,"href":"https:\/\/sinprofaz.org.br\/2024\/wp-json\/wp\/v2\/posts\/16235\/revisions\/16244"}],"wp:featuredmedia":[{"embeddable":true,"href":"https:\/\/sinprofaz.org.br\/2024\/wp-json\/wp\/v2\/media\/16236"}],"wp:attachment":[{"href":"https:\/\/sinprofaz.org.br\/2024\/wp-json\/wp\/v2\/media?parent=16235"}],"wp:term":[{"taxonomy":"category","embeddable":true,"href":"https:\/\/sinprofaz.org.br\/2024\/wp-json\/wp\/v2\/categories?post=16235"},{"taxonomy":"post_tag","embeddable":true,"href":"https:\/\/sinprofaz.org.br\/2024\/wp-json\/wp\/v2\/tags?post=16235"}],"curies":[{"name":"wp","href":"https:\/\/api.w.org\/{rel}","templated":true}]}}