{"id":16228,"date":"2023-06-01T08:36:25","date_gmt":"2023-06-01T11:36:25","guid":{"rendered":"http:\/\/www.sinprofaz.org.br\/?p=16228"},"modified":"2023-06-01T08:36:25","modified_gmt":"2023-06-01T11:36:25","slug":"hoje-filiadas-e-filiados-elegerao-nova-diretoria-do-sinprofaz","status":"publish","type":"post","link":"https:\/\/sinprofaz.org.br\/2024\/noticias\/hoje-filiadas-e-filiados-elegerao-nova-diretoria-do-sinprofaz\/","title":{"rendered":"HOJE: FILIADAS E FILIADOS ELEGER\u00c3O NOVA DIRETORIA DO SINPROFAZ"},"content":{"rendered":"<p>Filiadas e Filiados, aten\u00e7\u00e3o: a elei\u00e7\u00e3o da Diretoria do SINPROFAZ para o Bi\u00eanio 2023-2025 ocorre HOJE, dia 1\u00ba de junho, das 9h \u00e0s 18h, por meio do sistema <a href=\"http:\/\/bit.ly\/Elei\u00e7aoSINPROFAZ\">bit.ly\/Elei\u00e7aoSINPROFAZ<\/a>.<\/p>\n<p>Procuradoras e Procuradores da Fazenda Nacional s\u00e3o convidados para participar do pleito, a ser realizado exclusivamente de forma eletr\u00f4nica. Conforme a Junta de Julgamento do SINPROFAZ, apenas a chapa &#8220;Democracia, Representatividade e Compromisso&#8221;, liderada por Iolanda Guindani, se inscreveu para disputar a elei\u00e7\u00e3o.<\/p>\n<p>Colega, acesse <a href=\"http:\/\/bit.ly\/Elei\u00e7aoSINPROFAZ\">bit.ly\/Elei\u00e7aoSINPROFAZ<\/a> e registre seu voto secreto!<\/p>\n","protected":false},"excerpt":{"rendered":"<p>Os PFNs s\u00e3o convidados para participar do pleito, a ser realizado de forma eletr\u00f4nica. Conforme a Junta de Julgamento, apenas a chapa &#8220;Democracia, Representatividade e Compromisso&#8221;, liderada por Iolanda Guindani, se inscreveu para disputar a elei\u00e7\u00e3o.<\/p>\n","protected":false},"author":2,"featured_media":16223,"comment_status":"open","ping_status":"open","sticky":false,"template":"","format":"standard","meta":{"footnotes":""},"categories":[8],"tags":[27,148,146,25],"featured_image_url":"https:\/\/sinprofaz.org.br\/2024\/wp-content\/uploads\/2023\/05\/logo-marca-sinprofaz.jpg","character_count":296,"formatted_date":"01\/06\/2023 - 08:36","contentNovo":"Filiadas e Filiados, aten\u00e7\u00e3o: a elei\u00e7\u00e3o da Diretoria do SINPROFAZ para o Bi\u00eanio 2023-2025 ocorre HOJE, dia 1\u00ba de junho, das 9h \u00e0s 18h, por meio do sistema <a href=\"http:\/\/bit.ly\/Elei\u00e7aoSINPROFAZ\">bit.ly\/Elei\u00e7aoSINPROFAZ<\/a>.\r\n\r\nProcuradoras e Procuradores da Fazenda Nacional s\u00e3o convidados para participar do pleito, a ser realizado exclusivamente de forma eletr\u00f4nica. Conforme a Junta de Julgamento do SINPROFAZ, apenas a chapa \"Democracia, Representatividade e Compromisso\", liderada por Iolanda Guindani, se inscreveu para disputar a elei\u00e7\u00e3o.\r\n\r\nColega, acesse <a href=\"http:\/\/bit.ly\/Elei\u00e7aoSINPROFAZ\">bit.ly\/Elei\u00e7aoSINPROFAZ<\/a> e registre seu voto secreto!","_links":{"self":[{"href":"https:\/\/sinprofaz.org.br\/2024\/wp-json\/wp\/v2\/posts\/16228"}],"collection":[{"href":"https:\/\/sinprofaz.org.br\/2024\/wp-json\/wp\/v2\/posts"}],"about":[{"href":"https:\/\/sinprofaz.org.br\/2024\/wp-json\/wp\/v2\/types\/post"}],"author":[{"embeddable":true,"href":"https:\/\/sinprofaz.org.br\/2024\/wp-json\/wp\/v2\/users\/2"}],"replies":[{"embeddable":true,"href":"https:\/\/sinprofaz.org.br\/2024\/wp-json\/wp\/v2\/comments?post=16228"}],"version-history":[{"count":1,"href":"https:\/\/sinprofaz.org.br\/2024\/wp-json\/wp\/v2\/posts\/16228\/revisions"}],"predecessor-version":[{"id":16229,"href":"https:\/\/sinprofaz.org.br\/2024\/wp-json\/wp\/v2\/posts\/16228\/revisions\/16229"}],"wp:featuredmedia":[{"embeddable":true,"href":"https:\/\/sinprofaz.org.br\/2024\/wp-json\/wp\/v2\/media\/16223"}],"wp:attachment":[{"href":"https:\/\/sinprofaz.org.br\/2024\/wp-json\/wp\/v2\/media?parent=16228"}],"wp:term":[{"taxonomy":"category","embeddable":true,"href":"https:\/\/sinprofaz.org.br\/2024\/wp-json\/wp\/v2\/categories?post=16228"},{"taxonomy":"post_tag","embeddable":true,"href":"https:\/\/sinprofaz.org.br\/2024\/wp-json\/wp\/v2\/tags?post=16228"}],"curies":[{"name":"wp","href":"https:\/\/api.w.org\/{rel}","templated":true}]}}