{"id":16216,"date":"2023-05-30T08:26:44","date_gmt":"2023-05-30T11:26:44","guid":{"rendered":"http:\/\/www.sinprofaz.org.br\/?p=16216"},"modified":"2023-05-31T09:28:39","modified_gmt":"2023-05-31T12:28:39","slug":"sinprofaz-comparece-ao-lancamento-da-nova-cartilha-da-auditoria-cidada-da-divida","status":"publish","type":"post","link":"https:\/\/sinprofaz.org.br\/2024\/noticias\/sinprofaz-comparece-ao-lancamento-da-nova-cartilha-da-auditoria-cidada-da-divida\/","title":{"rendered":"SINPROFAZ COMPARECE AO LAN\u00c7AMENTO DA NOVA CARTILHA DA AUDITORIA CIDAD\u00c3 DA D\u00cdVIDA"},"content":{"rendered":"<p>O SINPROFAZ, representado pelo diretor S\u00e9rgio Carneiro, compareceu na ter\u00e7a-feira (23) ao evento de lan\u00e7amento da cartilha &#8220;Auditoria da D\u00edvida P\u00fablica: Ferramenta fundamental para garantir transpar\u00eancia, correta aplica\u00e7\u00e3o dos recursos p\u00fablicos e desenvolvimento socioecon\u00f4mico do Brasil&#8221;. Organizado pela Auditoria Cidad\u00e3 da D\u00edvida, o lan\u00e7amento ocorreu na C\u00e2mara dos Deputados e contou com a participa\u00e7\u00e3o de parlamentares como Fernanda Melchionna (PSOL\/RS), Chico Alencar (PSOL\/RJ), Glauber Braga (PSOL\/RJ) e Duda Salabert (PDT\/MG).<\/p>\n<p>O evento foi conduzido pela coordenadora nacional da Auditoria Cidad\u00e3 da D\u00edvida, Maria Lucia Fattorelli, que, em discurso, pleiteou a defini\u00e7\u00e3o, pelo Parlamento, de regras fiscais compat\u00edveis com a amplia\u00e7\u00e3o dos investimentos p\u00fablicos, especialmente nas \u00e1reas que mais necessitam. &#8220;O pa\u00eds precisa sair do fosso social e econ\u00f4mico em que se encontra. Para isso, existem recursos mais que suficientes, que est\u00e3o, por\u00e9m, reservados para o sistema da d\u00edvida&#8221;, explicou ao p\u00fablico. De acordo com a coordenadora, a cartilha prop\u00f5e alternativas \u00e0 atual agenda de austeridade fiscal.<\/p>\n<p>Para que deputados federais e senadores se sensibilizem a respeito de temas como a urg\u00eancia da auditoria da d\u00edvida p\u00fablica e a necessidade de limita\u00e7\u00e3o dos juros, exemplares da cartilha ser\u00e3o entregues nos gabinetes do Congresso Nacional. A cartilha &#8220;Auditoria da D\u00edvida P\u00fablica: Ferramenta fundamental para garantir transpar\u00eancia, correta aplica\u00e7\u00e3o dos recursos p\u00fablicos e desenvolvimento socioecon\u00f4mico do Brasil&#8221; est\u00e1 dispon\u00edvel para download em: <a href=\"http:\/\/bit.ly\/AuditoriaDividaPublica\">bit.ly\/AuditoriaDividaPublica<\/a><\/p>\n\n\t\t<style type=\"text\/css\">\n\t\t\t#gallery-1 {\n\t\t\t\tmargin: auto;\n\t\t\t}\n\t\t\t#gallery-1 .gallery-item {\n\t\t\t\tfloat: left;\n\t\t\t\tmargin-top: 10px;\n\t\t\t\ttext-align: center;\n\t\t\t\twidth: 33%;\n\t\t\t}\n\t\t\t#gallery-1 img {\n\t\t\t\tborder: 2px solid #cfcfcf;\n\t\t\t}\n\t\t\t#gallery-1 .gallery-caption {\n\t\t\t\tmargin-left: 0;\n\t\t\t}\n\t\t\t\/* see gallery_shortcode() in wp-includes\/media.php *\/\n\t\t<\/style>\n\t\t<div id='gallery-1' class='gallery galleryid-16216 gallery-columns-3 gallery-size-thumbnail'><dl class='gallery-item'>\n\t\t\t<dt class='gallery-icon landscape'>\n\t\t\t\t<a href='https:\/\/sinprofaz.org.br\/2024\/wp-content\/uploads\/2023\/05\/lan\u00e7amento-cartilha-2.jpg'><img loading=\"lazy\" decoding=\"async\" width=\"150\" height=\"150\" src=\"https:\/\/sinprofaz.org.br\/2024\/wp-content\/uploads\/2023\/05\/lan\u00e7amento-cartilha-2-150x150.jpg\" class=\"attachment-thumbnail size-thumbnail\" alt=\"\" aria-describedby=\"gallery-1-16218\" \/><\/a>\n\t\t\t<\/dt>\n\t\t\t\t<dd class='wp-caption-text gallery-caption' id='gallery-1-16218'>\n\t\t\t\tFernanda Melchionna e S\u00e9rgio Carneiro\n\t\t\t\t<\/dd><\/dl><dl class='gallery-item'>\n\t\t\t<dt class='gallery-icon landscape'>\n\t\t\t\t<a href='https:\/\/sinprofaz.org.br\/2024\/wp-content\/uploads\/2023\/05\/lan\u00e7amento-cartilha-3.jpg'><img loading=\"lazy\" decoding=\"async\" width=\"150\" height=\"150\" src=\"https:\/\/sinprofaz.org.br\/2024\/wp-content\/uploads\/2023\/05\/lan\u00e7amento-cartilha-3-150x150.jpg\" class=\"attachment-thumbnail size-thumbnail\" alt=\"\" aria-describedby=\"gallery-1-16219\" \/><\/a>\n\t\t\t<\/dt>\n\t\t\t\t<dd class='wp-caption-text gallery-caption' id='gallery-1-16219'>\n\t\t\t\tS\u00e9rgio Carneiro e Glauber Braga\n\t\t\t\t<\/dd><\/dl><dl class='gallery-item'>\n\t\t\t<dt class='gallery-icon landscape'>\n\t\t\t\t<a href='https:\/\/sinprofaz.org.br\/2024\/wp-content\/uploads\/2023\/05\/lan\u00e7amento-cartilha-4.jpg'><img loading=\"lazy\" decoding=\"async\" width=\"150\" height=\"150\" src=\"https:\/\/sinprofaz.org.br\/2024\/wp-content\/uploads\/2023\/05\/lan\u00e7amento-cartilha-4-150x150.jpg\" class=\"attachment-thumbnail size-thumbnail\" alt=\"\" aria-describedby=\"gallery-1-16220\" \/><\/a>\n\t\t\t<\/dt>\n\t\t\t\t<dd class='wp-caption-text gallery-caption' id='gallery-1-16220'>\n\t\t\t\tFernanda Melchionna discursa para o p\u00fablico\n\t\t\t\t<\/dd><\/dl><br style=\"clear: both\" \/>\n\t\t<\/div>\n\n","protected":false},"excerpt":{"rendered":"<p>O diretor S\u00e9rgio Carneiro esteve no lan\u00e7amento da cartilha &#8220;Auditoria da D\u00edvida P\u00fablica: Ferramenta fundamental para garantir transpar\u00eancia, correta aplica\u00e7\u00e3o dos recursos p\u00fablicos e desenvolvimento socioecon\u00f4mico do Brasil&#8221;.<\/p>\n","protected":false},"author":2,"featured_media":16217,"comment_status":"open","ping_status":"open","sticky":false,"template":"","format":"standard","meta":{"footnotes":""},"categories":[8],"tags":[159,48,25],"featured_image_url":"https:\/\/sinprofaz.org.br\/2024\/wp-content\/uploads\/2023\/05\/lan\u00e7amento-cartilha-1.jpg","character_count":1106,"formatted_date":"30\/05\/2023 - 08:26","contentNovo":"O SINPROFAZ, representado pelo diretor S\u00e9rgio Carneiro, compareceu na ter\u00e7a-feira (23) ao evento de lan\u00e7amento da cartilha \"Auditoria da D\u00edvida P\u00fablica: Ferramenta fundamental para garantir transpar\u00eancia, correta aplica\u00e7\u00e3o dos recursos p\u00fablicos e desenvolvimento socioecon\u00f4mico do Brasil\". Organizado pela Auditoria Cidad\u00e3 da D\u00edvida, o lan\u00e7amento ocorreu na C\u00e2mara dos Deputados e contou com a participa\u00e7\u00e3o de parlamentares como Fernanda Melchionna (PSOL\/RS), Chico Alencar (PSOL\/RJ), Glauber Braga (PSOL\/RJ) e Duda Salabert (PDT\/MG).\r\n\r\nO evento foi conduzido pela coordenadora nacional da Auditoria Cidad\u00e3 da D\u00edvida, Maria Lucia Fattorelli, que, em discurso, pleiteou a defini\u00e7\u00e3o, pelo Parlamento, de regras fiscais compat\u00edveis com a amplia\u00e7\u00e3o dos investimentos p\u00fablicos, especialmente nas \u00e1reas que mais necessitam. \"O pa\u00eds precisa sair do fosso social e econ\u00f4mico em que se encontra. Para isso, existem recursos mais que suficientes, que est\u00e3o, por\u00e9m, reservados para o sistema da d\u00edvida\", explicou ao p\u00fablico. De acordo com a coordenadora, a cartilha prop\u00f5e alternativas \u00e0 atual agenda de austeridade fiscal.\r\n\r\nPara que deputados federais e senadores se sensibilizem a respeito de temas como a urg\u00eancia da auditoria da d\u00edvida p\u00fablica e a necessidade de limita\u00e7\u00e3o dos juros, exemplares da cartilha ser\u00e3o entregues nos gabinetes do Congresso Nacional. A cartilha \"Auditoria da D\u00edvida P\u00fablica: Ferramenta fundamental para garantir transpar\u00eancia, correta aplica\u00e7\u00e3o dos recursos p\u00fablicos e desenvolvimento socioecon\u00f4mico do Brasil\" est\u00e1 dispon\u00edvel para download em: <a href=\"http:\/\/bit.ly\/AuditoriaDividaPublica\">bit.ly\/AuditoriaDividaPublica<\/a>\r\n\r\n[gallery link=\"file\" ids=\"16218,16219,16220\"]","_links":{"self":[{"href":"https:\/\/sinprofaz.org.br\/2024\/wp-json\/wp\/v2\/posts\/16216"}],"collection":[{"href":"https:\/\/sinprofaz.org.br\/2024\/wp-json\/wp\/v2\/posts"}],"about":[{"href":"https:\/\/sinprofaz.org.br\/2024\/wp-json\/wp\/v2\/types\/post"}],"author":[{"embeddable":true,"href":"https:\/\/sinprofaz.org.br\/2024\/wp-json\/wp\/v2\/users\/2"}],"replies":[{"embeddable":true,"href":"https:\/\/sinprofaz.org.br\/2024\/wp-json\/wp\/v2\/comments?post=16216"}],"version-history":[{"count":3,"href":"https:\/\/sinprofaz.org.br\/2024\/wp-json\/wp\/v2\/posts\/16216\/revisions"}],"predecessor-version":[{"id":16226,"href":"https:\/\/sinprofaz.org.br\/2024\/wp-json\/wp\/v2\/posts\/16216\/revisions\/16226"}],"wp:featuredmedia":[{"embeddable":true,"href":"https:\/\/sinprofaz.org.br\/2024\/wp-json\/wp\/v2\/media\/16217"}],"wp:attachment":[{"href":"https:\/\/sinprofaz.org.br\/2024\/wp-json\/wp\/v2\/media?parent=16216"}],"wp:term":[{"taxonomy":"category","embeddable":true,"href":"https:\/\/sinprofaz.org.br\/2024\/wp-json\/wp\/v2\/categories?post=16216"},{"taxonomy":"post_tag","embeddable":true,"href":"https:\/\/sinprofaz.org.br\/2024\/wp-json\/wp\/v2\/tags?post=16216"}],"curies":[{"name":"wp","href":"https:\/\/api.w.org\/{rel}","templated":true}]}}