{"id":16214,"date":"2023-05-26T08:24:54","date_gmt":"2023-05-26T11:24:54","guid":{"rendered":"http:\/\/www.sinprofaz.org.br\/?p=16214"},"modified":"2023-05-26T08:24:54","modified_gmt":"2023-05-26T11:24:54","slug":"21o-encontro-pacotes-podem-ser-parcelados-em-ate-8x-sem-juros","status":"publish","type":"post","link":"https:\/\/sinprofaz.org.br\/2024\/noticias\/21o-encontro-pacotes-podem-ser-parcelados-em-ate-8x-sem-juros\/","title":{"rendered":"21\u00ba ENCONTRO: PACOTES PODEM SER PARCELADOS EM AT\u00c9 8X SEM JUROS"},"content":{"rendered":"<p>Filiadas e Filiados j\u00e1 registraram na agenda: o 21\u00ba Encontro do SINPROFAZ ocorre de 30 de novembro a 3 de dezembro de 2023, no Club Med Rio das Pedras, no Rio de Janeiro. Para aquelas e aqueles que ainda n\u00e3o garantiram a participa\u00e7\u00e3o, o Sindicato oferece a facilidade do parcelamento dos pagamentos. Saiba mais!<\/p>\n<p><strong>Forma de pagamento<\/strong><br \/>\nPara realizar a reserva de um quarto no resort, os PFNs devem contatar a Ambiental Turismo pelo telefone (11) 3818-4600. A ag\u00eancia possibilita o parcelamento do pagamento da hospedagem em at\u00e9 oito (8) vezes sem juros no cart\u00e3o, como previsto no Edital. Em raz\u00e3o da quantidade limitada de apartamentos dispon\u00edveis, o SINPROFAZ destaca: garanta sua vaga o mais rapidamente poss\u00edvel!<\/p>\n<p>A Ambiental Turismo informa, ainda, que a reserva somente ser\u00e1 confirmada depois que os documentos e o pagamento forem recebidos pela ag\u00eancia. N\u00e3o h\u00e1 a possibilidade de reservas para aquisi\u00e7\u00e3o posterior de pacotes. Para mais informa\u00e7\u00f5es sobre o 21\u00ba Encontro do SINPROFAZ, a Carreira deve acessar o regulamento do evento: <a href=\"http:\/\/bit.ly\/Edital21Encontro\">bit.ly\/Edital21Encontro<\/a>. Todas e todos est\u00e3o convidados para participar!<\/p>\n","protected":false},"excerpt":{"rendered":"<p>Filiadas e Filiados j\u00e1 registraram na agenda: o 21\u00ba Encontro do SINPROFAZ ocorre de 30 de novembro a 3 de dezembro, no Club Med Rio das Pedras. Para aqueles que ainda n\u00e3o garantiram a participa\u00e7\u00e3o, o Sindicato oferece a facilidade do parcelamento dos pagamentos.<\/p>\n","protected":false},"author":2,"featured_media":16028,"comment_status":"open","ping_status":"open","sticky":false,"template":"","format":"standard","meta":{"footnotes":""},"categories":[8],"tags":[32,62,25],"featured_image_url":"https:\/\/sinprofaz.org.br\/2024\/wp-content\/uploads\/2023\/04\/21-encontro-.jpg","character_count":564,"formatted_date":"26\/05\/2023 - 08:24","contentNovo":"Filiadas e Filiados j\u00e1 registraram na agenda: o 21\u00ba Encontro do SINPROFAZ ocorre de 30 de novembro a 3 de dezembro de 2023, no Club Med Rio das Pedras, no Rio de Janeiro. Para aquelas e aqueles que ainda n\u00e3o garantiram a participa\u00e7\u00e3o, o Sindicato oferece a facilidade do parcelamento dos pagamentos. Saiba mais!\r\n\r\n<strong>Forma de pagamento<\/strong>\r\nPara realizar a reserva de um quarto no resort, os PFNs devem contatar a Ambiental Turismo pelo telefone (11) 3818-4600. A ag\u00eancia possibilita o parcelamento do pagamento da hospedagem em at\u00e9 oito (8) vezes sem juros no cart\u00e3o, como previsto no Edital. Em raz\u00e3o da quantidade limitada de apartamentos dispon\u00edveis, o SINPROFAZ destaca: garanta sua vaga o mais rapidamente poss\u00edvel!\r\n\r\nA Ambiental Turismo informa, ainda, que a reserva somente ser\u00e1 confirmada depois que os documentos e o pagamento forem recebidos pela ag\u00eancia. N\u00e3o h\u00e1 a possibilidade de reservas para aquisi\u00e7\u00e3o posterior de pacotes. Para mais informa\u00e7\u00f5es sobre o 21\u00ba Encontro do SINPROFAZ, a Carreira deve acessar o regulamento do evento: <a href=\"http:\/\/bit.ly\/Edital21Encontro\">bit.ly\/Edital21Encontro<\/a>. Todas e todos est\u00e3o convidados para participar!","_links":{"self":[{"href":"https:\/\/sinprofaz.org.br\/2024\/wp-json\/wp\/v2\/posts\/16214"}],"collection":[{"href":"https:\/\/sinprofaz.org.br\/2024\/wp-json\/wp\/v2\/posts"}],"about":[{"href":"https:\/\/sinprofaz.org.br\/2024\/wp-json\/wp\/v2\/types\/post"}],"author":[{"embeddable":true,"href":"https:\/\/sinprofaz.org.br\/2024\/wp-json\/wp\/v2\/users\/2"}],"replies":[{"embeddable":true,"href":"https:\/\/sinprofaz.org.br\/2024\/wp-json\/wp\/v2\/comments?post=16214"}],"version-history":[{"count":1,"href":"https:\/\/sinprofaz.org.br\/2024\/wp-json\/wp\/v2\/posts\/16214\/revisions"}],"predecessor-version":[{"id":16215,"href":"https:\/\/sinprofaz.org.br\/2024\/wp-json\/wp\/v2\/posts\/16214\/revisions\/16215"}],"wp:featuredmedia":[{"embeddable":true,"href":"https:\/\/sinprofaz.org.br\/2024\/wp-json\/wp\/v2\/media\/16028"}],"wp:attachment":[{"href":"https:\/\/sinprofaz.org.br\/2024\/wp-json\/wp\/v2\/media?parent=16214"}],"wp:term":[{"taxonomy":"category","embeddable":true,"href":"https:\/\/sinprofaz.org.br\/2024\/wp-json\/wp\/v2\/categories?post=16214"},{"taxonomy":"post_tag","embeddable":true,"href":"https:\/\/sinprofaz.org.br\/2024\/wp-json\/wp\/v2\/tags?post=16214"}],"curies":[{"name":"wp","href":"https:\/\/api.w.org\/{rel}","templated":true}]}}