{"id":16209,"date":"2023-05-25T08:21:33","date_gmt":"2023-05-25T11:21:33","guid":{"rendered":"http:\/\/www.sinprofaz.org.br\/?p=16209"},"modified":"2023-05-25T08:21:33","modified_gmt":"2023-05-25T11:21:33","slug":"em-reuniao-do-forvm-entidades-discutem-medidas-a-serem-tomadas-pelo-ccha","status":"publish","type":"post","link":"https:\/\/sinprofaz.org.br\/2024\/noticias\/em-reuniao-do-forvm-entidades-discutem-medidas-a-serem-tomadas-pelo-ccha\/","title":{"rendered":"EM REUNI\u00c3O DO FORVM, ENTIDADES DISCUTEM MEDIDAS A SEREM TOMADAS PELO CCHA"},"content":{"rendered":"<p>O SINPROFAZ, representado pelo presidente Achilles Frias, participou em Bras\u00edlia\/DF de reuni\u00e3o do F\u00f3rum Nacional da Advocacia P\u00fablica Federal. O encontro contou com a presen\u00e7a da subprocuradora-geral da Uni\u00e3o, M\u00e1rcia David, e possibilitou o debate a respeito de iniciativas do CCHA capazes de beneficiar os Membros da AGU.<\/p>\n<p>Ao longo da reuni\u00e3o entre os dirigentes de SINPROFAZ, ANPPREV, ANAUNI e ANAJUR, tamb\u00e9m foram discutidas as medidas, a serem tomadas pelo Conselho Curador, para dar celeridade \u00e0 concretiza\u00e7\u00e3o do acordo firmado em benef\u00edcio dos filiados inativos. Para auxiliarem no que for poss\u00edvel, as entidades do FORVM manter\u00e3o contato permanente com os representantes das carreiras no CCHA, assim como com os aposentados a serem favorecidos pelo referido acordo.<\/p>\n\n\t\t<style type=\"text\/css\">\n\t\t\t#gallery-1 {\n\t\t\t\tmargin: auto;\n\t\t\t}\n\t\t\t#gallery-1 .gallery-item {\n\t\t\t\tfloat: left;\n\t\t\t\tmargin-top: 10px;\n\t\t\t\ttext-align: center;\n\t\t\t\twidth: 33%;\n\t\t\t}\n\t\t\t#gallery-1 img {\n\t\t\t\tborder: 2px solid #cfcfcf;\n\t\t\t}\n\t\t\t#gallery-1 .gallery-caption {\n\t\t\t\tmargin-left: 0;\n\t\t\t}\n\t\t\t\/* see gallery_shortcode() in wp-includes\/media.php *\/\n\t\t<\/style>\n\t\t<div id='gallery-1' class='gallery galleryid-16209 gallery-columns-3 gallery-size-thumbnail'><dl class='gallery-item'>\n\t\t\t<dt class='gallery-icon landscape'>\n\t\t\t\t<a href='https:\/\/sinprofaz.org.br\/2024\/wp-content\/uploads\/2023\/05\/anpprev-2.jpg'><img loading=\"lazy\" decoding=\"async\" width=\"150\" height=\"150\" src=\"https:\/\/sinprofaz.org.br\/2024\/wp-content\/uploads\/2023\/05\/anpprev-2-150x150.jpg\" class=\"attachment-thumbnail size-thumbnail\" alt=\"\" \/><\/a>\n\t\t\t<\/dt><\/dl>\n\t\t\t<br style='clear: both' \/>\n\t\t<\/div>\n\n","protected":false},"excerpt":{"rendered":"<p>O SINPROFAZ, representado pelo presidente Achilles Frias, participou de reuni\u00e3o do FORVM. O encontro contou com a presen\u00e7a da subprocuradora-geral da Uni\u00e3o, M\u00e1rcia David, e possibilitou o debate a respeito de iniciativas do CCHA capazes de beneficiar os Membros da AGU.<\/p>\n","protected":false},"author":2,"featured_media":16210,"comment_status":"open","ping_status":"open","sticky":false,"template":"","format":"standard","meta":{"footnotes":""},"categories":[8],"tags":[34,137,25],"featured_image_url":"https:\/\/sinprofaz.org.br\/2024\/wp-content\/uploads\/2023\/05\/anpprev-1.jpg","character_count":572,"formatted_date":"25\/05\/2023 - 08:21","contentNovo":"O SINPROFAZ, representado pelo presidente Achilles Frias, participou em Bras\u00edlia\/DF de reuni\u00e3o do F\u00f3rum Nacional da Advocacia P\u00fablica Federal. O encontro contou com a presen\u00e7a da subprocuradora-geral da Uni\u00e3o, M\u00e1rcia David, e possibilitou o debate a respeito de iniciativas do CCHA capazes de beneficiar os Membros da AGU.\r\n\r\nAo longo da reuni\u00e3o entre os dirigentes de SINPROFAZ, ANPPREV, ANAUNI e ANAJUR, tamb\u00e9m foram discutidas as medidas, a serem tomadas pelo Conselho Curador, para dar celeridade \u00e0 concretiza\u00e7\u00e3o do acordo firmado em benef\u00edcio dos filiados inativos. Para auxiliarem no que for poss\u00edvel, as entidades do FORVM manter\u00e3o contato permanente com os representantes das carreiras no CCHA, assim como com os aposentados a serem favorecidos pelo referido acordo.\r\n\r\n[gallery link=\"file\" ids=\"16211\"]","_links":{"self":[{"href":"https:\/\/sinprofaz.org.br\/2024\/wp-json\/wp\/v2\/posts\/16209"}],"collection":[{"href":"https:\/\/sinprofaz.org.br\/2024\/wp-json\/wp\/v2\/posts"}],"about":[{"href":"https:\/\/sinprofaz.org.br\/2024\/wp-json\/wp\/v2\/types\/post"}],"author":[{"embeddable":true,"href":"https:\/\/sinprofaz.org.br\/2024\/wp-json\/wp\/v2\/users\/2"}],"replies":[{"embeddable":true,"href":"https:\/\/sinprofaz.org.br\/2024\/wp-json\/wp\/v2\/comments?post=16209"}],"version-history":[{"count":1,"href":"https:\/\/sinprofaz.org.br\/2024\/wp-json\/wp\/v2\/posts\/16209\/revisions"}],"predecessor-version":[{"id":16212,"href":"https:\/\/sinprofaz.org.br\/2024\/wp-json\/wp\/v2\/posts\/16209\/revisions\/16212"}],"wp:featuredmedia":[{"embeddable":true,"href":"https:\/\/sinprofaz.org.br\/2024\/wp-json\/wp\/v2\/media\/16210"}],"wp:attachment":[{"href":"https:\/\/sinprofaz.org.br\/2024\/wp-json\/wp\/v2\/media?parent=16209"}],"wp:term":[{"taxonomy":"category","embeddable":true,"href":"https:\/\/sinprofaz.org.br\/2024\/wp-json\/wp\/v2\/categories?post=16209"},{"taxonomy":"post_tag","embeddable":true,"href":"https:\/\/sinprofaz.org.br\/2024\/wp-json\/wp\/v2\/tags?post=16209"}],"curies":[{"name":"wp","href":"https:\/\/api.w.org\/{rel}","templated":true}]}}