{"id":16198,"date":"2023-05-24T08:27:02","date_gmt":"2023-05-24T11:27:02","guid":{"rendered":"http:\/\/www.sinprofaz.org.br\/?p=16198"},"modified":"2023-05-25T09:47:38","modified_gmt":"2023-05-25T12:47:38","slug":"filiados-participam-do-ii-congresso-internacional-de-direito-tributario-do-iat","status":"publish","type":"post","link":"https:\/\/sinprofaz.org.br\/2024\/noticias\/filiados-participam-do-ii-congresso-internacional-de-direito-tributario-do-iat\/","title":{"rendered":"FILIADOS PARTICIPAM DO II CONGRESSO INTERNACIONAL DE DIREITO TRIBUT\u00c1RIO DO IAT"},"content":{"rendered":"<p>Procuradoras e procuradores da Fazenda Nacional compareceram ao <em>II Congresso Internacional de Direito Tribut\u00e1rio &#8211; A Tributa\u00e7\u00e3o na Sociedade em Rede<\/em>, promovido pelo Instituto de Aplica\u00e7\u00e3o do Tributo &#8211; IAT. Realizado com o apoio do SINPROFAZ, o evento reuniu especialistas dos setores p\u00fablico e privado, que atuam com o direito tribut\u00e1rio no Brasil e no exterior. O Congresso foi coordenado pelo presidente do IAT, Tacio Lacerda Gama, e teve, na mesa de abertura, a presen\u00e7a da procuradora-geral da Fazenda Nacional, Anelize Ruas.<\/p>\n<p><strong>Participa\u00e7\u00e3o da Carreira<\/strong><br \/>\nPara que a Fazenda p\u00fablica pudesse expor suas perspectivas a respeito dos diversos temas em pauta, o SINPROFAZ garantiu a participa\u00e7\u00e3o de filiadas e filiados. No Congresso, a Carreira foi representada por Cl\u00e1udia Trindade, Cristiano Neuenschwander, Denise Lucena, Jo\u00e3o Grognet, Juliana Furtado, Lana Borges, Leonardo Alvim, Manoel Tavares, Maria Dionne Felipe, Paulo Mendes e Rita Nolasco, al\u00e9m do presidente do SINPROFAZ, Achilles Frias, e da procuradora-geral, Anelize Ruas. Ao longo do evento, os PFNs palestraram sobre temas como a consensualidade tribut\u00e1ria mediante a transa\u00e7\u00e3o e a arbitragem, a tributa\u00e7\u00e3o nos tribunais superiores, as transforma\u00e7\u00f5es do processo tribut\u00e1rio e as quest\u00f5es tribut\u00e1rias relacionadas \u00e0 economia verde.<\/p>\n<p>A participa\u00e7\u00e3o no Congresso possibilitou que os Colegas apresentassem a vis\u00e3o da PGFN \u00e0 comunidade tribut\u00e1ria nacional e internacional e marcassem posi\u00e7\u00e3o no evento, que reuniu uma pluralidade de opini\u00f5es a respeito das tend\u00eancias do direito tribut\u00e1rio no Brasil e no mundo. Na oportunidade do Congresso, os Colegas abordaram, com \u00eanfase, os novos e bem-sucedidos institutos da PGFN, desenvolvidos a partir da posi\u00e7\u00e3o vanguardista da Institui\u00e7\u00e3o. \u00c0s procuradoras e aos procuradores da Fazenda Nacional que compareceram ao <em>II Congresso Internacional de Direito Tribut\u00e1rio &#8211; A Tributa\u00e7\u00e3o na Sociedade em Rede<\/em>, o SINPROFAZ parabeniza pelas valiosas exposi\u00e7\u00f5es.<\/p>\n\n\t\t<style type=\"text\/css\">\n\t\t\t#gallery-1 {\n\t\t\t\tmargin: auto;\n\t\t\t}\n\t\t\t#gallery-1 .gallery-item {\n\t\t\t\tfloat: left;\n\t\t\t\tmargin-top: 10px;\n\t\t\t\ttext-align: center;\n\t\t\t\twidth: 33%;\n\t\t\t}\n\t\t\t#gallery-1 img {\n\t\t\t\tborder: 2px solid #cfcfcf;\n\t\t\t}\n\t\t\t#gallery-1 .gallery-caption {\n\t\t\t\tmargin-left: 0;\n\t\t\t}\n\t\t\t\/* see gallery_shortcode() in wp-includes\/media.php *\/\n\t\t<\/style>\n\t\t<div id='gallery-1' class='gallery galleryid-16198 gallery-columns-3 gallery-size-thumbnail'><dl class='gallery-item'>\n\t\t\t<dt class='gallery-icon landscape'>\n\t\t\t\t<a href='https:\/\/sinprofaz.org.br\/2024\/wp-content\/uploads\/2023\/05\/IAT-2.jpg'><img loading=\"lazy\" decoding=\"async\" width=\"150\" height=\"150\" src=\"https:\/\/sinprofaz.org.br\/2024\/wp-content\/uploads\/2023\/05\/IAT-2-150x150.jpg\" class=\"attachment-thumbnail size-thumbnail\" alt=\"\" \/><\/a>\n\t\t\t<\/dt><\/dl><dl class='gallery-item'>\n\t\t\t<dt class='gallery-icon landscape'>\n\t\t\t\t<a href='https:\/\/sinprofaz.org.br\/2024\/wp-content\/uploads\/2023\/05\/IAT-3.jpg'><img loading=\"lazy\" decoding=\"async\" width=\"150\" height=\"150\" src=\"https:\/\/sinprofaz.org.br\/2024\/wp-content\/uploads\/2023\/05\/IAT-3-150x150.jpg\" class=\"attachment-thumbnail size-thumbnail\" alt=\"\" \/><\/a>\n\t\t\t<\/dt><\/dl><dl class='gallery-item'>\n\t\t\t<dt class='gallery-icon landscape'>\n\t\t\t\t<a href='https:\/\/sinprofaz.org.br\/2024\/wp-content\/uploads\/2023\/05\/IAT-4.jpg'><img loading=\"lazy\" decoding=\"async\" width=\"150\" height=\"150\" src=\"https:\/\/sinprofaz.org.br\/2024\/wp-content\/uploads\/2023\/05\/IAT-4-150x150.jpg\" class=\"attachment-thumbnail size-thumbnail\" alt=\"\" \/><\/a>\n\t\t\t<\/dt><\/dl><br style=\"clear: both\" \/><dl class='gallery-item'>\n\t\t\t<dt class='gallery-icon landscape'>\n\t\t\t\t<a href='https:\/\/sinprofaz.org.br\/2024\/wp-content\/uploads\/2023\/05\/IAT-5.jpg'><img loading=\"lazy\" decoding=\"async\" width=\"150\" height=\"150\" src=\"https:\/\/sinprofaz.org.br\/2024\/wp-content\/uploads\/2023\/05\/IAT-5-150x150.jpg\" class=\"attachment-thumbnail size-thumbnail\" alt=\"\" \/><\/a>\n\t\t\t<\/dt><\/dl><dl class='gallery-item'>\n\t\t\t<dt class='gallery-icon landscape'>\n\t\t\t\t<a href='https:\/\/sinprofaz.org.br\/2024\/wp-content\/uploads\/2023\/05\/IAT-6.jpg'><img loading=\"lazy\" decoding=\"async\" width=\"150\" height=\"150\" src=\"https:\/\/sinprofaz.org.br\/2024\/wp-content\/uploads\/2023\/05\/IAT-6-150x150.jpg\" class=\"attachment-thumbnail size-thumbnail\" alt=\"\" \/><\/a>\n\t\t\t<\/dt><\/dl><dl class='gallery-item'>\n\t\t\t<dt class='gallery-icon landscape'>\n\t\t\t\t<a href='https:\/\/sinprofaz.org.br\/2024\/wp-content\/uploads\/2023\/05\/IAT-7.jpg'><img loading=\"lazy\" decoding=\"async\" width=\"150\" height=\"150\" src=\"https:\/\/sinprofaz.org.br\/2024\/wp-content\/uploads\/2023\/05\/IAT-7-150x150.jpg\" class=\"attachment-thumbnail size-thumbnail\" alt=\"\" \/><\/a>\n\t\t\t<\/dt><\/dl><br style=\"clear: both\" \/><dl class='gallery-item'>\n\t\t\t<dt class='gallery-icon landscape'>\n\t\t\t\t<a href='https:\/\/sinprofaz.org.br\/2024\/wp-content\/uploads\/2023\/05\/IAT-8.jpg'><img loading=\"lazy\" decoding=\"async\" width=\"150\" height=\"150\" src=\"https:\/\/sinprofaz.org.br\/2024\/wp-content\/uploads\/2023\/05\/IAT-8-150x150.jpg\" class=\"attachment-thumbnail size-thumbnail\" alt=\"\" \/><\/a>\n\t\t\t<\/dt><\/dl>\n\t\t\t<br style='clear: both' \/>\n\t\t<\/div>\n\n","protected":false},"excerpt":{"rendered":"<p>Realizado com o apoio do SINPROFAZ, o evento reuniu especialistas dos setores p\u00fablico e privado. O Congresso foi coordenado pelo presidente do IAT, Tacio Gama, e teve, na mesa de abertura, a presen\u00e7a da procuradora-geral, Anelize Ruas.<\/p>\n","protected":false},"author":2,"featured_media":16199,"comment_status":"open","ping_status":"open","sticky":false,"template":"","format":"standard","meta":{"footnotes":""},"categories":[8],"tags":[32,29,25],"featured_image_url":"https:\/\/sinprofaz.org.br\/2024\/wp-content\/uploads\/2023\/05\/IAT-1.jpg","character_count":1225,"formatted_date":"24\/05\/2023 - 08:27","contentNovo":"Procuradoras e procuradores da Fazenda Nacional compareceram ao <em>II Congresso Internacional de Direito Tribut\u00e1rio - A Tributa\u00e7\u00e3o na Sociedade em Rede<\/em>, promovido pelo Instituto de Aplica\u00e7\u00e3o do Tributo - IAT. Realizado com o apoio do SINPROFAZ, o evento reuniu especialistas dos setores p\u00fablico e privado, que atuam com o direito tribut\u00e1rio no Brasil e no exterior. O Congresso foi coordenado pelo presidente do IAT, Tacio Lacerda Gama, e teve, na mesa de abertura, a presen\u00e7a da procuradora-geral da Fazenda Nacional, Anelize Ruas.\r\n\r\n<strong>Participa\u00e7\u00e3o da Carreira<\/strong>\r\nPara que a Fazenda p\u00fablica pudesse expor suas perspectivas a respeito dos diversos temas em pauta, o SINPROFAZ garantiu a participa\u00e7\u00e3o de filiadas e filiados. No Congresso, a Carreira foi representada por Cl\u00e1udia Trindade, Cristiano Neuenschwander, Denise Lucena, Jo\u00e3o Grognet, Juliana Furtado, Lana Borges, Leonardo Alvim, Manoel Tavares, Maria Dionne Felipe, Paulo Mendes e Rita Nolasco, al\u00e9m do presidente do SINPROFAZ, Achilles Frias, e da procuradora-geral, Anelize Ruas. Ao longo do evento, os PFNs palestraram sobre temas como a consensualidade tribut\u00e1ria mediante a transa\u00e7\u00e3o e a arbitragem, a tributa\u00e7\u00e3o nos tribunais superiores, as transforma\u00e7\u00f5es do processo tribut\u00e1rio e as quest\u00f5es tribut\u00e1rias relacionadas \u00e0 economia verde.\r\n\r\nA participa\u00e7\u00e3o no Congresso possibilitou que os Colegas apresentassem a vis\u00e3o da PGFN \u00e0 comunidade tribut\u00e1ria nacional e internacional e marcassem posi\u00e7\u00e3o no evento, que reuniu uma pluralidade de opini\u00f5es a respeito das tend\u00eancias do direito tribut\u00e1rio no Brasil e no mundo. Na oportunidade do Congresso, os Colegas abordaram, com \u00eanfase, os novos e bem-sucedidos institutos da PGFN, desenvolvidos a partir da posi\u00e7\u00e3o vanguardista da Institui\u00e7\u00e3o. \u00c0s procuradoras e aos procuradores da Fazenda Nacional que compareceram ao <em>II Congresso Internacional de Direito Tribut\u00e1rio - A Tributa\u00e7\u00e3o na Sociedade em Rede<\/em>, o SINPROFAZ parabeniza pelas valiosas exposi\u00e7\u00f5es.\r\n\r\n[gallery link=\"file\" ids=\"16200,16201,16202,16203,16206,16204,16205\"]","_links":{"self":[{"href":"https:\/\/sinprofaz.org.br\/2024\/wp-json\/wp\/v2\/posts\/16198"}],"collection":[{"href":"https:\/\/sinprofaz.org.br\/2024\/wp-json\/wp\/v2\/posts"}],"about":[{"href":"https:\/\/sinprofaz.org.br\/2024\/wp-json\/wp\/v2\/types\/post"}],"author":[{"embeddable":true,"href":"https:\/\/sinprofaz.org.br\/2024\/wp-json\/wp\/v2\/users\/2"}],"replies":[{"embeddable":true,"href":"https:\/\/sinprofaz.org.br\/2024\/wp-json\/wp\/v2\/comments?post=16198"}],"version-history":[{"count":2,"href":"https:\/\/sinprofaz.org.br\/2024\/wp-json\/wp\/v2\/posts\/16198\/revisions"}],"predecessor-version":[{"id":16213,"href":"https:\/\/sinprofaz.org.br\/2024\/wp-json\/wp\/v2\/posts\/16198\/revisions\/16213"}],"wp:featuredmedia":[{"embeddable":true,"href":"https:\/\/sinprofaz.org.br\/2024\/wp-json\/wp\/v2\/media\/16199"}],"wp:attachment":[{"href":"https:\/\/sinprofaz.org.br\/2024\/wp-json\/wp\/v2\/media?parent=16198"}],"wp:term":[{"taxonomy":"category","embeddable":true,"href":"https:\/\/sinprofaz.org.br\/2024\/wp-json\/wp\/v2\/categories?post=16198"},{"taxonomy":"post_tag","embeddable":true,"href":"https:\/\/sinprofaz.org.br\/2024\/wp-json\/wp\/v2\/tags?post=16198"}],"curies":[{"name":"wp","href":"https:\/\/api.w.org\/{rel}","templated":true}]}}