{"id":16189,"date":"2023-05-22T09:22:46","date_gmt":"2023-05-22T12:22:46","guid":{"rendered":"http:\/\/www.sinprofaz.org.br\/?p=16189"},"modified":"2023-05-22T09:22:46","modified_gmt":"2023-05-22T12:22:46","slug":"na-camara-dos-deputados-sinprofaz-defende-valorizacao-dos-membros-da-agu","status":"publish","type":"post","link":"https:\/\/sinprofaz.org.br\/2024\/noticias\/na-camara-dos-deputados-sinprofaz-defende-valorizacao-dos-membros-da-agu\/","title":{"rendered":"NA C\u00c2MARA DOS DEPUTADOS, SINPROFAZ DEFENDE VALORIZA\u00c7\u00c3O DOS MEMBROS DA AGU"},"content":{"rendered":"<p>O SINPROFAZ, representado pelo presidente Achilles Frias, esteve reunido na quinta-feira (18) com o deputado federal Lafayette de Andrada (Republicanos\/MG), coordenador da Frente Parlamentar Mista em Defesa da Advocacia P\u00fablica. A reuni\u00e3o ocorreu no gabinete do parlamentar, na C\u00e2mara dos Deputados.<\/p>\n<p>O encontro foi pautado por assuntos relacionados \u00e0 valoriza\u00e7\u00e3o da Carreira e dos Membros da AGU como um todo. Na qualidade de presidente do Sindicato e do F\u00f3rum Nacional da Advocacia P\u00fablica Federal, Achilles Frias pleiteou a paridade de armas com as demais Fun\u00e7\u00f5es Essenciais \u00e0 Justi\u00e7a. Segundo o dirigente sindical, as entidades do FORVM trabalhar\u00e3o unidas para que as carreiras da AGU n\u00e3o sejam preteridas em eventuais projetos de lei e propostas de emenda \u00e0 Constitui\u00e7\u00e3o.<\/p>\n<p>Em apoio ao pleito do presidente do SINPROFAZ, Lafayette de Andrada refor\u00e7ou seu compromisso com a defesa da Advocacia P\u00fablica Federal. De acordo com o deputado, a Frente Parlamentar atuar\u00e1 para que os Membros da AGU possuam as mesmas prerrogativas das demais Fun\u00e7\u00f5es Essenciais. Como presidente da Frente, Lafayette de Andrada trabalhar\u00e1 incansavelmente para que as carreiras da Advocacia-Geral da Uni\u00e3o alcancem os novos e desejados avan\u00e7os.<\/p>\n\n\t\t<style type=\"text\/css\">\n\t\t\t#gallery-1 {\n\t\t\t\tmargin: auto;\n\t\t\t}\n\t\t\t#gallery-1 .gallery-item {\n\t\t\t\tfloat: left;\n\t\t\t\tmargin-top: 10px;\n\t\t\t\ttext-align: center;\n\t\t\t\twidth: 33%;\n\t\t\t}\n\t\t\t#gallery-1 img {\n\t\t\t\tborder: 2px solid #cfcfcf;\n\t\t\t}\n\t\t\t#gallery-1 .gallery-caption {\n\t\t\t\tmargin-left: 0;\n\t\t\t}\n\t\t\t\/* see gallery_shortcode() in wp-includes\/media.php *\/\n\t\t<\/style>\n\t\t<div id='gallery-1' class='gallery galleryid-16189 gallery-columns-3 gallery-size-thumbnail'><dl class='gallery-item'>\n\t\t\t<dt class='gallery-icon landscape'>\n\t\t\t\t<a href='https:\/\/sinprofaz.org.br\/2024\/wp-content\/uploads\/2023\/05\/Andrada-2.jpg'><img loading=\"lazy\" decoding=\"async\" width=\"150\" height=\"150\" src=\"https:\/\/sinprofaz.org.br\/2024\/wp-content\/uploads\/2023\/05\/Andrada-2-150x150.jpg\" class=\"attachment-thumbnail size-thumbnail\" alt=\"\" \/><\/a>\n\t\t\t<\/dt><\/dl>\n\t\t\t<br style='clear: both' \/>\n\t\t<\/div>\n\n","protected":false},"excerpt":{"rendered":"<p>O SINPROFAZ, representado pelo presidente Achilles Frias, esteve reunido com o deputado Lafayette de Andrada, coordenador da Frente Parlamentar Mista em Defesa da Advocacia P\u00fablica. A reuni\u00e3o ocorreu no gabinete do parlamentar, na C\u00e2mara dos Deputados. <\/p>\n","protected":false},"author":2,"featured_media":16190,"comment_status":"open","ping_status":"open","sticky":false,"template":"","format":"standard","meta":{"footnotes":""},"categories":[8],"tags":[34,137,25],"featured_image_url":"https:\/\/sinprofaz.org.br\/2024\/wp-content\/uploads\/2023\/05\/Andrada-1.jpg","character_count":801,"formatted_date":"22\/05\/2023 - 09:22","contentNovo":"O SINPROFAZ, representado pelo presidente Achilles Frias, esteve reunido na quinta-feira (18) com o deputado federal Lafayette de Andrada (Republicanos\/MG), coordenador da Frente Parlamentar Mista em Defesa da Advocacia P\u00fablica. A reuni\u00e3o ocorreu no gabinete do parlamentar, na C\u00e2mara dos Deputados.\r\n\r\nO encontro foi pautado por assuntos relacionados \u00e0 valoriza\u00e7\u00e3o da Carreira e dos Membros da AGU como um todo. Na qualidade de presidente do Sindicato e do F\u00f3rum Nacional da Advocacia P\u00fablica Federal, Achilles Frias pleiteou a paridade de armas com as demais Fun\u00e7\u00f5es Essenciais \u00e0 Justi\u00e7a. Segundo o dirigente sindical, as entidades do FORVM trabalhar\u00e3o unidas para que as carreiras da AGU n\u00e3o sejam preteridas em eventuais projetos de lei e propostas de emenda \u00e0 Constitui\u00e7\u00e3o.\r\n\r\nEm apoio ao pleito do presidente do SINPROFAZ, Lafayette de Andrada refor\u00e7ou seu compromisso com a defesa da Advocacia P\u00fablica Federal. De acordo com o deputado, a Frente Parlamentar atuar\u00e1 para que os Membros da AGU possuam as mesmas prerrogativas das demais Fun\u00e7\u00f5es Essenciais. Como presidente da Frente, Lafayette de Andrada trabalhar\u00e1 incansavelmente para que as carreiras da Advocacia-Geral da Uni\u00e3o alcancem os novos e desejados avan\u00e7os.\r\n\r\n[gallery link=\"file\" ids=\"16191\"]","_links":{"self":[{"href":"https:\/\/sinprofaz.org.br\/2024\/wp-json\/wp\/v2\/posts\/16189"}],"collection":[{"href":"https:\/\/sinprofaz.org.br\/2024\/wp-json\/wp\/v2\/posts"}],"about":[{"href":"https:\/\/sinprofaz.org.br\/2024\/wp-json\/wp\/v2\/types\/post"}],"author":[{"embeddable":true,"href":"https:\/\/sinprofaz.org.br\/2024\/wp-json\/wp\/v2\/users\/2"}],"replies":[{"embeddable":true,"href":"https:\/\/sinprofaz.org.br\/2024\/wp-json\/wp\/v2\/comments?post=16189"}],"version-history":[{"count":1,"href":"https:\/\/sinprofaz.org.br\/2024\/wp-json\/wp\/v2\/posts\/16189\/revisions"}],"predecessor-version":[{"id":16192,"href":"https:\/\/sinprofaz.org.br\/2024\/wp-json\/wp\/v2\/posts\/16189\/revisions\/16192"}],"wp:featuredmedia":[{"embeddable":true,"href":"https:\/\/sinprofaz.org.br\/2024\/wp-json\/wp\/v2\/media\/16190"}],"wp:attachment":[{"href":"https:\/\/sinprofaz.org.br\/2024\/wp-json\/wp\/v2\/media?parent=16189"}],"wp:term":[{"taxonomy":"category","embeddable":true,"href":"https:\/\/sinprofaz.org.br\/2024\/wp-json\/wp\/v2\/categories?post=16189"},{"taxonomy":"post_tag","embeddable":true,"href":"https:\/\/sinprofaz.org.br\/2024\/wp-json\/wp\/v2\/tags?post=16189"}],"curies":[{"name":"wp","href":"https:\/\/api.w.org\/{rel}","templated":true}]}}