{"id":16186,"date":"2023-05-19T17:01:00","date_gmt":"2023-05-19T20:01:00","guid":{"rendered":"http:\/\/www.sinprofaz.org.br\/?p=16186"},"modified":"2023-05-22T10:15:25","modified_gmt":"2023-05-22T13:15:25","slug":"21o-encontro-disponibilizados-15-novos-quartos-deluxe-reserve-o-seu","status":"publish","type":"post","link":"https:\/\/sinprofaz.org.br\/2024\/noticias\/21o-encontro-disponibilizados-15-novos-quartos-deluxe-reserve-o-seu\/","title":{"rendered":"21\u00ba ENCONTRO: DISPONIBILIZADOS 15 NOVOS QUARTOS DELUXE. RESERVE O SEU!"},"content":{"rendered":"<p>Para contemplar um maior n\u00famero de filiadas e filiados interessados em participar do 21\u00ba Encontro do SINPROFAZ, o Sindicato conseguiu o bloqueio de 15 novos quartos junto ao Club Med Rio das Pedras. Os apartamentos, em quantidade limitada, s\u00e3o da modalidade &#8220;Deluxe&#8221; e ser\u00e3o vendidos pelos mesmos valores divulgados no Edital. Confira:<a href=\"http:\/\/bit.ly\/Edital21Encontro\"> bit.ly\/Edital21Encontro<\/a>. Reserve um dos quartos e garanta HOJE sua participa\u00e7\u00e3o no evento!<\/p>\n<p><strong>Mais informa\u00e7\u00f5es<\/strong><br \/>\nO 21\u00ba Encontro Nacional dos Procuradores da Fazenda Nacional ocorre do dia 30 de novembro ao dia 3 de dezembro de 2023. Para reservar um dos apartamentos, os PFNs devem contatar a Ambiental Turismo pelo telefone (11) 3818-4600. O parcelamento dos pacotes \u00e9 de responsabilidade da ag\u00eancia, assim como o controle das reservas. Mas lembre-se: a reserva somente ser\u00e1 confirmada ap\u00f3s o devido pagamento do pacote.<\/p>\n<p>Tendo em vista que as vagas para o 21\u00ba Encontro s\u00e3o limitadas e est\u00e3o se esgotando, o SINPROFAZ ressalta: n\u00e3o compre passagens a\u00e9reas antes de realizar a devida inscri\u00e7\u00e3o no evento. O Sindicato aconselha que filiadas e filiados fa\u00e7am a reserva dos quartos restantes o mais rapidamente poss\u00edvel e, somente depois dessa medida, realizem a aquisi\u00e7\u00e3o das passagens. O SINPROFAZ conta com a presen\u00e7a em peso da Carreira!<\/p>\n","protected":false},"excerpt":{"rendered":"<p>Para contemplar um maior n\u00famero de filiados interessados em participar do 21\u00ba Encontro do SINPROFAZ, o Sindicato conseguiu o bloqueio de 15 novos quartos junto ao Club Med Rio das Pedras. Os apartamentos s\u00e3o da modalidade &#8220;Deluxe&#8221; e ser\u00e3o vendidos pelos valores do Edital.<\/p>\n","protected":false},"author":2,"featured_media":16028,"comment_status":"open","ping_status":"open","sticky":false,"template":"","format":"standard","meta":{"footnotes":""},"categories":[8],"tags":[32,62,25],"featured_image_url":"https:\/\/sinprofaz.org.br\/2024\/wp-content\/uploads\/2023\/04\/21-encontro-.jpg","character_count":653,"formatted_date":"19\/05\/2023 - 17:01","contentNovo":"Para contemplar um maior n\u00famero de filiadas e filiados interessados em participar do 21\u00ba Encontro do SINPROFAZ, o Sindicato conseguiu o bloqueio de 15 novos quartos junto ao Club Med Rio das Pedras. Os apartamentos, em quantidade limitada, s\u00e3o da modalidade \"Deluxe\" e ser\u00e3o vendidos pelos mesmos valores divulgados no Edital. Confira:<a href=\"http:\/\/bit.ly\/Edital21Encontro\"> bit.ly\/Edital21Encontro<\/a>. Reserve um dos quartos e garanta HOJE sua participa\u00e7\u00e3o no evento!\r\n\r\n<strong>Mais informa\u00e7\u00f5es<\/strong>\r\nO 21\u00ba Encontro Nacional dos Procuradores da Fazenda Nacional ocorre do dia 30 de novembro ao dia 3 de dezembro de 2023. Para reservar um dos apartamentos, os PFNs devem contatar a Ambiental Turismo pelo telefone (11) 3818-4600. O parcelamento dos pacotes \u00e9 de responsabilidade da ag\u00eancia, assim como o controle das reservas. Mas lembre-se: a reserva somente ser\u00e1 confirmada ap\u00f3s o devido pagamento do pacote.\r\n\r\nTendo em vista que as vagas para o 21\u00ba Encontro s\u00e3o limitadas e est\u00e3o se esgotando, o SINPROFAZ ressalta: n\u00e3o compre passagens a\u00e9reas antes de realizar a devida inscri\u00e7\u00e3o no evento. O Sindicato aconselha que filiadas e filiados fa\u00e7am a reserva dos quartos restantes o mais rapidamente poss\u00edvel e, somente depois dessa medida, realizem a aquisi\u00e7\u00e3o das passagens. O SINPROFAZ conta com a presen\u00e7a em peso da Carreira!","_links":{"self":[{"href":"https:\/\/sinprofaz.org.br\/2024\/wp-json\/wp\/v2\/posts\/16186"}],"collection":[{"href":"https:\/\/sinprofaz.org.br\/2024\/wp-json\/wp\/v2\/posts"}],"about":[{"href":"https:\/\/sinprofaz.org.br\/2024\/wp-json\/wp\/v2\/types\/post"}],"author":[{"embeddable":true,"href":"https:\/\/sinprofaz.org.br\/2024\/wp-json\/wp\/v2\/users\/2"}],"replies":[{"embeddable":true,"href":"https:\/\/sinprofaz.org.br\/2024\/wp-json\/wp\/v2\/comments?post=16186"}],"version-history":[{"count":2,"href":"https:\/\/sinprofaz.org.br\/2024\/wp-json\/wp\/v2\/posts\/16186\/revisions"}],"predecessor-version":[{"id":16193,"href":"https:\/\/sinprofaz.org.br\/2024\/wp-json\/wp\/v2\/posts\/16186\/revisions\/16193"}],"wp:featuredmedia":[{"embeddable":true,"href":"https:\/\/sinprofaz.org.br\/2024\/wp-json\/wp\/v2\/media\/16028"}],"wp:attachment":[{"href":"https:\/\/sinprofaz.org.br\/2024\/wp-json\/wp\/v2\/media?parent=16186"}],"wp:term":[{"taxonomy":"category","embeddable":true,"href":"https:\/\/sinprofaz.org.br\/2024\/wp-json\/wp\/v2\/categories?post=16186"},{"taxonomy":"post_tag","embeddable":true,"href":"https:\/\/sinprofaz.org.br\/2024\/wp-json\/wp\/v2\/tags?post=16186"}],"curies":[{"name":"wp","href":"https:\/\/api.w.org\/{rel}","templated":true}]}}