{"id":16181,"date":"2023-05-19T08:17:16","date_gmt":"2023-05-19T11:17:16","guid":{"rendered":"http:\/\/www.sinprofaz.org.br\/?p=16181"},"modified":"2023-05-19T17:16:12","modified_gmt":"2023-05-19T20:16:12","slug":"ex-presidente-allan-titonelli-desembargador-eleitoral-do-tre-rj-e-o-novo-ouvidor-do-tribunal","status":"publish","type":"post","link":"https:\/\/sinprofaz.org.br\/2024\/noticias\/ex-presidente-allan-titonelli-desembargador-eleitoral-do-tre-rj-e-o-novo-ouvidor-do-tribunal\/","title":{"rendered":"EX-PRESIDENTE ALLAN TITONELLI, DESEMBARGADOR ELEITORAL DO TRE-RJ, \u00c9 O NOVO OUVIDOR DO TRIBUNAL"},"content":{"rendered":"<p>O ex-presidente do SINPROFAZ Allan Titonelli Nunes, desembargador do Tribunal Regional Eleitoral do Rio de Janeiro (TRE-RJ), assumir\u00e1 a Ouvidoria Eleitoral da Corte. A indica\u00e7\u00e3o foi feita pelo presidente do Tribunal, o desembargador Jo\u00e3o Ziraldo Maia, e teve a aprova\u00e7\u00e3o un\u00e2nime do Colegiado.<\/p>\n<p>\u00c0 assessoria de comunica\u00e7\u00e3o do TRE-RJ, o ex-presidente do SINPROFAZ destacou a import\u00e2ncia da Ouvidoria para a Justi\u00e7a Eleitoral. &#8220;A atua\u00e7\u00e3o da Ouvidoria envolve transpar\u00eancia e tratamento de dados. Assim, contribui para o aperfei\u00e7oamento do trabalho realizado pelo Tribunal&#8221;, ressaltou.<\/p>\n<p>Allan Titonelli Nunes \u00e9 graduado em Direito pela Universidade Federal Fluminense (UFF). \u00c9 mestre em Administra\u00e7\u00e3o P\u00fablica pela EBAPE\/FGV e especialista em Direito Tribut\u00e1rio. Al\u00e9m de integrar a Corte, \u00e9 membro fundador e coordenador de eventos da Academia Brasileira de Direito Eleitoral e Pol\u00edtico (Abradep).<\/p>\n<p><em>Com informa\u00e7\u00f5es do TRE-RJ<\/em><\/p>\n","protected":false},"excerpt":{"rendered":"<p>O ex-presidente do SINPROFAZ Allan Titonelli Nunes assumir\u00e1 a Ouvidoria Eleitoral da Corte. A indica\u00e7\u00e3o foi feita pelo presidente do Tribunal, o desembargador Jo\u00e3o Ziraldo Maia, e teve a aprova\u00e7\u00e3o un\u00e2nime do Colegiado.<\/p>\n","protected":false},"author":2,"featured_media":16182,"comment_status":"open","ping_status":"open","sticky":false,"template":"","format":"standard","meta":{"footnotes":""},"categories":[8],"tags":[32,146,25],"featured_image_url":"https:\/\/sinprofaz.org.br\/2024\/wp-content\/uploads\/2023\/05\/ouvidor.jpg","character_count":478,"formatted_date":"19\/05\/2023 - 08:17","contentNovo":"O ex-presidente do SINPROFAZ Allan Titonelli Nunes, desembargador do Tribunal Regional Eleitoral do Rio de Janeiro (TRE-RJ), assumir\u00e1 a Ouvidoria Eleitoral da Corte. A indica\u00e7\u00e3o foi feita pelo presidente do Tribunal, o desembargador Jo\u00e3o Ziraldo Maia, e teve a aprova\u00e7\u00e3o un\u00e2nime do Colegiado.\r\n\r\n\u00c0 assessoria de comunica\u00e7\u00e3o do TRE-RJ, o ex-presidente do SINPROFAZ destacou a import\u00e2ncia da Ouvidoria para a Justi\u00e7a Eleitoral. \"A atua\u00e7\u00e3o da Ouvidoria envolve transpar\u00eancia e tratamento de dados. Assim, contribui para o aperfei\u00e7oamento do trabalho realizado pelo Tribunal\", ressaltou.\r\n\r\nAllan Titonelli Nunes \u00e9 graduado em Direito pela Universidade Federal Fluminense (UFF). \u00c9 mestre em Administra\u00e7\u00e3o P\u00fablica pela EBAPE\/FGV e especialista em Direito Tribut\u00e1rio. Al\u00e9m de integrar a Corte, \u00e9 membro fundador e coordenador de eventos da Academia Brasileira de Direito Eleitoral e Pol\u00edtico (Abradep).\r\n\r\n<em>Com informa\u00e7\u00f5es do TRE-RJ<\/em>","_links":{"self":[{"href":"https:\/\/sinprofaz.org.br\/2024\/wp-json\/wp\/v2\/posts\/16181"}],"collection":[{"href":"https:\/\/sinprofaz.org.br\/2024\/wp-json\/wp\/v2\/posts"}],"about":[{"href":"https:\/\/sinprofaz.org.br\/2024\/wp-json\/wp\/v2\/types\/post"}],"author":[{"embeddable":true,"href":"https:\/\/sinprofaz.org.br\/2024\/wp-json\/wp\/v2\/users\/2"}],"replies":[{"embeddable":true,"href":"https:\/\/sinprofaz.org.br\/2024\/wp-json\/wp\/v2\/comments?post=16181"}],"version-history":[{"count":3,"href":"https:\/\/sinprofaz.org.br\/2024\/wp-json\/wp\/v2\/posts\/16181\/revisions"}],"predecessor-version":[{"id":16188,"href":"https:\/\/sinprofaz.org.br\/2024\/wp-json\/wp\/v2\/posts\/16181\/revisions\/16188"}],"wp:featuredmedia":[{"embeddable":true,"href":"https:\/\/sinprofaz.org.br\/2024\/wp-json\/wp\/v2\/media\/16182"}],"wp:attachment":[{"href":"https:\/\/sinprofaz.org.br\/2024\/wp-json\/wp\/v2\/media?parent=16181"}],"wp:term":[{"taxonomy":"category","embeddable":true,"href":"https:\/\/sinprofaz.org.br\/2024\/wp-json\/wp\/v2\/categories?post=16181"},{"taxonomy":"post_tag","embeddable":true,"href":"https:\/\/sinprofaz.org.br\/2024\/wp-json\/wp\/v2\/tags?post=16181"}],"curies":[{"name":"wp","href":"https:\/\/api.w.org\/{rel}","templated":true}]}}