{"id":16170,"date":"2023-05-17T08:37:07","date_gmt":"2023-05-17T11:37:07","guid":{"rendered":"http:\/\/www.sinprofaz.org.br\/?p=16170"},"modified":"2023-05-17T08:37:07","modified_gmt":"2023-05-17T11:37:07","slug":"em-reuniao-do-forvm-sinprofaz-debate-pleitos-comuns-das-carreiras-da-agu","status":"publish","type":"post","link":"https:\/\/sinprofaz.org.br\/2024\/noticias\/em-reuniao-do-forvm-sinprofaz-debate-pleitos-comuns-das-carreiras-da-agu\/","title":{"rendered":"EM REUNI\u00c3O DO FORVM, SINPROFAZ DEBATE PLEITOS COMUNS DAS CARREIRAS DA AGU"},"content":{"rendered":"<p>O SINPROFAZ, representado pelo presidente Achilles Frias, compareceu \u00e0 reuni\u00e3o do F\u00f3rum Nacional da Advocacia P\u00fablica Federal. Realizado em Bras\u00edlia\/DF, o encontro contou com a presen\u00e7a de lideran\u00e7as da ANPPREV, da ANAJUR e da ANAUNI, que integram o FORVM juntamente com o Sindicato.<\/p>\n<p>Na oportunidade, os presentes discutiram quest\u00f5es atuais que afetam procuradores da Fazenda Nacional, procuradores federais e advogados da Uni\u00e3o. Pleitos comuns de ambas as carreiras foram abordados pelos dirigentes associativos, que debateram a viabilidade de estrat\u00e9gias para atua\u00e7\u00e3o conjunta das entidades.<\/p>\n","protected":false},"excerpt":{"rendered":"<p>O SINPROFAZ, representado por Achilles Frias, compareceu \u00e0 reuni\u00e3o do F\u00f3rum Nacional da Advocacia P\u00fablica Federal. O encontro contou com a presen\u00e7a de lideran\u00e7as da ANPPREV, da ANAJUR e da ANAUNI, que integram o FORVM juntamente com o Sindicato.<\/p>\n","protected":false},"author":2,"featured_media":16171,"comment_status":"open","ping_status":"open","sticky":false,"template":"","format":"standard","meta":{"footnotes":""},"categories":[8],"tags":[66,137,25],"featured_image_url":"https:\/\/sinprofaz.org.br\/2024\/wp-content\/uploads\/2023\/05\/reuni\u00e3o-do-forum.jpg","character_count":303,"formatted_date":"17\/05\/2023 - 08:37","contentNovo":"O SINPROFAZ, representado pelo presidente Achilles Frias, compareceu \u00e0 reuni\u00e3o do F\u00f3rum Nacional da Advocacia P\u00fablica Federal. Realizado em Bras\u00edlia\/DF, o encontro contou com a presen\u00e7a de lideran\u00e7as da ANPPREV, da ANAJUR e da ANAUNI, que integram o FORVM juntamente com o Sindicato.\r\n\r\nNa oportunidade, os presentes discutiram quest\u00f5es atuais que afetam procuradores da Fazenda Nacional, procuradores federais e advogados da Uni\u00e3o. Pleitos comuns de ambas as carreiras foram abordados pelos dirigentes associativos, que debateram a viabilidade de estrat\u00e9gias para atua\u00e7\u00e3o conjunta das entidades.","_links":{"self":[{"href":"https:\/\/sinprofaz.org.br\/2024\/wp-json\/wp\/v2\/posts\/16170"}],"collection":[{"href":"https:\/\/sinprofaz.org.br\/2024\/wp-json\/wp\/v2\/posts"}],"about":[{"href":"https:\/\/sinprofaz.org.br\/2024\/wp-json\/wp\/v2\/types\/post"}],"author":[{"embeddable":true,"href":"https:\/\/sinprofaz.org.br\/2024\/wp-json\/wp\/v2\/users\/2"}],"replies":[{"embeddable":true,"href":"https:\/\/sinprofaz.org.br\/2024\/wp-json\/wp\/v2\/comments?post=16170"}],"version-history":[{"count":1,"href":"https:\/\/sinprofaz.org.br\/2024\/wp-json\/wp\/v2\/posts\/16170\/revisions"}],"predecessor-version":[{"id":16172,"href":"https:\/\/sinprofaz.org.br\/2024\/wp-json\/wp\/v2\/posts\/16170\/revisions\/16172"}],"wp:featuredmedia":[{"embeddable":true,"href":"https:\/\/sinprofaz.org.br\/2024\/wp-json\/wp\/v2\/media\/16171"}],"wp:attachment":[{"href":"https:\/\/sinprofaz.org.br\/2024\/wp-json\/wp\/v2\/media?parent=16170"}],"wp:term":[{"taxonomy":"category","embeddable":true,"href":"https:\/\/sinprofaz.org.br\/2024\/wp-json\/wp\/v2\/categories?post=16170"},{"taxonomy":"post_tag","embeddable":true,"href":"https:\/\/sinprofaz.org.br\/2024\/wp-json\/wp\/v2\/tags?post=16170"}],"curies":[{"name":"wp","href":"https:\/\/api.w.org\/{rel}","templated":true}]}}