{"id":16102,"date":"2023-05-03T08:40:46","date_gmt":"2023-05-03T11:40:46","guid":{"rendered":"http:\/\/www.sinprofaz.org.br\/?p=16102"},"modified":"2023-05-04T09:40:04","modified_gmt":"2023-05-04T12:40:04","slug":"entidades-do-forvm-discutem-pleitos-comuns-dos-advogados-publicos-federais","status":"publish","type":"post","link":"https:\/\/sinprofaz.org.br\/2024\/noticias\/entidades-do-forvm-discutem-pleitos-comuns-dos-advogados-publicos-federais\/","title":{"rendered":"ENTIDADES DO FORVM DISCUTEM PLEITOS COMUNS DOS ADVOGADOS P\u00daBLICOS FEDERAIS"},"content":{"rendered":"<p>O SINPROFAZ, representado pelo presidente Achilles Frias e pela vice-presidente Iolanda Guindani, participou de reuni\u00e3o entre as entidades integrantes do F\u00f3rum Nacional da Advocacia P\u00fablica Federal. Realizado na sede do SINPROFAZ, em Bras\u00edlia\/DF, o encontro permitiu debates a respeito dos pleitos comuns de advogadas p\u00fablicas e advogados p\u00fablicos ativos e aposentados.<\/p>\n<p>Al\u00e9m dos representantes do Sindicato, estiveram presentes Jarbas dos Reis e Ruth Miller, presidente e diretora jur\u00eddica da ANAJUR. Na ocasi\u00e3o, a ANAUNI foi representada pelo presidente, Cl\u00f3vis Andrade; pelo vice-presidente, Tobias Morato; e pelo diretor financeiro, Caio Wolff. Para representar a ANPPREV, esteve presente Aluizo de Lucena, diretor de Finan\u00e7as e Patrim\u00f4nio. Unidas no FORVM, as entidades representam procuradores da Fazenda Nacional, advogados da Uni\u00e3o e procuradores federais.<\/p>\n\n\t\t<style type=\"text\/css\">\n\t\t\t#gallery-1 {\n\t\t\t\tmargin: auto;\n\t\t\t}\n\t\t\t#gallery-1 .gallery-item {\n\t\t\t\tfloat: left;\n\t\t\t\tmargin-top: 10px;\n\t\t\t\ttext-align: center;\n\t\t\t\twidth: 33%;\n\t\t\t}\n\t\t\t#gallery-1 img {\n\t\t\t\tborder: 2px solid #cfcfcf;\n\t\t\t}\n\t\t\t#gallery-1 .gallery-caption {\n\t\t\t\tmargin-left: 0;\n\t\t\t}\n\t\t\t\/* see gallery_shortcode() in wp-includes\/media.php *\/\n\t\t<\/style>\n\t\t<div id='gallery-1' class='gallery galleryid-16102 gallery-columns-3 gallery-size-thumbnail'><dl class='gallery-item'>\n\t\t\t<dt class='gallery-icon landscape'>\n\t\t\t\t<a href='https:\/\/sinprofaz.org.br\/2024\/wp-content\/uploads\/2023\/05\/reuni\u00e3o-do-forvm-2.jpg'><img loading=\"lazy\" decoding=\"async\" width=\"150\" height=\"150\" src=\"https:\/\/sinprofaz.org.br\/2024\/wp-content\/uploads\/2023\/05\/reuni\u00e3o-do-forvm-2-150x150.jpg\" class=\"attachment-thumbnail size-thumbnail\" alt=\"\" \/><\/a>\n\t\t\t<\/dt><\/dl><dl class='gallery-item'>\n\t\t\t<dt class='gallery-icon landscape'>\n\t\t\t\t<a href='https:\/\/sinprofaz.org.br\/2024\/wp-content\/uploads\/2023\/05\/reuni\u00e3o-do-forvm-3.jpg'><img loading=\"lazy\" decoding=\"async\" width=\"150\" height=\"150\" src=\"https:\/\/sinprofaz.org.br\/2024\/wp-content\/uploads\/2023\/05\/reuni\u00e3o-do-forvm-3-150x150.jpg\" class=\"attachment-thumbnail size-thumbnail\" alt=\"\" \/><\/a>\n\t\t\t<\/dt><\/dl>\n\t\t\t<br style='clear: both' \/>\n\t\t<\/div>\n\n","protected":false},"excerpt":{"rendered":"<p>O SINPROFAZ, representado por Achilles Frias e Iolanda Guindani, participou de reuni\u00e3o entre as entidades integrantes do FORVM. O encontro permitiu debates a respeito dos pleitos comuns de advogadas p\u00fablicas e advogados p\u00fablicos ativos e aposentados.<\/p>\n","protected":false},"author":2,"featured_media":16103,"comment_status":"open","ping_status":"open","sticky":false,"template":"","format":"standard","meta":{"footnotes":""},"categories":[8],"tags":[34,137,25],"featured_image_url":"https:\/\/sinprofaz.org.br\/2024\/wp-content\/uploads\/2023\/05\/reuni\u00e3o-do-forvm-1.jpg","character_count":623,"formatted_date":"03\/05\/2023 - 08:40","contentNovo":"O SINPROFAZ, representado pelo presidente Achilles Frias e pela vice-presidente Iolanda Guindani, participou de reuni\u00e3o entre as entidades integrantes do F\u00f3rum Nacional da Advocacia P\u00fablica Federal. Realizado na sede do SINPROFAZ, em Bras\u00edlia\/DF, o encontro permitiu debates a respeito dos pleitos comuns de advogadas p\u00fablicas e advogados p\u00fablicos ativos e aposentados.\r\n\r\nAl\u00e9m dos representantes do Sindicato, estiveram presentes Jarbas dos Reis e Ruth Miller, presidente e diretora jur\u00eddica da ANAJUR. Na ocasi\u00e3o, a ANAUNI foi representada pelo presidente, Cl\u00f3vis Andrade; pelo vice-presidente, Tobias Morato; e pelo diretor financeiro, Caio Wolff. Para representar a ANPPREV, esteve presente Aluizo de Lucena, diretor de Finan\u00e7as e Patrim\u00f4nio. Unidas no FORVM, as entidades representam procuradores da Fazenda Nacional, advogados da Uni\u00e3o e procuradores federais.\r\n\r\n[gallery link=\"file\" ids=\"16104,16105\"]","_links":{"self":[{"href":"https:\/\/sinprofaz.org.br\/2024\/wp-json\/wp\/v2\/posts\/16102"}],"collection":[{"href":"https:\/\/sinprofaz.org.br\/2024\/wp-json\/wp\/v2\/posts"}],"about":[{"href":"https:\/\/sinprofaz.org.br\/2024\/wp-json\/wp\/v2\/types\/post"}],"author":[{"embeddable":true,"href":"https:\/\/sinprofaz.org.br\/2024\/wp-json\/wp\/v2\/users\/2"}],"replies":[{"embeddable":true,"href":"https:\/\/sinprofaz.org.br\/2024\/wp-json\/wp\/v2\/comments?post=16102"}],"version-history":[{"count":2,"href":"https:\/\/sinprofaz.org.br\/2024\/wp-json\/wp\/v2\/posts\/16102\/revisions"}],"predecessor-version":[{"id":16110,"href":"https:\/\/sinprofaz.org.br\/2024\/wp-json\/wp\/v2\/posts\/16102\/revisions\/16110"}],"wp:featuredmedia":[{"embeddable":true,"href":"https:\/\/sinprofaz.org.br\/2024\/wp-json\/wp\/v2\/media\/16103"}],"wp:attachment":[{"href":"https:\/\/sinprofaz.org.br\/2024\/wp-json\/wp\/v2\/media?parent=16102"}],"wp:term":[{"taxonomy":"category","embeddable":true,"href":"https:\/\/sinprofaz.org.br\/2024\/wp-json\/wp\/v2\/categories?post=16102"},{"taxonomy":"post_tag","embeddable":true,"href":"https:\/\/sinprofaz.org.br\/2024\/wp-json\/wp\/v2\/tags?post=16102"}],"curies":[{"name":"wp","href":"https:\/\/api.w.org\/{rel}","templated":true}]}}