{"id":16088,"date":"2023-04-27T08:24:50","date_gmt":"2023-04-27T11:24:50","guid":{"rendered":"http:\/\/www.sinprofaz.org.br\/?p=16088"},"modified":"2023-05-02T09:38:58","modified_gmt":"2023-05-02T12:38:58","slug":"entidades-comemoram-o-lancamento-da-frente-parlamentar-em-defesa-da-advocacia-publica","status":"publish","type":"post","link":"https:\/\/sinprofaz.org.br\/2024\/noticias\/entidades-comemoram-o-lancamento-da-frente-parlamentar-em-defesa-da-advocacia-publica\/","title":{"rendered":"ENTIDADES COMEMORAM O LAN\u00c7AMENTO DA FRENTE PARLAMENTAR EM DEFESA DA ADVOCACIA P\u00daBLICA"},"content":{"rendered":"<p>O SINPROFAZ, representado pelo presidente Achilles Frias e pela vice-presidente Iolanda Guindani, compareceu \u00e0 confraterniza\u00e7\u00e3o, organizada pela ANPPREV, em comemora\u00e7\u00e3o ao lan\u00e7amento da Frente Parlamentar Mista em Defesa da Advocacia P\u00fablica. O evento na ter\u00e7a-feira (25) em Bras\u00edlia\/DF foi prestigiado pelo coordenador da Frente, o deputado federal Lafayette de Andrada (Republicanos\/MG). Os deputados Diego Garcia (Republicanos\/PR) e Ana Pimentel (PT\/MG), apoiadores da cria\u00e7\u00e3o da Frente, tamb\u00e9m participaram da confraterniza\u00e7\u00e3o.<\/p>\n<p>Em discurso, Lafayette de Andrada ressaltou a satisfa\u00e7\u00e3o pelo convite para liderar o movimento em prol de advogadas p\u00fablicas e advogados p\u00fablicos. &#8220;Quando fui convidado para presidir a Frente, deixei clara a import\u00e2ncia da valoriza\u00e7\u00e3o da Advocacia P\u00fablica federal, estadual e municipal. Temos muito trabalho adiante e precisaremos da colabora\u00e7\u00e3o de todos. Mas tenho a certeza de que o esp\u00edrito democr\u00e1tico orientar\u00e1 nossas a\u00e7\u00f5es. Este, para mim, \u00e9 um dia de grande honra. Agrade\u00e7o a todos. Que a nossa Frente proporcione resultados muito positivos para a Advocacia P\u00fablica.&#8221;<\/p>\n<p>Conforme a ata de instala\u00e7\u00e3o, a Frente Parlamentar Mista em Defesa da Advocacia P\u00fablica tem como finalidades acompanhar e apoiar a atua\u00e7\u00e3o dos advogados em todo o pa\u00eds, assim como as pol\u00edticas oficiais voltadas para a categoria; promover debates, semin\u00e1rios e outros eventos relacionados \u00e0 atua\u00e7\u00e3o e \u00e0s reivindica\u00e7\u00f5es da Advocacia P\u00fablica; e buscar o aperfei\u00e7oamento da legisla\u00e7\u00e3o relacionada \u00e0 carreira e \u00e0s atribui\u00e7\u00f5es dos advogados, influenciando o processo legislativo a partir das comiss\u00f5es tem\u00e1ticas do Congresso Nacional.<\/p>\n\n\t\t<style type=\"text\/css\">\n\t\t\t#gallery-1 {\n\t\t\t\tmargin: auto;\n\t\t\t}\n\t\t\t#gallery-1 .gallery-item {\n\t\t\t\tfloat: left;\n\t\t\t\tmargin-top: 10px;\n\t\t\t\ttext-align: center;\n\t\t\t\twidth: 33%;\n\t\t\t}\n\t\t\t#gallery-1 img {\n\t\t\t\tborder: 2px solid #cfcfcf;\n\t\t\t}\n\t\t\t#gallery-1 .gallery-caption {\n\t\t\t\tmargin-left: 0;\n\t\t\t}\n\t\t\t\/* see gallery_shortcode() in wp-includes\/media.php *\/\n\t\t<\/style>\n\t\t<div id='gallery-1' class='gallery galleryid-16088 gallery-columns-3 gallery-size-thumbnail'><dl class='gallery-item'>\n\t\t\t<dt class='gallery-icon landscape'>\n\t\t\t\t<a href='https:\/\/sinprofaz.org.br\/2024\/wp-content\/uploads\/2023\/04\/lan\u00e7amento-frente-2.jpg'><img loading=\"lazy\" decoding=\"async\" width=\"150\" height=\"150\" src=\"https:\/\/sinprofaz.org.br\/2024\/wp-content\/uploads\/2023\/04\/lan\u00e7amento-frente-2-150x150.jpg\" class=\"attachment-thumbnail size-thumbnail\" alt=\"\" aria-describedby=\"gallery-1-16089\" \/><\/a>\n\t\t\t<\/dt>\n\t\t\t\t<dd class='wp-caption-text gallery-caption' id='gallery-1-16089'>\n\t\t\t\tAchilles Frias, Diego Garcia e Iolanda Guindani\n\t\t\t\t<\/dd><\/dl><dl class='gallery-item'>\n\t\t\t<dt class='gallery-icon landscape'>\n\t\t\t\t<a href='https:\/\/sinprofaz.org.br\/2024\/wp-content\/uploads\/2023\/04\/lan\u00e7amento-frente-3.jpg'><img loading=\"lazy\" decoding=\"async\" width=\"150\" height=\"150\" src=\"https:\/\/sinprofaz.org.br\/2024\/wp-content\/uploads\/2023\/04\/lan\u00e7amento-frente-3-150x150.jpg\" class=\"attachment-thumbnail size-thumbnail\" alt=\"\" aria-describedby=\"gallery-1-16090\" \/><\/a>\n\t\t\t<\/dt>\n\t\t\t\t<dd class='wp-caption-text gallery-caption' id='gallery-1-16090'>\n\t\t\t\tIolanda Guindani, Ana Pimentel e Achilles Frias\n\t\t\t\t<\/dd><\/dl><dl class='gallery-item'>\n\t\t\t<dt class='gallery-icon landscape'>\n\t\t\t\t<a href='https:\/\/sinprofaz.org.br\/2024\/wp-content\/uploads\/2023\/04\/lan\u00e7amento-frente-4.jpg'><img loading=\"lazy\" decoding=\"async\" width=\"150\" height=\"150\" src=\"https:\/\/sinprofaz.org.br\/2024\/wp-content\/uploads\/2023\/04\/lan\u00e7amento-frente-4-150x150.jpg\" class=\"attachment-thumbnail size-thumbnail\" alt=\"\" aria-describedby=\"gallery-1-16091\" \/><\/a>\n\t\t\t<\/dt>\n\t\t\t\t<dd class='wp-caption-text gallery-caption' id='gallery-1-16091'>\n\t\t\t\tDeputado Diego Garcia e dirigentes associativos\n\t\t\t\t<\/dd><\/dl><br style=\"clear: both\" \/>\n\t\t<\/div>\n\n","protected":false},"excerpt":{"rendered":"<p>O evento foi prestigiado pelo coordenador da Frente, o deputado Lafayette de Andrada (Republicanos\/MG). Os deputados Diego Garcia (Republicanos\/PR) e Ana Pimentel (PT\/MG) tamb\u00e9m participaram da confraterniza\u00e7\u00e3o.<\/p>\n","protected":false},"author":2,"featured_media":16092,"comment_status":"open","ping_status":"open","sticky":false,"template":"","format":"standard","meta":{"footnotes":""},"categories":[8],"tags":[34,73,25],"featured_image_url":"https:\/\/sinprofaz.org.br\/2024\/wp-content\/uploads\/2023\/04\/lan\u00e7amento-frente-1.jpg","character_count":1134,"formatted_date":"27\/04\/2023 - 08:24","contentNovo":"O SINPROFAZ, representado pelo presidente Achilles Frias e pela vice-presidente Iolanda Guindani, compareceu \u00e0 confraterniza\u00e7\u00e3o, organizada pela ANPPREV, em comemora\u00e7\u00e3o ao lan\u00e7amento da Frente Parlamentar Mista em Defesa da Advocacia P\u00fablica. O evento na ter\u00e7a-feira (25) em Bras\u00edlia\/DF foi prestigiado pelo coordenador da Frente, o deputado federal Lafayette de Andrada (Republicanos\/MG). Os deputados Diego Garcia (Republicanos\/PR) e Ana Pimentel (PT\/MG), apoiadores da cria\u00e7\u00e3o da Frente, tamb\u00e9m participaram da confraterniza\u00e7\u00e3o.\r\n\r\nEm discurso, Lafayette de Andrada ressaltou a satisfa\u00e7\u00e3o pelo convite para liderar o movimento em prol de advogadas p\u00fablicas e advogados p\u00fablicos. \"Quando fui convidado para presidir a Frente, deixei clara a import\u00e2ncia da valoriza\u00e7\u00e3o da Advocacia P\u00fablica federal, estadual e municipal. Temos muito trabalho adiante e precisaremos da colabora\u00e7\u00e3o de todos. Mas tenho a certeza de que o esp\u00edrito democr\u00e1tico orientar\u00e1 nossas a\u00e7\u00f5es. Este, para mim, \u00e9 um dia de grande honra. Agrade\u00e7o a todos. Que a nossa Frente proporcione resultados muito positivos para a Advocacia P\u00fablica.\"\r\n\r\nConforme a ata de instala\u00e7\u00e3o, a Frente Parlamentar Mista em Defesa da Advocacia P\u00fablica tem como finalidades acompanhar e apoiar a atua\u00e7\u00e3o dos advogados em todo o pa\u00eds, assim como as pol\u00edticas oficiais voltadas para a categoria; promover debates, semin\u00e1rios e outros eventos relacionados \u00e0 atua\u00e7\u00e3o e \u00e0s reivindica\u00e7\u00f5es da Advocacia P\u00fablica; e buscar o aperfei\u00e7oamento da legisla\u00e7\u00e3o relacionada \u00e0 carreira e \u00e0s atribui\u00e7\u00f5es dos advogados, influenciando o processo legislativo a partir das comiss\u00f5es tem\u00e1ticas do Congresso Nacional.\r\n\r\n[gallery link=\"file\" ids=\"16089,16090,16091\"]","_links":{"self":[{"href":"https:\/\/sinprofaz.org.br\/2024\/wp-json\/wp\/v2\/posts\/16088"}],"collection":[{"href":"https:\/\/sinprofaz.org.br\/2024\/wp-json\/wp\/v2\/posts"}],"about":[{"href":"https:\/\/sinprofaz.org.br\/2024\/wp-json\/wp\/v2\/types\/post"}],"author":[{"embeddable":true,"href":"https:\/\/sinprofaz.org.br\/2024\/wp-json\/wp\/v2\/users\/2"}],"replies":[{"embeddable":true,"href":"https:\/\/sinprofaz.org.br\/2024\/wp-json\/wp\/v2\/comments?post=16088"}],"version-history":[{"count":2,"href":"https:\/\/sinprofaz.org.br\/2024\/wp-json\/wp\/v2\/posts\/16088\/revisions"}],"predecessor-version":[{"id":16101,"href":"https:\/\/sinprofaz.org.br\/2024\/wp-json\/wp\/v2\/posts\/16088\/revisions\/16101"}],"wp:featuredmedia":[{"embeddable":true,"href":"https:\/\/sinprofaz.org.br\/2024\/wp-json\/wp\/v2\/media\/16092"}],"wp:attachment":[{"href":"https:\/\/sinprofaz.org.br\/2024\/wp-json\/wp\/v2\/media?parent=16088"}],"wp:term":[{"taxonomy":"category","embeddable":true,"href":"https:\/\/sinprofaz.org.br\/2024\/wp-json\/wp\/v2\/categories?post=16088"},{"taxonomy":"post_tag","embeddable":true,"href":"https:\/\/sinprofaz.org.br\/2024\/wp-json\/wp\/v2\/tags?post=16088"}],"curies":[{"name":"wp","href":"https:\/\/api.w.org\/{rel}","templated":true}]}}