{"id":16062,"date":"2023-04-26T09:52:47","date_gmt":"2023-04-26T12:52:47","guid":{"rendered":"http:\/\/www.sinprofaz.org.br\/?p=16062"},"modified":"2023-04-27T09:25:05","modified_gmt":"2023-04-27T12:25:05","slug":"sinprofaz-comparece-ao-lancamento-da-frente-parlamentar-mista-em-defesa-da-advocacia-publica","status":"publish","type":"post","link":"https:\/\/sinprofaz.org.br\/2024\/noticias\/sinprofaz-comparece-ao-lancamento-da-frente-parlamentar-mista-em-defesa-da-advocacia-publica\/","title":{"rendered":"SINPROFAZ COMPARECE AO LAN\u00c7AMENTO DA FRENTE PARLAMENTAR MISTA EM DEFESA DA ADVOCACIA P\u00daBLICA"},"content":{"rendered":"<p>O SINPROFAZ, representado pelo presidente Achilles Frias, pela vice-presidente Iolanda Guindani e pelo diretor S\u00e9rgio Andrade, compareceu ontem (25) ao lan\u00e7amento da Frente Parlamentar Mista em Defesa da Advocacia P\u00fablica. Realizado, com o apoio do Sindicato, no Sal\u00e3o Nobre da C\u00e2mara dos Deputados, o evento contou com a presen\u00e7a de v\u00e1rios parlamentares, entre os quais o deputado federal Lafayette de Andrada (Republicanos\/MG), coordenador da Frente. Na qualidade de presidente do SINPROFAZ e do F\u00f3rum Nacional da Advocacia P\u00fablica Federal, Achilles Frias foi convidado para discursar ao p\u00fablico do evento.<\/p>\n<p>&#8220;A defesa da Advocacia P\u00fablica se faz importante na medida em que ainda estamos buscando a paridade de armas com as demais Fun\u00e7\u00f5es Essenciais \u00e0 Justi\u00e7a. Essa aus\u00eancia de paridade entre as Fun\u00e7\u00f5es n\u00e3o se justifica mais. A Advocacia P\u00fablica est\u00e1 unida e n\u00e3o ficar\u00e1 novamente para tr\u00e1s nos projetos de lei ou nas propostas de emenda constitucional. Nossas prerrogativas merecem ser conquistadas, consolidadas e preservadas em benef\u00edcio, principalmente, da sociedade brasileira que defendemos&#8221;, discursou Achilles Frias, que ganhou o apoio das advogadas p\u00fablicas e dos advogados p\u00fablicos presentes.<\/p>\n<p>A Frente Parlamentar Mista em Defesa da Advocacia P\u00fablica tem o aval de mais de 200 parlamentares, entre os quais os deputados Pedro Aihara (Patriota\/MG), Bia Kicis (PL\/DF), T\u00falio Gad\u00ealha (Rede\/PE), Wilson Santiago (Republicanos\/PB) e Diego Garcia (Republicanos\/PR), que compareceram \u00e0 solenidade de lan\u00e7amento e manifestaram admira\u00e7\u00e3o pelo trabalho desempenhado pelos advogados p\u00fablicos. O evento tamb\u00e9m contou com a participa\u00e7\u00e3o do vice-AGU, Fl\u00e1vio Roman; do vice-presidente nacional da OAB, Rafael Horn; da filiada e presidente da Comiss\u00e3o Nacional de Advocacia P\u00fablica do CFOAB, Maria Dionne Felipe; do presidente da OAB\/DF, D\u00e9lio Lins e Silva, entre outras autoridades.<\/p>\n\n\t\t<style type=\"text\/css\">\n\t\t\t#gallery-1 {\n\t\t\t\tmargin: auto;\n\t\t\t}\n\t\t\t#gallery-1 .gallery-item {\n\t\t\t\tfloat: left;\n\t\t\t\tmargin-top: 10px;\n\t\t\t\ttext-align: center;\n\t\t\t\twidth: 33%;\n\t\t\t}\n\t\t\t#gallery-1 img {\n\t\t\t\tborder: 2px solid #cfcfcf;\n\t\t\t}\n\t\t\t#gallery-1 .gallery-caption {\n\t\t\t\tmargin-left: 0;\n\t\t\t}\n\t\t\t\/* see gallery_shortcode() in wp-includes\/media.php *\/\n\t\t<\/style>\n\t\t<div id='gallery-1' class='gallery galleryid-16062 gallery-columns-3 gallery-size-thumbnail'><dl class='gallery-item'>\n\t\t\t<dt class='gallery-icon landscape'>\n\t\t\t\t<a href='https:\/\/sinprofaz.org.br\/2024\/wp-content\/uploads\/2023\/04\/frente-2.jpg'><img loading=\"lazy\" decoding=\"async\" width=\"150\" height=\"150\" src=\"https:\/\/sinprofaz.org.br\/2024\/wp-content\/uploads\/2023\/04\/frente-2-150x150.jpg\" class=\"attachment-thumbnail size-thumbnail\" alt=\"\" aria-describedby=\"gallery-1-16075\" \/><\/a>\n\t\t\t<\/dt>\n\t\t\t\t<dd class='wp-caption-text gallery-caption' id='gallery-1-16075'>\n\t\t\t\tAchilles Frias discursa para o p\u00fablico\n\t\t\t\t<\/dd><\/dl><dl class='gallery-item'>\n\t\t\t<dt class='gallery-icon landscape'>\n\t\t\t\t<a href='https:\/\/sinprofaz.org.br\/2024\/wp-content\/uploads\/2023\/04\/frente-3.jpg'><img loading=\"lazy\" decoding=\"async\" width=\"150\" height=\"150\" src=\"https:\/\/sinprofaz.org.br\/2024\/wp-content\/uploads\/2023\/04\/frente-3-150x150.jpg\" class=\"attachment-thumbnail size-thumbnail\" alt=\"\" aria-describedby=\"gallery-1-16076\" \/><\/a>\n\t\t\t<\/dt>\n\t\t\t\t<dd class='wp-caption-text gallery-caption' id='gallery-1-16076'>\n\t\t\t\tLafayette de Andrada e Achilles Frias\n\t\t\t\t<\/dd><\/dl><dl class='gallery-item'>\n\t\t\t<dt class='gallery-icon landscape'>\n\t\t\t\t<a href='https:\/\/sinprofaz.org.br\/2024\/wp-content\/uploads\/2023\/04\/frente-4.jpg'><img loading=\"lazy\" decoding=\"async\" width=\"150\" height=\"150\" src=\"https:\/\/sinprofaz.org.br\/2024\/wp-content\/uploads\/2023\/04\/frente-4-150x150.jpg\" class=\"attachment-thumbnail size-thumbnail\" alt=\"\" aria-describedby=\"gallery-1-16077\" \/><\/a>\n\t\t\t<\/dt>\n\t\t\t\t<dd class='wp-caption-text gallery-caption' id='gallery-1-16077'>\n\t\t\t\tAchilles Frias e Fl\u00e1vio Roman\n\t\t\t\t<\/dd><\/dl><br style=\"clear: both\" \/><dl class='gallery-item'>\n\t\t\t<dt class='gallery-icon landscape'>\n\t\t\t\t<a href='https:\/\/sinprofaz.org.br\/2024\/wp-content\/uploads\/2023\/04\/frente-5.jpg'><img loading=\"lazy\" decoding=\"async\" width=\"150\" height=\"150\" src=\"https:\/\/sinprofaz.org.br\/2024\/wp-content\/uploads\/2023\/04\/frente-5-150x150.jpg\" class=\"attachment-thumbnail size-thumbnail\" alt=\"\" aria-describedby=\"gallery-1-16078\" \/><\/a>\n\t\t\t<\/dt>\n\t\t\t\t<dd class='wp-caption-text gallery-caption' id='gallery-1-16078'>\n\t\t\t\tFl\u00e1vio Roman, Achilles Frias e Rafael Horn\n\t\t\t\t<\/dd><\/dl><dl class='gallery-item'>\n\t\t\t<dt class='gallery-icon landscape'>\n\t\t\t\t<a href='https:\/\/sinprofaz.org.br\/2024\/wp-content\/uploads\/2023\/04\/frente-6.jpg'><img loading=\"lazy\" decoding=\"async\" width=\"150\" height=\"150\" src=\"https:\/\/sinprofaz.org.br\/2024\/wp-content\/uploads\/2023\/04\/frente-6-150x150.jpg\" class=\"attachment-thumbnail size-thumbnail\" alt=\"\" aria-describedby=\"gallery-1-16080\" \/><\/a>\n\t\t\t<\/dt>\n\t\t\t\t<dd class='wp-caption-text gallery-caption' id='gallery-1-16080'>\n\t\t\t\tSINPROFAZ marca presen\u00e7a\n\t\t\t\t<\/dd><\/dl><dl class='gallery-item'>\n\t\t\t<dt class='gallery-icon landscape'>\n\t\t\t\t<a href='https:\/\/sinprofaz.org.br\/2024\/wp-content\/uploads\/2023\/04\/frente-7.jpg'><img loading=\"lazy\" decoding=\"async\" width=\"150\" height=\"150\" src=\"https:\/\/sinprofaz.org.br\/2024\/wp-content\/uploads\/2023\/04\/frente-7-150x150.jpg\" class=\"attachment-thumbnail size-thumbnail\" alt=\"\" aria-describedby=\"gallery-1-16081\" \/><\/a>\n\t\t\t<\/dt>\n\t\t\t\t<dd class='wp-caption-text gallery-caption' id='gallery-1-16081'>\n\t\t\t\tPedro Aihara (Patriota\/MG)\n\t\t\t\t<\/dd><\/dl><br style=\"clear: both\" \/><dl class='gallery-item'>\n\t\t\t<dt class='gallery-icon landscape'>\n\t\t\t\t<a href='https:\/\/sinprofaz.org.br\/2024\/wp-content\/uploads\/2023\/04\/frente-8.jpg'><img loading=\"lazy\" decoding=\"async\" width=\"150\" height=\"150\" src=\"https:\/\/sinprofaz.org.br\/2024\/wp-content\/uploads\/2023\/04\/frente-8-150x150.jpg\" class=\"attachment-thumbnail size-thumbnail\" alt=\"\" aria-describedby=\"gallery-1-16082\" \/><\/a>\n\t\t\t<\/dt>\n\t\t\t\t<dd class='wp-caption-text gallery-caption' id='gallery-1-16082'>\n\t\t\t\tDiego Garcia (Republicanos\/PR)\n\t\t\t\t<\/dd><\/dl><dl class='gallery-item'>\n\t\t\t<dt class='gallery-icon landscape'>\n\t\t\t\t<a href='https:\/\/sinprofaz.org.br\/2024\/wp-content\/uploads\/2023\/04\/frente-9.jpg'><img loading=\"lazy\" decoding=\"async\" width=\"150\" height=\"150\" src=\"https:\/\/sinprofaz.org.br\/2024\/wp-content\/uploads\/2023\/04\/frente-9-150x150.jpg\" class=\"attachment-thumbnail size-thumbnail\" alt=\"\" aria-describedby=\"gallery-1-16083\" \/><\/a>\n\t\t\t<\/dt>\n\t\t\t\t<dd class='wp-caption-text gallery-caption' id='gallery-1-16083'>\n\t\t\t\tBia Kicis (PL\/DF)\n\t\t\t\t<\/dd><\/dl><dl class='gallery-item'>\n\t\t\t<dt class='gallery-icon landscape'>\n\t\t\t\t<a href='https:\/\/sinprofaz.org.br\/2024\/wp-content\/uploads\/2023\/04\/frente-10.jpg'><img loading=\"lazy\" decoding=\"async\" width=\"150\" height=\"150\" src=\"https:\/\/sinprofaz.org.br\/2024\/wp-content\/uploads\/2023\/04\/frente-10-150x150.jpg\" class=\"attachment-thumbnail size-thumbnail\" alt=\"\" aria-describedby=\"gallery-1-16084\" \/><\/a>\n\t\t\t<\/dt>\n\t\t\t\t<dd class='wp-caption-text gallery-caption' id='gallery-1-16084'>\n\t\t\t\tT\u00falio Gad\u00ealha (Rede\/PE)\n\t\t\t\t<\/dd><\/dl><br style=\"clear: both\" \/>\n\t\t<\/div>\n\n","protected":false},"excerpt":{"rendered":"<p>Realizado no Sal\u00e3o Nobre da C\u00e2mara dos Deputados, o evento contou com a presen\u00e7a de v\u00e1rios parlamentares, entre os quais o deputado federal Lafayette de Andrada (Republicanos\/MG), coordenador da Frente. Achilles Frias discursou para o p\u00fablico.<\/p>\n","protected":false},"author":2,"featured_media":16074,"comment_status":"open","ping_status":"open","sticky":false,"template":"","format":"standard","meta":{"footnotes":""},"categories":[8],"tags":[34,73,25],"featured_image_url":"https:\/\/sinprofaz.org.br\/2024\/wp-content\/uploads\/2023\/04\/frente-1.jpg","character_count":1398,"formatted_date":"26\/04\/2023 - 09:52","contentNovo":"O SINPROFAZ, representado pelo presidente Achilles Frias, pela vice-presidente Iolanda Guindani e pelo diretor S\u00e9rgio Andrade, compareceu ontem (25) ao lan\u00e7amento da Frente Parlamentar Mista em Defesa da Advocacia P\u00fablica. Realizado, com o apoio do Sindicato, no Sal\u00e3o Nobre da C\u00e2mara dos Deputados, o evento contou com a presen\u00e7a de v\u00e1rios parlamentares, entre os quais o deputado federal Lafayette de Andrada (Republicanos\/MG), coordenador da Frente. Na qualidade de presidente do SINPROFAZ e do F\u00f3rum Nacional da Advocacia P\u00fablica Federal, Achilles Frias foi convidado para discursar ao p\u00fablico do evento.\r\n\r\n\"A defesa da Advocacia P\u00fablica se faz importante na medida em que ainda estamos buscando a paridade de armas com as demais Fun\u00e7\u00f5es Essenciais \u00e0 Justi\u00e7a. Essa aus\u00eancia de paridade entre as Fun\u00e7\u00f5es n\u00e3o se justifica mais. A Advocacia P\u00fablica est\u00e1 unida e n\u00e3o ficar\u00e1 novamente para tr\u00e1s nos projetos de lei ou nas propostas de emenda constitucional. Nossas prerrogativas merecem ser conquistadas, consolidadas e preservadas em benef\u00edcio, principalmente, da sociedade brasileira que defendemos\", discursou Achilles Frias, que ganhou o apoio das advogadas p\u00fablicas e dos advogados p\u00fablicos presentes.\r\n\r\nA Frente Parlamentar Mista em Defesa da Advocacia P\u00fablica tem o aval de mais de 200 parlamentares, entre os quais os deputados Pedro Aihara (Patriota\/MG), Bia Kicis (PL\/DF), T\u00falio Gad\u00ealha (Rede\/PE), Wilson Santiago (Republicanos\/PB) e Diego Garcia (Republicanos\/PR), que compareceram \u00e0 solenidade de lan\u00e7amento e manifestaram admira\u00e7\u00e3o pelo trabalho desempenhado pelos advogados p\u00fablicos. O evento tamb\u00e9m contou com a participa\u00e7\u00e3o do vice-AGU, Fl\u00e1vio Roman; do vice-presidente nacional da OAB, Rafael Horn; da filiada e presidente da Comiss\u00e3o Nacional de Advocacia P\u00fablica do CFOAB, Maria Dionne Felipe; do presidente da OAB\/DF, D\u00e9lio Lins e Silva, entre outras autoridades.\r\n\r\n[gallery link=\"file\" ids=\"16075,16076,16077,16078,16080,16081,16082,16083,16084\"]","_links":{"self":[{"href":"https:\/\/sinprofaz.org.br\/2024\/wp-json\/wp\/v2\/posts\/16062"}],"collection":[{"href":"https:\/\/sinprofaz.org.br\/2024\/wp-json\/wp\/v2\/posts"}],"about":[{"href":"https:\/\/sinprofaz.org.br\/2024\/wp-json\/wp\/v2\/types\/post"}],"author":[{"embeddable":true,"href":"https:\/\/sinprofaz.org.br\/2024\/wp-json\/wp\/v2\/users\/2"}],"replies":[{"embeddable":true,"href":"https:\/\/sinprofaz.org.br\/2024\/wp-json\/wp\/v2\/comments?post=16062"}],"version-history":[{"count":5,"href":"https:\/\/sinprofaz.org.br\/2024\/wp-json\/wp\/v2\/posts\/16062\/revisions"}],"predecessor-version":[{"id":16095,"href":"https:\/\/sinprofaz.org.br\/2024\/wp-json\/wp\/v2\/posts\/16062\/revisions\/16095"}],"wp:featuredmedia":[{"embeddable":true,"href":"https:\/\/sinprofaz.org.br\/2024\/wp-json\/wp\/v2\/media\/16074"}],"wp:attachment":[{"href":"https:\/\/sinprofaz.org.br\/2024\/wp-json\/wp\/v2\/media?parent=16062"}],"wp:term":[{"taxonomy":"category","embeddable":true,"href":"https:\/\/sinprofaz.org.br\/2024\/wp-json\/wp\/v2\/categories?post=16062"},{"taxonomy":"post_tag","embeddable":true,"href":"https:\/\/sinprofaz.org.br\/2024\/wp-json\/wp\/v2\/tags?post=16062"}],"curies":[{"name":"wp","href":"https:\/\/api.w.org\/{rel}","templated":true}]}}