{"id":16043,"date":"2023-04-20T08:57:59","date_gmt":"2023-04-20T11:57:59","guid":{"rendered":"http:\/\/www.sinprofaz.org.br\/?p=16043"},"modified":"2023-04-25T14:47:37","modified_gmt":"2023-04-25T17:47:37","slug":"agu-lanca-edital-para-interessados-em-compor-o-comite-de-diversidade-e-inclusao","status":"publish","type":"post","link":"https:\/\/sinprofaz.org.br\/2024\/noticias\/agu-lanca-edital-para-interessados-em-compor-o-comite-de-diversidade-e-inclusao\/","title":{"rendered":"AGU LAN\u00c7A EDITAL PARA INTERESSADOS EM COMPOR O COMIT\u00ca DE DIVERSIDADE E INCLUS\u00c3O"},"content":{"rendered":"<p>O SINPROFAZ convida a Carreira para conhecer o Edital lan\u00e7ado pela Advocacia-Geral da Uni\u00e3o. O chamamento visa \u00e0 sele\u00e7\u00e3o de advogadas e advogados p\u00fablicos federais, assim como de servidoras e servidores da \u00e1rea administrativa, para compor o Comit\u00ea de Diversidade e Inclus\u00e3o da AGU.<\/p>\n<p>O per\u00edodo de inscri\u00e7\u00f5es para participa\u00e7\u00e3o fica aberto at\u00e9 28 de abril. Titulares e suplentes selecionados ter\u00e3o mandato de dois anos. No comit\u00ea, haver\u00e1 representantes de todas as carreiras da AGU. Confira os detalhes no Edital: <a href=\"http:\/\/www.gov.br\/agu\/pt-br\/comunicacao\/noticias\/EditalComitDiversidade1.pdf\">www.gov.br\/agu\/pt-br\/comunicacao\/noticias\/EditalComitDiversidade1.pdf<\/a><\/p>\n<p><strong>Sobre o colegiado<\/strong><\/p>\n<p>O Comit\u00ea de Diversidade e Inclus\u00e3o faz parte da nova estrutura da Advocacia-Geral da Uni\u00e3o. Criado pelo Decreto n\u00ba 11.328, de 1\u00ba de janeiro de 2023, tem como atribui\u00e7\u00e3o propor ferramentas de acolhimento, empoderamento, respeito e inclus\u00e3o de minorias. Entre as compet\u00eancias do Comit\u00ea est\u00e1 a estrutura\u00e7\u00e3o de um plano de a\u00e7\u00e3o para a Pol\u00edtica de Diversidade e Inclus\u00e3o, considerando iniciativas especialmente relacionadas \u00e0 igualdade de g\u00eanero, \u00e9tnica e racial.<\/p>\n<p>De acordo com a filiada Claudia Trindade, assessora especial de Diversidade e Inclus\u00e3o e coordenadora do colegiado, a participa\u00e7\u00e3o, no Comit\u00ea, de Membros da AGU, servidores, minist\u00e9rios e entidades do sistema de Justi\u00e7a objetiva garantir uma vis\u00e3o ampla e plural, de modo que as iniciativas do colegiado sejam verdadeiramente diversas e inclusivas.<\/p>\n<p>&#8220;Para ser efetiva, a pol\u00edtica de diversidade da AGU depende da ampla participa\u00e7\u00e3o dos destinat\u00e1rios. Por isso, contamos com a ades\u00e3o dos Colegas das unidades localizadas nas diferentes Regi\u00f5es do pa\u00eds. Apenas com essa abrang\u00eancia nacional, seremos capazes de contemplar as diferen\u00e7as regionais e as realidades distintas de todas as proje\u00e7\u00f5es da Advocacia-Geral da Uni\u00e3o&#8221;, ressaltou Claudia Trindade.<\/p>\n<p>&nbsp;<\/p>\n\n\t\t<style type=\"text\/css\">\n\t\t\t#gallery-1 {\n\t\t\t\tmargin: auto;\n\t\t\t}\n\t\t\t#gallery-1 .gallery-item {\n\t\t\t\tfloat: left;\n\t\t\t\tmargin-top: 10px;\n\t\t\t\ttext-align: center;\n\t\t\t\twidth: 33%;\n\t\t\t}\n\t\t\t#gallery-1 img {\n\t\t\t\tborder: 2px solid #cfcfcf;\n\t\t\t}\n\t\t\t#gallery-1 .gallery-caption {\n\t\t\t\tmargin-left: 0;\n\t\t\t}\n\t\t\t\/* see gallery_shortcode() in wp-includes\/media.php *\/\n\t\t<\/style>\n\t\t<div id='gallery-1' class='gallery galleryid-16043 gallery-columns-3 gallery-size-thumbnail'><dl class='gallery-item'>\n\t\t\t<dt class='gallery-icon landscape'>\n\t\t\t\t<a href='https:\/\/sinprofaz.org.br\/2024\/wp-content\/uploads\/2023\/04\/comit\u00ea-de-diversidade-e-inclus\u00e3o.png'><img loading=\"lazy\" decoding=\"async\" width=\"150\" height=\"150\" src=\"https:\/\/sinprofaz.org.br\/2024\/wp-content\/uploads\/2023\/04\/comit\u00ea-de-diversidade-e-inclus\u00e3o-150x150.png\" class=\"attachment-thumbnail size-thumbnail\" alt=\"\" \/><\/a>\n\t\t\t<\/dt><\/dl>\n\t\t\t<br style='clear: both' \/>\n\t\t<\/div>\n\n","protected":false},"excerpt":{"rendered":"<p>O SINPROFAZ convida a Carreira para conhecer o Edital lan\u00e7ado pela Advocacia-Geral da Uni\u00e3o. O chamamento visa \u00e0 sele\u00e7\u00e3o de advogadas e advogados p\u00fablicos federais para compor o Comit\u00ea de Diversidade e Inclus\u00e3o da AGU. Acesse aqui o Edital!<\/p>\n","protected":false},"author":2,"featured_media":16044,"comment_status":"open","ping_status":"open","sticky":false,"template":"","format":"standard","meta":{"footnotes":""},"categories":[8],"tags":[43,32],"featured_image_url":"https:\/\/sinprofaz.org.br\/2024\/wp-content\/uploads\/2023\/04\/comit\u00ea-de-diversidade-e-inclus\u00e3o.jpg","character_count":1119,"formatted_date":"20\/04\/2023 - 08:57","contentNovo":"O SINPROFAZ convida a Carreira para conhecer o Edital lan\u00e7ado pela Advocacia-Geral da Uni\u00e3o. O chamamento visa \u00e0 sele\u00e7\u00e3o de advogadas e advogados p\u00fablicos federais, assim como de servidoras e servidores da \u00e1rea administrativa, para compor o Comit\u00ea de Diversidade e Inclus\u00e3o da AGU.\r\n\r\nO per\u00edodo de inscri\u00e7\u00f5es para participa\u00e7\u00e3o fica aberto at\u00e9 28 de abril. Titulares e suplentes selecionados ter\u00e3o mandato de dois anos. No comit\u00ea, haver\u00e1 representantes de todas as carreiras da AGU. Confira os detalhes no Edital: <a href=\"http:\/\/www.gov.br\/agu\/pt-br\/comunicacao\/noticias\/EditalComitDiversidade1.pdf\">www.gov.br\/agu\/pt-br\/comunicacao\/noticias\/EditalComitDiversidade1.pdf<\/a>\r\n\r\n<strong>Sobre o colegiado<\/strong>\r\n\r\nO Comit\u00ea de Diversidade e Inclus\u00e3o faz parte da nova estrutura da Advocacia-Geral da Uni\u00e3o. Criado pelo Decreto n\u00ba 11.328, de 1\u00ba de janeiro de 2023, tem como atribui\u00e7\u00e3o propor ferramentas de acolhimento, empoderamento, respeito e inclus\u00e3o de minorias. Entre as compet\u00eancias do Comit\u00ea est\u00e1 a estrutura\u00e7\u00e3o de um plano de a\u00e7\u00e3o para a Pol\u00edtica de Diversidade e Inclus\u00e3o, considerando iniciativas especialmente relacionadas \u00e0 igualdade de g\u00eanero, \u00e9tnica e racial.\r\n\r\nDe acordo com a filiada Claudia Trindade, assessora especial de Diversidade e Inclus\u00e3o e coordenadora do colegiado, a participa\u00e7\u00e3o, no Comit\u00ea, de Membros da AGU, servidores, minist\u00e9rios e entidades do sistema de Justi\u00e7a objetiva garantir uma vis\u00e3o ampla e plural, de modo que as iniciativas do colegiado sejam verdadeiramente diversas e inclusivas.\r\n\r\n\"Para ser efetiva, a pol\u00edtica de diversidade da AGU depende da ampla participa\u00e7\u00e3o dos destinat\u00e1rios. Por isso, contamos com a ades\u00e3o dos Colegas das unidades localizadas nas diferentes Regi\u00f5es do pa\u00eds. Apenas com essa abrang\u00eancia nacional, seremos capazes de contemplar as diferen\u00e7as regionais e as realidades distintas de todas as proje\u00e7\u00f5es da Advocacia-Geral da Uni\u00e3o\", ressaltou Claudia Trindade.\r\n\r\n&nbsp;\r\n\r\n[gallery link=\"file\" ids=\"16046\"]","_links":{"self":[{"href":"https:\/\/sinprofaz.org.br\/2024\/wp-json\/wp\/v2\/posts\/16043"}],"collection":[{"href":"https:\/\/sinprofaz.org.br\/2024\/wp-json\/wp\/v2\/posts"}],"about":[{"href":"https:\/\/sinprofaz.org.br\/2024\/wp-json\/wp\/v2\/types\/post"}],"author":[{"embeddable":true,"href":"https:\/\/sinprofaz.org.br\/2024\/wp-json\/wp\/v2\/users\/2"}],"replies":[{"embeddable":true,"href":"https:\/\/sinprofaz.org.br\/2024\/wp-json\/wp\/v2\/comments?post=16043"}],"version-history":[{"count":4,"href":"https:\/\/sinprofaz.org.br\/2024\/wp-json\/wp\/v2\/posts\/16043\/revisions"}],"predecessor-version":[{"id":16056,"href":"https:\/\/sinprofaz.org.br\/2024\/wp-json\/wp\/v2\/posts\/16043\/revisions\/16056"}],"wp:featuredmedia":[{"embeddable":true,"href":"https:\/\/sinprofaz.org.br\/2024\/wp-json\/wp\/v2\/media\/16044"}],"wp:attachment":[{"href":"https:\/\/sinprofaz.org.br\/2024\/wp-json\/wp\/v2\/media?parent=16043"}],"wp:term":[{"taxonomy":"category","embeddable":true,"href":"https:\/\/sinprofaz.org.br\/2024\/wp-json\/wp\/v2\/categories?post=16043"},{"taxonomy":"post_tag","embeddable":true,"href":"https:\/\/sinprofaz.org.br\/2024\/wp-json\/wp\/v2\/tags?post=16043"}],"curies":[{"name":"wp","href":"https:\/\/api.w.org\/{rel}","templated":true}]}}