{"id":16017,"date":"2023-04-14T09:11:47","date_gmt":"2023-04-14T12:11:47","guid":{"rendered":"http:\/\/www.sinprofaz.org.br\/?p=16017"},"modified":"2023-04-17T10:23:11","modified_gmt":"2023-04-17T13:23:11","slug":"livro-o-poder-feminino-entre-percursos-e-desafios-e-lancado-em-evento-no-ceara","status":"publish","type":"post","link":"https:\/\/sinprofaz.org.br\/2024\/noticias\/livro-o-poder-feminino-entre-percursos-e-desafios-e-lancado-em-evento-no-ceara\/","title":{"rendered":"LIVRO &#8220;O PODER FEMININO: ENTRE PERCURSOS E DESAFIOS&#8221; \u00c9 LAN\u00c7ADO EM EVENTO NO CEAR\u00c1"},"content":{"rendered":"<p>A OAB em Fortaleza\/CE sediou, na ter\u00e7a-feira (11), o Semin\u00e1rio Lideran\u00e7a Feminina. Na programa\u00e7\u00e3o do evento, realizado pelo Tributos a Elas com o apoio do SINPROFAZ, esteve o lan\u00e7amento do segundo volume da obra <em><strong>O Poder Feminino: entre percursos e desafios. As mulheres perante a legisla\u00e7\u00e3o, a aplica\u00e7\u00e3o do direito e as pol\u00edticas p\u00fablicas e tribut\u00e1rias<\/strong><\/em>.<\/p>\n<p>Organizado pelas filiadas Herta Rani Teles Santos e M\u00f4nica \u00c9llen Pinto Bezerra Antinarelli, o livro \u00e9 uma colet\u00e2nea de artigos produzidos por procuradoras da Fazenda Nacional, advogadas da Uni\u00e3o, procuradoras federais, procuradoras do Banco Central, estudantes e advogadas privadas. Para adquirir a obra, acesse: <a href=\"https:\/\/arraeseditores.com.br\/pre-venda-o-poder-feminino-entre-percursos-e-desafios-823.html\">https:\/\/arraeseditores.com.br\/pre-venda-o-poder-feminino-entre-percursos-e-desafios-823.html<\/a><\/p>\n<p><strong>Presen\u00e7as<\/strong><br \/>\nEntre as procuradoras e os procuradores da Fazenda Nacional presentes no Semin\u00e1rio, estiveram as filiadas Claudia Trindade, assessora especial de Diversidade e Inclus\u00e3o da AGU; Rafaela Franco Abreu, procuradora-chefe da PFN\/CE; e Denise Lucena Cavalcante, professora titular de Direito Tribut\u00e1rio e Financeiro na Universidade Federal do Cear\u00e1. A elas, o agradecimento do SINPROFAZ pela participa\u00e7\u00e3o!<\/p>\n<p>Na ocasi\u00e3o, participantes convocaram assinaturas para a carta aberta que pede a nomea\u00e7\u00e3o de uma mulher negra para o Supremo Tribunal Federal. A carta encontra-se dispon\u00edvel no link: <a href=\"https:\/\/secure.avaaz.org\/community_petitions\/po\/presidente_do_brasil_diversidade_no_stf\/?zqOXstb\">https:\/\/secure.avaaz.org\/community_petitions\/po\/presidente_do_brasil_diversidade_no_stf\/?zqOXstb<\/a><\/p>\n<p>Em Minas Gerais, o segundo volume da obra <em><strong>O Poder Feminino: entre percursos e desafios<\/strong><\/em> ser\u00e1 lan\u00e7ado hoje (14), \u00e0s 10h, na PRFN6.<\/p>\n\n\t\t<style type=\"text\/css\">\n\t\t\t#gallery-1 {\n\t\t\t\tmargin: auto;\n\t\t\t}\n\t\t\t#gallery-1 .gallery-item {\n\t\t\t\tfloat: left;\n\t\t\t\tmargin-top: 10px;\n\t\t\t\ttext-align: center;\n\t\t\t\twidth: 33%;\n\t\t\t}\n\t\t\t#gallery-1 img {\n\t\t\t\tborder: 2px solid #cfcfcf;\n\t\t\t}\n\t\t\t#gallery-1 .gallery-caption {\n\t\t\t\tmargin-left: 0;\n\t\t\t}\n\t\t\t\/* see gallery_shortcode() in wp-includes\/media.php *\/\n\t\t<\/style>\n\t\t<div id='gallery-1' class='gallery galleryid-16017 gallery-columns-3 gallery-size-thumbnail'><dl class='gallery-item'>\n\t\t\t<dt class='gallery-icon landscape'>\n\t\t\t\t<a href='https:\/\/sinprofaz.org.br\/2024\/wp-content\/uploads\/2023\/04\/Lan\u00e7amento-O-Poder-Feminino-2.jpg'><img loading=\"lazy\" decoding=\"async\" width=\"150\" height=\"150\" src=\"https:\/\/sinprofaz.org.br\/2024\/wp-content\/uploads\/2023\/04\/Lan\u00e7amento-O-Poder-Feminino-2-150x150.jpg\" class=\"attachment-thumbnail size-thumbnail\" alt=\"\" \/><\/a>\n\t\t\t<\/dt><\/dl><dl class='gallery-item'>\n\t\t\t<dt class='gallery-icon landscape'>\n\t\t\t\t<a href='https:\/\/sinprofaz.org.br\/2024\/wp-content\/uploads\/2023\/04\/Lan\u00e7amento-O-Poder-Feminino-3.jpg'><img loading=\"lazy\" decoding=\"async\" width=\"150\" height=\"150\" src=\"https:\/\/sinprofaz.org.br\/2024\/wp-content\/uploads\/2023\/04\/Lan\u00e7amento-O-Poder-Feminino-3-150x150.jpg\" class=\"attachment-thumbnail size-thumbnail\" alt=\"\" \/><\/a>\n\t\t\t<\/dt><\/dl><dl class='gallery-item'>\n\t\t\t<dt class='gallery-icon landscape'>\n\t\t\t\t<a href='https:\/\/sinprofaz.org.br\/2024\/wp-content\/uploads\/2023\/04\/Lan\u00e7amento-O-Poder-Feminino-4.jpg'><img loading=\"lazy\" decoding=\"async\" width=\"150\" height=\"150\" src=\"https:\/\/sinprofaz.org.br\/2024\/wp-content\/uploads\/2023\/04\/Lan\u00e7amento-O-Poder-Feminino-4-150x150.jpg\" class=\"attachment-thumbnail size-thumbnail\" alt=\"\" \/><\/a>\n\t\t\t<\/dt><\/dl><br style=\"clear: both\" \/><dl class='gallery-item'>\n\t\t\t<dt class='gallery-icon landscape'>\n\t\t\t\t<a href='https:\/\/sinprofaz.org.br\/2024\/wp-content\/uploads\/2023\/04\/Lan\u00e7amento-O-Poder-Feminino-5.jpg'><img loading=\"lazy\" decoding=\"async\" width=\"150\" height=\"150\" src=\"https:\/\/sinprofaz.org.br\/2024\/wp-content\/uploads\/2023\/04\/Lan\u00e7amento-O-Poder-Feminino-5-150x150.jpg\" class=\"attachment-thumbnail size-thumbnail\" alt=\"\" \/><\/a>\n\t\t\t<\/dt><\/dl><dl class='gallery-item'>\n\t\t\t<dt class='gallery-icon landscape'>\n\t\t\t\t<a href='https:\/\/sinprofaz.org.br\/2024\/wp-content\/uploads\/2023\/04\/Lan\u00e7amento-O-Poder-Feminino-6.jpg'><img loading=\"lazy\" decoding=\"async\" width=\"150\" height=\"150\" src=\"https:\/\/sinprofaz.org.br\/2024\/wp-content\/uploads\/2023\/04\/Lan\u00e7amento-O-Poder-Feminino-6-150x150.jpg\" class=\"attachment-thumbnail size-thumbnail\" alt=\"\" \/><\/a>\n\t\t\t<\/dt><\/dl><dl class='gallery-item'>\n\t\t\t<dt class='gallery-icon landscape'>\n\t\t\t\t<a href='https:\/\/sinprofaz.org.br\/2024\/wp-content\/uploads\/2023\/04\/Lan\u00e7amento-O-Poder-Feminino-7.jpg'><img loading=\"lazy\" decoding=\"async\" width=\"150\" height=\"150\" src=\"https:\/\/sinprofaz.org.br\/2024\/wp-content\/uploads\/2023\/04\/Lan\u00e7amento-O-Poder-Feminino-7-150x150.jpg\" class=\"attachment-thumbnail size-thumbnail\" alt=\"\" \/><\/a>\n\t\t\t<\/dt><\/dl><br style=\"clear: both\" \/><dl class='gallery-item'>\n\t\t\t<dt class='gallery-icon landscape'>\n\t\t\t\t<a href='https:\/\/sinprofaz.org.br\/2024\/wp-content\/uploads\/2023\/04\/Lan\u00e7amento-O-Poder-Feminino-8.jpg'><img loading=\"lazy\" decoding=\"async\" width=\"150\" height=\"150\" src=\"https:\/\/sinprofaz.org.br\/2024\/wp-content\/uploads\/2023\/04\/Lan\u00e7amento-O-Poder-Feminino-8-150x150.jpg\" class=\"attachment-thumbnail size-thumbnail\" alt=\"\" \/><\/a>\n\t\t\t<\/dt><\/dl>\n\t\t\t<br style='clear: both' \/>\n\t\t<\/div>\n\n","protected":false},"excerpt":{"rendered":"<p>Organizado pelas filiadas Herta Rani e M\u00f4nica Antinarelli, o livro \u00e9 uma colet\u00e2nea de artigos produzidos por procuradoras da Fazenda Nacional, advogadas da Uni\u00e3o, procuradoras federais, procuradoras do Banco Central, estudantes e advogadas privadas.<\/p>\n","protected":false},"author":2,"featured_media":16025,"comment_status":"open","ping_status":"open","sticky":false,"template":"","format":"standard","meta":{"footnotes":""},"categories":[8],"tags":[32,29,121],"featured_image_url":"https:\/\/sinprofaz.org.br\/2024\/wp-content\/uploads\/2023\/04\/Lan\u00e7amento-O-Poder-Feminino-1.jpg","character_count":1022,"formatted_date":"14\/04\/2023 - 09:11","contentNovo":"A OAB em Fortaleza\/CE sediou, na ter\u00e7a-feira (11), o Semin\u00e1rio Lideran\u00e7a Feminina. Na programa\u00e7\u00e3o do evento, realizado pelo Tributos a Elas com o apoio do SINPROFAZ, esteve o lan\u00e7amento do segundo volume da obra <em><strong>O Poder Feminino: entre percursos e desafios. As mulheres perante a legisla\u00e7\u00e3o, a aplica\u00e7\u00e3o do direito e as pol\u00edticas p\u00fablicas e tribut\u00e1rias<\/strong><\/em>.\r\n\r\nOrganizado pelas filiadas Herta Rani Teles Santos e M\u00f4nica \u00c9llen Pinto Bezerra Antinarelli, o livro \u00e9 uma colet\u00e2nea de artigos produzidos por procuradoras da Fazenda Nacional, advogadas da Uni\u00e3o, procuradoras federais, procuradoras do Banco Central, estudantes e advogadas privadas. Para adquirir a obra, acesse: <a href=\"https:\/\/arraeseditores.com.br\/pre-venda-o-poder-feminino-entre-percursos-e-desafios-823.html\">https:\/\/arraeseditores.com.br\/pre-venda-o-poder-feminino-entre-percursos-e-desafios-823.html<\/a>\r\n\r\n<strong>Presen\u00e7as<\/strong>\r\nEntre as procuradoras e os procuradores da Fazenda Nacional presentes no Semin\u00e1rio, estiveram as filiadas Claudia Trindade, assessora especial de Diversidade e Inclus\u00e3o da AGU; Rafaela Franco Abreu, procuradora-chefe da PFN\/CE; e Denise Lucena Cavalcante, professora titular de Direito Tribut\u00e1rio e Financeiro na Universidade Federal do Cear\u00e1. A elas, o agradecimento do SINPROFAZ pela participa\u00e7\u00e3o!\r\n\r\nNa ocasi\u00e3o, participantes convocaram assinaturas para a carta aberta que pede a nomea\u00e7\u00e3o de uma mulher negra para o Supremo Tribunal Federal. A carta encontra-se dispon\u00edvel no link: <a href=\"https:\/\/secure.avaaz.org\/community_petitions\/po\/presidente_do_brasil_diversidade_no_stf\/?zqOXstb\">https:\/\/secure.avaaz.org\/community_petitions\/po\/presidente_do_brasil_diversidade_no_stf\/?zqOXstb<\/a>\r\n\r\nEm Minas Gerais, o segundo volume da obra <em><strong>O Poder Feminino: entre percursos e desafios<\/strong><\/em> ser\u00e1 lan\u00e7ado hoje (14), \u00e0s 10h, na PRFN6.\r\n\r\n[gallery link=\"file\" ids=\"16018,16019,16020,16021,16022,16023,16024\"]","_links":{"self":[{"href":"https:\/\/sinprofaz.org.br\/2024\/wp-json\/wp\/v2\/posts\/16017"}],"collection":[{"href":"https:\/\/sinprofaz.org.br\/2024\/wp-json\/wp\/v2\/posts"}],"about":[{"href":"https:\/\/sinprofaz.org.br\/2024\/wp-json\/wp\/v2\/types\/post"}],"author":[{"embeddable":true,"href":"https:\/\/sinprofaz.org.br\/2024\/wp-json\/wp\/v2\/users\/2"}],"replies":[{"embeddable":true,"href":"https:\/\/sinprofaz.org.br\/2024\/wp-json\/wp\/v2\/comments?post=16017"}],"version-history":[{"count":2,"href":"https:\/\/sinprofaz.org.br\/2024\/wp-json\/wp\/v2\/posts\/16017\/revisions"}],"predecessor-version":[{"id":16030,"href":"https:\/\/sinprofaz.org.br\/2024\/wp-json\/wp\/v2\/posts\/16017\/revisions\/16030"}],"wp:featuredmedia":[{"embeddable":true,"href":"https:\/\/sinprofaz.org.br\/2024\/wp-json\/wp\/v2\/media\/16025"}],"wp:attachment":[{"href":"https:\/\/sinprofaz.org.br\/2024\/wp-json\/wp\/v2\/media?parent=16017"}],"wp:term":[{"taxonomy":"category","embeddable":true,"href":"https:\/\/sinprofaz.org.br\/2024\/wp-json\/wp\/v2\/categories?post=16017"},{"taxonomy":"post_tag","embeddable":true,"href":"https:\/\/sinprofaz.org.br\/2024\/wp-json\/wp\/v2\/tags?post=16017"}],"curies":[{"name":"wp","href":"https:\/\/api.w.org\/{rel}","templated":true}]}}