{"id":16006,"date":"2023-04-13T08:23:27","date_gmt":"2023-04-13T11:23:27","guid":{"rendered":"http:\/\/www.sinprofaz.org.br\/?p=16006"},"modified":"2023-04-13T10:40:44","modified_gmt":"2023-04-13T13:40:44","slug":"sinprofaz-participa-de-aula-magna-ministrada-por-luis-roberto-barroso","status":"publish","type":"post","link":"https:\/\/sinprofaz.org.br\/2024\/noticias\/sinprofaz-participa-de-aula-magna-ministrada-por-luis-roberto-barroso\/","title":{"rendered":"SINPROFAZ PARTICIPA DE AULA MAGNA MINISTRADA POR LU\u00cdS ROBERTO BARROSO"},"content":{"rendered":"<p>O SINPROFAZ, representado pela vice-presidente Iolanda Guindani e pelo diretor Roberto Rodrigues, compareceu na ter\u00e7a-feira (11) \u00e0 Aula Magna do curso &#8220;Democracia e Combate \u00e0 Desinforma\u00e7\u00e3o&#8221;, lan\u00e7ado pela Escola Superior da AGU. A aula teve como professor convidado o ministro Lu\u00eds Roberto Barroso, do Supremo Tribunal Federal. Realizado em Bras\u00edlia\/DF, o evento inaugural foi prestigiado pelo advogado-geral da Uni\u00e3o, Jorge Messias; pelo diretor-geral da Escola Superior da AGU, Jo\u00e3o Carlos Souto, ex-presidente do Sindicato; e pela procuradora nacional da Uni\u00e3o de Defesa da Democracia, Nat\u00e1lia Vilar, empossada na ocasi\u00e3o.<\/p>\n<p>A mesa de honra foi composta tamb\u00e9m pelo presidente do Superior Tribunal Militar, Francisco Joseli Parente Camelo, e pelo vice-presidente do Tribunal Superior do Trabalho, Aloysio Corr\u00eaa da Veiga. O desembargador do Tribunal Regional Eleitoral do Rio de Janeiro e ex-presidente do SINPROFAZ, Allan Titonelli Nunes, marcou presen\u00e7a na Aula Magna, assim como advogados p\u00fablicos e privados, integrantes de representa\u00e7\u00f5es diplom\u00e1ticas e Membros do Minist\u00e9rio P\u00fablico. Durante o evento, os presentes conheceram um pouco mais sobre o curso &#8220;Democracia e Combate \u00e0 Desinforma\u00e7\u00e3o&#8221;, que ter\u00e1 cerca de 80 dias de dura\u00e7\u00e3o e contar\u00e1 com professores nacionais e estrangeiros.<\/p>\n<p><strong>Aula Magna<\/strong><br \/>\nAo longo da aula inaugural do curso, Lu\u00eds Roberto Barroso destacou que a liberdade de express\u00e3o \u00e9 tratada como liberdade preferencial em muitas partes do mundo, especialmente por tr\u00eas raz\u00f5es: ela \u00e9 importante para a democracia, pois propicia a circula\u00e7\u00e3o de opini\u00f5es; \u00e9 essencial para a busca da verdade poss\u00edvel e plural; e \u00e9 fundamental para a dignidade da pessoa humana, pois os indiv\u00edduos t\u00eam necessidade de se manifestar. &#8220;A desinforma\u00e7\u00e3o deliberada, os discursos de \u00f3dio e as teorias conspirat\u00f3rias abalam a liberdade de express\u00e3o. Por isso, os mesmos tr\u00eas fundamentos que promoveram o tratamento especial dela exigem, agora, a regula\u00e7\u00e3o das m\u00eddias sociais, de modo que a liberdade de express\u00e3o n\u00e3o seja completamente destru\u00edda&#8221;, afirmou o ministro.<\/p>\n<p>Na oportunidade do evento, o p\u00fablico tamb\u00e9m assistiu a exposi\u00e7\u00f5es sobre a import\u00e2ncia do trabalho a ser desenvolvido pela Procuradoria Nacional da Uni\u00e3o de Defesa da Democracia. De acordo com Jorge Messias, &#8220;a cria\u00e7\u00e3o da PNDD foi uma das primeiras iniciativas concretas do novo governo na estrutura\u00e7\u00e3o de um conjunto de mecanismos institucionais para salvaguarda do Estado frente a amea\u00e7as reais aos pilares da democracia&#8221;. Nesse sentido, Jo\u00e3o Carlos Souto ressaltou o ineditismo do curso &#8220;Democracia e Combate \u00e0 Desinforma\u00e7\u00e3o&#8221;, que representa a conex\u00e3o, promovida pela AGU, &#8220;entre a proposta normativa da Procuradoria Nacional da Uni\u00e3o de Defesa da Democracia e o debate acad\u00eamico a respeito do tema da desinforma\u00e7\u00e3o&#8221;.<\/p>\n\n\t\t<style type=\"text\/css\">\n\t\t\t#gallery-1 {\n\t\t\t\tmargin: auto;\n\t\t\t}\n\t\t\t#gallery-1 .gallery-item {\n\t\t\t\tfloat: left;\n\t\t\t\tmargin-top: 10px;\n\t\t\t\ttext-align: center;\n\t\t\t\twidth: 33%;\n\t\t\t}\n\t\t\t#gallery-1 img {\n\t\t\t\tborder: 2px solid #cfcfcf;\n\t\t\t}\n\t\t\t#gallery-1 .gallery-caption {\n\t\t\t\tmargin-left: 0;\n\t\t\t}\n\t\t\t\/* see gallery_shortcode() in wp-includes\/media.php *\/\n\t\t<\/style>\n\t\t<div id='gallery-1' class='gallery galleryid-16006 gallery-columns-3 gallery-size-thumbnail'><dl class='gallery-item'>\n\t\t\t<dt class='gallery-icon landscape'>\n\t\t\t\t<a href='https:\/\/sinprofaz.org.br\/2024\/wp-content\/uploads\/2023\/04\/Aula-Magna-do-curso-2.jpg'><img loading=\"lazy\" decoding=\"async\" width=\"150\" height=\"150\" src=\"https:\/\/sinprofaz.org.br\/2024\/wp-content\/uploads\/2023\/04\/Aula-Magna-do-curso-2-150x150.jpg\" class=\"attachment-thumbnail size-thumbnail\" alt=\"\" \/><\/a>\n\t\t\t<\/dt><\/dl><dl class='gallery-item'>\n\t\t\t<dt class='gallery-icon landscape'>\n\t\t\t\t<a href='https:\/\/sinprofaz.org.br\/2024\/wp-content\/uploads\/2023\/04\/Aula-Magna-do-curso-3.jpg'><img loading=\"lazy\" decoding=\"async\" width=\"150\" height=\"150\" src=\"https:\/\/sinprofaz.org.br\/2024\/wp-content\/uploads\/2023\/04\/Aula-Magna-do-curso-3-150x150.jpg\" class=\"attachment-thumbnail size-thumbnail\" alt=\"\" \/><\/a>\n\t\t\t<\/dt><\/dl><dl class='gallery-item'>\n\t\t\t<dt class='gallery-icon landscape'>\n\t\t\t\t<a href='https:\/\/sinprofaz.org.br\/2024\/wp-content\/uploads\/2023\/04\/Aula-Magna-do-curso-4.jpg'><img loading=\"lazy\" decoding=\"async\" width=\"150\" height=\"150\" src=\"https:\/\/sinprofaz.org.br\/2024\/wp-content\/uploads\/2023\/04\/Aula-Magna-do-curso-4-150x150.jpg\" class=\"attachment-thumbnail size-thumbnail\" alt=\"\" \/><\/a>\n\t\t\t<\/dt><\/dl><br style=\"clear: both\" \/><dl class='gallery-item'>\n\t\t\t<dt class='gallery-icon landscape'>\n\t\t\t\t<a href='https:\/\/sinprofaz.org.br\/2024\/wp-content\/uploads\/2023\/04\/Aula-Magna-do-curso-5.jpg'><img loading=\"lazy\" decoding=\"async\" width=\"150\" height=\"150\" src=\"https:\/\/sinprofaz.org.br\/2024\/wp-content\/uploads\/2023\/04\/Aula-Magna-do-curso-5-150x150.jpg\" class=\"attachment-thumbnail size-thumbnail\" alt=\"\" \/><\/a>\n\t\t\t<\/dt><\/dl><dl class='gallery-item'>\n\t\t\t<dt class='gallery-icon landscape'>\n\t\t\t\t<a href='https:\/\/sinprofaz.org.br\/2024\/wp-content\/uploads\/2023\/04\/Aula-Magna-do-curso-6.jpg'><img loading=\"lazy\" decoding=\"async\" width=\"150\" height=\"150\" src=\"https:\/\/sinprofaz.org.br\/2024\/wp-content\/uploads\/2023\/04\/Aula-Magna-do-curso-6-150x150.jpg\" class=\"attachment-thumbnail size-thumbnail\" alt=\"\" \/><\/a>\n\t\t\t<\/dt><\/dl><dl class='gallery-item'>\n\t\t\t<dt class='gallery-icon landscape'>\n\t\t\t\t<a href='https:\/\/sinprofaz.org.br\/2024\/wp-content\/uploads\/2023\/04\/Aula-Magna-do-curso-7.jpg'><img loading=\"lazy\" decoding=\"async\" width=\"150\" height=\"150\" src=\"https:\/\/sinprofaz.org.br\/2024\/wp-content\/uploads\/2023\/04\/Aula-Magna-do-curso-7-150x150.jpg\" class=\"attachment-thumbnail size-thumbnail\" alt=\"\" \/><\/a>\n\t\t\t<\/dt><\/dl><br style=\"clear: both\" \/>\n\t\t<\/div>\n\n","protected":false},"excerpt":{"rendered":"<p>O SINPROFAZ, representado pela vice-presidente Iolanda Guindani e pelo diretor Roberto Rodrigues, compareceu na ter\u00e7a-feira (11) \u00e0 Aula Magna do curso &#8220;Democracia e Combate \u00e0 Desinforma\u00e7\u00e3o&#8221;. A capacita\u00e7\u00e3o foi lan\u00e7ada pela Escola Superior da AGU. Saiba mais!<\/p>\n","protected":false},"author":2,"featured_media":16007,"comment_status":"open","ping_status":"open","sticky":false,"template":"","format":"standard","meta":{"footnotes":""},"categories":[8],"tags":[43,169,25],"featured_image_url":"https:\/\/sinprofaz.org.br\/2024\/wp-content\/uploads\/2023\/04\/Aula-Magna-do-curso-1.jpg","character_count":1670,"formatted_date":"13\/04\/2023 - 08:23","contentNovo":"O SINPROFAZ, representado pela vice-presidente Iolanda Guindani e pelo diretor Roberto Rodrigues, compareceu na ter\u00e7a-feira (11) \u00e0 Aula Magna do curso \"Democracia e Combate \u00e0 Desinforma\u00e7\u00e3o\", lan\u00e7ado pela Escola Superior da AGU. A aula teve como professor convidado o ministro Lu\u00eds Roberto Barroso, do Supremo Tribunal Federal. Realizado em Bras\u00edlia\/DF, o evento inaugural foi prestigiado pelo advogado-geral da Uni\u00e3o, Jorge Messias; pelo diretor-geral da Escola Superior da AGU, Jo\u00e3o Carlos Souto, ex-presidente do Sindicato; e pela procuradora nacional da Uni\u00e3o de Defesa da Democracia, Nat\u00e1lia Vilar, empossada na ocasi\u00e3o.\r\n\r\nA mesa de honra foi composta tamb\u00e9m pelo presidente do Superior Tribunal Militar, Francisco Joseli Parente Camelo, e pelo vice-presidente do Tribunal Superior do Trabalho, Aloysio Corr\u00eaa da Veiga. O desembargador do Tribunal Regional Eleitoral do Rio de Janeiro e ex-presidente do SINPROFAZ, Allan Titonelli Nunes, marcou presen\u00e7a na Aula Magna, assim como advogados p\u00fablicos e privados, integrantes de representa\u00e7\u00f5es diplom\u00e1ticas e Membros do Minist\u00e9rio P\u00fablico. Durante o evento, os presentes conheceram um pouco mais sobre o curso \"Democracia e Combate \u00e0 Desinforma\u00e7\u00e3o\", que ter\u00e1 cerca de 80 dias de dura\u00e7\u00e3o e contar\u00e1 com professores nacionais e estrangeiros.\r\n\r\n<strong>Aula Magna<\/strong>\r\nAo longo da aula inaugural do curso, Lu\u00eds Roberto Barroso destacou que a liberdade de express\u00e3o \u00e9 tratada como liberdade preferencial em muitas partes do mundo, especialmente por tr\u00eas raz\u00f5es: ela \u00e9 importante para a democracia, pois propicia a circula\u00e7\u00e3o de opini\u00f5es; \u00e9 essencial para a busca da verdade poss\u00edvel e plural; e \u00e9 fundamental para a dignidade da pessoa humana, pois os indiv\u00edduos t\u00eam necessidade de se manifestar. \"A desinforma\u00e7\u00e3o deliberada, os discursos de \u00f3dio e as teorias conspirat\u00f3rias abalam a liberdade de express\u00e3o. Por isso, os mesmos tr\u00eas fundamentos que promoveram o tratamento especial dela exigem, agora, a regula\u00e7\u00e3o das m\u00eddias sociais, de modo que a liberdade de express\u00e3o n\u00e3o seja completamente destru\u00edda\", afirmou o ministro.\r\n\r\nNa oportunidade do evento, o p\u00fablico tamb\u00e9m assistiu a exposi\u00e7\u00f5es sobre a import\u00e2ncia do trabalho a ser desenvolvido pela Procuradoria Nacional da Uni\u00e3o de Defesa da Democracia. De acordo com Jorge Messias, \"a cria\u00e7\u00e3o da PNDD foi uma das primeiras iniciativas concretas do novo governo na estrutura\u00e7\u00e3o de um conjunto de mecanismos institucionais para salvaguarda do Estado frente a amea\u00e7as reais aos pilares da democracia\". Nesse sentido, Jo\u00e3o Carlos Souto ressaltou o ineditismo do curso \"Democracia e Combate \u00e0 Desinforma\u00e7\u00e3o\", que representa a conex\u00e3o, promovida pela AGU, \"entre a proposta normativa da Procuradoria Nacional da Uni\u00e3o de Defesa da Democracia e o debate acad\u00eamico a respeito do tema da desinforma\u00e7\u00e3o\".\r\n\r\n[gallery link=\"file\" ids=\"16008,16009,16010,16011,16012,16013\"]","_links":{"self":[{"href":"https:\/\/sinprofaz.org.br\/2024\/wp-json\/wp\/v2\/posts\/16006"}],"collection":[{"href":"https:\/\/sinprofaz.org.br\/2024\/wp-json\/wp\/v2\/posts"}],"about":[{"href":"https:\/\/sinprofaz.org.br\/2024\/wp-json\/wp\/v2\/types\/post"}],"author":[{"embeddable":true,"href":"https:\/\/sinprofaz.org.br\/2024\/wp-json\/wp\/v2\/users\/2"}],"replies":[{"embeddable":true,"href":"https:\/\/sinprofaz.org.br\/2024\/wp-json\/wp\/v2\/comments?post=16006"}],"version-history":[{"count":2,"href":"https:\/\/sinprofaz.org.br\/2024\/wp-json\/wp\/v2\/posts\/16006\/revisions"}],"predecessor-version":[{"id":16015,"href":"https:\/\/sinprofaz.org.br\/2024\/wp-json\/wp\/v2\/posts\/16006\/revisions\/16015"}],"wp:featuredmedia":[{"embeddable":true,"href":"https:\/\/sinprofaz.org.br\/2024\/wp-json\/wp\/v2\/media\/16007"}],"wp:attachment":[{"href":"https:\/\/sinprofaz.org.br\/2024\/wp-json\/wp\/v2\/media?parent=16006"}],"wp:term":[{"taxonomy":"category","embeddable":true,"href":"https:\/\/sinprofaz.org.br\/2024\/wp-json\/wp\/v2\/categories?post=16006"},{"taxonomy":"post_tag","embeddable":true,"href":"https:\/\/sinprofaz.org.br\/2024\/wp-json\/wp\/v2\/tags?post=16006"}],"curies":[{"name":"wp","href":"https:\/\/api.w.org\/{rel}","templated":true}]}}