{"id":15990,"date":"2023-04-11T08:23:04","date_gmt":"2023-04-11T11:23:04","guid":{"rendered":"http:\/\/www.sinprofaz.org.br\/?p=15990"},"modified":"2023-04-11T08:23:04","modified_gmt":"2023-04-11T11:23:04","slug":"sinprofaz-se-reune-com-secretario-do-ministerio-da-gestao-e-da-inovacao-em-servicos-publicos","status":"publish","type":"post","link":"https:\/\/sinprofaz.org.br\/2024\/noticias\/sinprofaz-se-reune-com-secretario-do-ministerio-da-gestao-e-da-inovacao-em-servicos-publicos\/","title":{"rendered":"SINPROFAZ SE RE\u00daNE COM SECRET\u00c1RIO DO MINIST\u00c9RIO DA GEST\u00c3O E DA INOVA\u00c7\u00c3O EM SERVI\u00c7OS P\u00daBLICOS"},"content":{"rendered":"<p>O SINPROFAZ, representado pelo diretor S\u00e9rgio Carneiro, compareceu na segunda-feira (10) \u00e0 audi\u00eancia com Francisco Gaetani, titular da Secretaria Extraordin\u00e1ria para a Transforma\u00e7\u00e3o do Estado, da estrutura do Minist\u00e9rio da Gest\u00e3o e da Inova\u00e7\u00e3o em Servi\u00e7os P\u00fablicos. A reuni\u00e3o foi agendada pelo F\u00f3rum Nacional Permanente de Carreiras T\u00edpicas de Estado &#8211; Fonacate e contou com a presen\u00e7a de v\u00e1rias lideran\u00e7as sindicais.<\/p>\n<p>Ao longo da audi\u00eancia, os presentes debateram temas pertinentes ao servi\u00e7o p\u00fablico federal. Quest\u00f5es como a realiza\u00e7\u00e3o de concursos p\u00fablicos, a inova\u00e7\u00e3o representada pelo trabalho remoto, a formata\u00e7\u00e3o de planos de carreira e as dificuldades relativas \u00e0s aposentadorias e ao benef\u00edcio especial foram pautadas pelos dirigentes associativos. Tendo em conta a diversidade de temas, sugeriu-se a realiza\u00e7\u00e3o de audi\u00eancias p\u00fablicas.<\/p>\n<p>Findada a reuni\u00e3o, Rudinei Marques, presidente do Fonacate, colocou o F\u00f3rum \u00e0 disposi\u00e7\u00e3o da Secretaria para a atua\u00e7\u00e3o conjunta com vistas \u00e0 reestrutura\u00e7\u00e3o do Estado e ao aprimoramento do servi\u00e7o p\u00fablico. De acordo com Marques, as entidades e carreiras vinculadas ao Fonacate possuem distintas expertises capazes de colaborar com o trabalho do Minist\u00e9rio em benef\u00edcio dos servidores e do pa\u00eds.<\/p>\n\n\t\t<style type=\"text\/css\">\n\t\t\t#gallery-1 {\n\t\t\t\tmargin: auto;\n\t\t\t}\n\t\t\t#gallery-1 .gallery-item {\n\t\t\t\tfloat: left;\n\t\t\t\tmargin-top: 10px;\n\t\t\t\ttext-align: center;\n\t\t\t\twidth: 33%;\n\t\t\t}\n\t\t\t#gallery-1 img {\n\t\t\t\tborder: 2px solid #cfcfcf;\n\t\t\t}\n\t\t\t#gallery-1 .gallery-caption {\n\t\t\t\tmargin-left: 0;\n\t\t\t}\n\t\t\t\/* see gallery_shortcode() in wp-includes\/media.php *\/\n\t\t<\/style>\n\t\t<div id='gallery-1' class='gallery galleryid-15990 gallery-columns-3 gallery-size-thumbnail'><dl class='gallery-item'>\n\t\t\t<dt class='gallery-icon landscape'>\n\t\t\t\t<a href='https:\/\/sinprofaz.org.br\/2024\/wp-content\/uploads\/2023\/04\/Dr.-Gaetani-2.png'><img loading=\"lazy\" decoding=\"async\" width=\"150\" height=\"150\" src=\"https:\/\/sinprofaz.org.br\/2024\/wp-content\/uploads\/2023\/04\/Dr.-Gaetani-2-150x150.png\" class=\"attachment-thumbnail size-thumbnail\" alt=\"\" \/><\/a>\n\t\t\t<\/dt><\/dl><dl class='gallery-item'>\n\t\t\t<dt class='gallery-icon landscape'>\n\t\t\t\t<a href='https:\/\/sinprofaz.org.br\/2024\/wp-content\/uploads\/2023\/04\/Dr.-Gaetani-3.png'><img loading=\"lazy\" decoding=\"async\" width=\"150\" height=\"150\" src=\"https:\/\/sinprofaz.org.br\/2024\/wp-content\/uploads\/2023\/04\/Dr.-Gaetani-3-150x150.png\" class=\"attachment-thumbnail size-thumbnail\" alt=\"\" \/><\/a>\n\t\t\t<\/dt><\/dl>\n\t\t\t<br style='clear: both' \/>\n\t\t<\/div>\n\n","protected":false},"excerpt":{"rendered":"<p>Quest\u00f5es como a realiza\u00e7\u00e3o de concursos, a inova\u00e7\u00e3o representada pelo trabalho remoto, a formata\u00e7\u00e3o de planos de carreira e as dificuldades relativas \u00e0s aposentadorias e ao benef\u00edcio especial foram pautadas pelos dirigentes associativos.<\/p>\n","protected":false},"author":2,"featured_media":15991,"comment_status":"open","ping_status":"open","sticky":false,"template":"","format":"standard","meta":{"footnotes":""},"categories":[8],"tags":[122,25],"featured_image_url":"https:\/\/sinprofaz.org.br\/2024\/wp-content\/uploads\/2023\/04\/Dr.-Gaetani-1.png","character_count":831,"formatted_date":"11\/04\/2023 - 08:23","contentNovo":"O SINPROFAZ, representado pelo diretor S\u00e9rgio Carneiro, compareceu na segunda-feira (10) \u00e0 audi\u00eancia com Francisco Gaetani, titular da Secretaria Extraordin\u00e1ria para a Transforma\u00e7\u00e3o do Estado, da estrutura do Minist\u00e9rio da Gest\u00e3o e da Inova\u00e7\u00e3o em Servi\u00e7os P\u00fablicos. A reuni\u00e3o foi agendada pelo F\u00f3rum Nacional Permanente de Carreiras T\u00edpicas de Estado - Fonacate e contou com a presen\u00e7a de v\u00e1rias lideran\u00e7as sindicais.\r\n\r\nAo longo da audi\u00eancia, os presentes debateram temas pertinentes ao servi\u00e7o p\u00fablico federal. Quest\u00f5es como a realiza\u00e7\u00e3o de concursos p\u00fablicos, a inova\u00e7\u00e3o representada pelo trabalho remoto, a formata\u00e7\u00e3o de planos de carreira e as dificuldades relativas \u00e0s aposentadorias e ao benef\u00edcio especial foram pautadas pelos dirigentes associativos. Tendo em conta a diversidade de temas, sugeriu-se a realiza\u00e7\u00e3o de audi\u00eancias p\u00fablicas.\r\n\r\nFindada a reuni\u00e3o, Rudinei Marques, presidente do Fonacate, colocou o F\u00f3rum \u00e0 disposi\u00e7\u00e3o da Secretaria para a atua\u00e7\u00e3o conjunta com vistas \u00e0 reestrutura\u00e7\u00e3o do Estado e ao aprimoramento do servi\u00e7o p\u00fablico. De acordo com Marques, as entidades e carreiras vinculadas ao Fonacate possuem distintas expertises capazes de colaborar com o trabalho do Minist\u00e9rio em benef\u00edcio dos servidores e do pa\u00eds.\r\n\r\n[gallery link=\"file\" ids=\"15992,15993\"]","_links":{"self":[{"href":"https:\/\/sinprofaz.org.br\/2024\/wp-json\/wp\/v2\/posts\/15990"}],"collection":[{"href":"https:\/\/sinprofaz.org.br\/2024\/wp-json\/wp\/v2\/posts"}],"about":[{"href":"https:\/\/sinprofaz.org.br\/2024\/wp-json\/wp\/v2\/types\/post"}],"author":[{"embeddable":true,"href":"https:\/\/sinprofaz.org.br\/2024\/wp-json\/wp\/v2\/users\/2"}],"replies":[{"embeddable":true,"href":"https:\/\/sinprofaz.org.br\/2024\/wp-json\/wp\/v2\/comments?post=15990"}],"version-history":[{"count":1,"href":"https:\/\/sinprofaz.org.br\/2024\/wp-json\/wp\/v2\/posts\/15990\/revisions"}],"predecessor-version":[{"id":15994,"href":"https:\/\/sinprofaz.org.br\/2024\/wp-json\/wp\/v2\/posts\/15990\/revisions\/15994"}],"wp:featuredmedia":[{"embeddable":true,"href":"https:\/\/sinprofaz.org.br\/2024\/wp-json\/wp\/v2\/media\/15991"}],"wp:attachment":[{"href":"https:\/\/sinprofaz.org.br\/2024\/wp-json\/wp\/v2\/media?parent=15990"}],"wp:term":[{"taxonomy":"category","embeddable":true,"href":"https:\/\/sinprofaz.org.br\/2024\/wp-json\/wp\/v2\/categories?post=15990"},{"taxonomy":"post_tag","embeddable":true,"href":"https:\/\/sinprofaz.org.br\/2024\/wp-json\/wp\/v2\/tags?post=15990"}],"curies":[{"name":"wp","href":"https:\/\/api.w.org\/{rel}","templated":true}]}}