{"id":15976,"date":"2023-04-06T08:24:41","date_gmt":"2023-04-06T11:24:41","guid":{"rendered":"http:\/\/www.sinprofaz.org.br\/?p=15976"},"modified":"2023-04-10T10:11:51","modified_gmt":"2023-04-10T13:11:51","slug":"escola-da-agu-lanca-curso-sobre-democracia-e-combate-a-desinformacao","status":"publish","type":"post","link":"https:\/\/sinprofaz.org.br\/2024\/noticias\/escola-da-agu-lanca-curso-sobre-democracia-e-combate-a-desinformacao\/","title":{"rendered":"ESCOLA DA AGU LAN\u00c7A CURSO SOBRE &#8220;DEMOCRACIA E COMBATE \u00c0 DESINFORMA\u00c7\u00c3O&#8221;"},"content":{"rendered":"<p>O SINPROFAZ convida procuradoras e procuradores da Fazenda Nacional para participarem do curso &#8220;Democracia e Combate \u00e0 Desinforma\u00e7\u00e3o&#8221;. Lan\u00e7ada pela Escola Superior da AGU, a capacita\u00e7\u00e3o contar\u00e1 com professores nacionais e estrangeiros e incluir\u00e1 aulas no per\u00edodo de abril a junho. Trata-se de uma das principais a\u00e7\u00f5es acad\u00eamicas do ano.<\/p>\n<p><strong>Aula inaugural<\/strong><br \/>\nAs principais informa\u00e7\u00f5es sobre o curso ser\u00e3o apresentadas durante a Aula Inaugural ministrada por Lu\u00eds Roberto Barroso. Juntamente com o ministro do Supremo Tribunal Federal, participar\u00e1 do evento o advogado-geral da Uni\u00e3o, Jorge Messias, al\u00e9m de ministros de Estado e membros dos Poderes Legislativo e Judici\u00e1rio.<\/p>\n<p>Todas e todos est\u00e3o convidados para o evento de abertura!<br \/>\nQuando: pr\u00f3xima ter\u00e7a-feira (11), \u00e0s 18h<br \/>\nLocal: Audit\u00f3rio do Centro Empresarial CNC, em Bras\u00edlia\/DF<br \/>\nInscri\u00e7\u00f5es: <a href=\"https:\/\/bit.ly\/ESAGU_democracia\">https:\/\/bit.ly\/ESAGU_democracia<\/a><\/p>\n","protected":false},"excerpt":{"rendered":"<p>O SINPROFAZ convida a Carreira para participar do curso &#8220;Democracia e Combate \u00e0 Desinforma\u00e7\u00e3o&#8221;. Lan\u00e7ada pela Escola Superior da AGU, a capacita\u00e7\u00e3o contar\u00e1 com professores nacionais e estrangeiros.<\/p>\n","protected":false},"author":2,"featured_media":15977,"comment_status":"open","ping_status":"open","sticky":false,"template":"","format":"standard","meta":{"footnotes":""},"categories":[8],"tags":[43,32,169],"featured_image_url":"https:\/\/sinprofaz.org.br\/2024\/wp-content\/uploads\/2023\/04\/Democracia-e-Combate-\u00e0-Desinforma\u00e7\u00e3o.jpg","character_count":455,"formatted_date":"06\/04\/2023 - 08:24","contentNovo":"O SINPROFAZ convida procuradoras e procuradores da Fazenda Nacional para participarem do curso \"Democracia e Combate \u00e0 Desinforma\u00e7\u00e3o\". Lan\u00e7ada pela Escola Superior da AGU, a capacita\u00e7\u00e3o contar\u00e1 com professores nacionais e estrangeiros e incluir\u00e1 aulas no per\u00edodo de abril a junho. Trata-se de uma das principais a\u00e7\u00f5es acad\u00eamicas do ano.\r\n\r\n<strong>Aula inaugural<\/strong>\r\nAs principais informa\u00e7\u00f5es sobre o curso ser\u00e3o apresentadas durante a Aula Inaugural ministrada por Lu\u00eds Roberto Barroso. Juntamente com o ministro do Supremo Tribunal Federal, participar\u00e1 do evento o advogado-geral da Uni\u00e3o, Jorge Messias, al\u00e9m de ministros de Estado e membros dos Poderes Legislativo e Judici\u00e1rio.\r\n\r\nTodas e todos est\u00e3o convidados para o evento de abertura!\r\nQuando: pr\u00f3xima ter\u00e7a-feira (11), \u00e0s 18h\r\nLocal: Audit\u00f3rio do Centro Empresarial CNC, em Bras\u00edlia\/DF\r\nInscri\u00e7\u00f5es: <a href=\"https:\/\/bit.ly\/ESAGU_democracia\">https:\/\/bit.ly\/ESAGU_democracia<\/a>","_links":{"self":[{"href":"https:\/\/sinprofaz.org.br\/2024\/wp-json\/wp\/v2\/posts\/15976"}],"collection":[{"href":"https:\/\/sinprofaz.org.br\/2024\/wp-json\/wp\/v2\/posts"}],"about":[{"href":"https:\/\/sinprofaz.org.br\/2024\/wp-json\/wp\/v2\/types\/post"}],"author":[{"embeddable":true,"href":"https:\/\/sinprofaz.org.br\/2024\/wp-json\/wp\/v2\/users\/2"}],"replies":[{"embeddable":true,"href":"https:\/\/sinprofaz.org.br\/2024\/wp-json\/wp\/v2\/comments?post=15976"}],"version-history":[{"count":2,"href":"https:\/\/sinprofaz.org.br\/2024\/wp-json\/wp\/v2\/posts\/15976\/revisions"}],"predecessor-version":[{"id":15987,"href":"https:\/\/sinprofaz.org.br\/2024\/wp-json\/wp\/v2\/posts\/15976\/revisions\/15987"}],"wp:featuredmedia":[{"embeddable":true,"href":"https:\/\/sinprofaz.org.br\/2024\/wp-json\/wp\/v2\/media\/15977"}],"wp:attachment":[{"href":"https:\/\/sinprofaz.org.br\/2024\/wp-json\/wp\/v2\/media?parent=15976"}],"wp:term":[{"taxonomy":"category","embeddable":true,"href":"https:\/\/sinprofaz.org.br\/2024\/wp-json\/wp\/v2\/categories?post=15976"},{"taxonomy":"post_tag","embeddable":true,"href":"https:\/\/sinprofaz.org.br\/2024\/wp-json\/wp\/v2\/tags?post=15976"}],"curies":[{"name":"wp","href":"https:\/\/api.w.org\/{rel}","templated":true}]}}