{"id":1597,"date":"2013-12-12T10:36:01","date_gmt":"2013-12-12T10:36:01","guid":{"rendered":""},"modified":"-0001-11-30T00:00:00","modified_gmt":"-0001-11-30T03:00:00","slug":"sinprofaz-continua-angariando-apoio-aos-honorarios","status":"publish","type":"post","link":"https:\/\/sinprofaz.org.br\/2024\/noticias\/sinprofaz-continua-angariando-apoio-aos-honorarios\/","title":{"rendered":"SINPROFAZ continua angariando apoio aos honor\u00e1rios"},"content":{"rendered":"<p style=\"text-align: justify;\"><img loading=\"lazy\" decoding=\"async\" style=\"margin-right: 10px; float: left;\" alt=\"\" src=\"images\/noticias\/sinprofaz-continua-angariando-apoio-aos-honorarios\/01.jpg\" height=\"154\" width=\"218\" \/>Em mais um dia de intensas atividades no Congresso Nacional, Diretoria do Sindicato esclarece a deputados a urg\u00eancia e legitimidade do pleito da Advocacia P\u00fablica.<\/p>\n<p style=\"text-align: justify;\">O presidente do SINPROFAZ, Her\u00e1clio Camargo, e outros representantes de carreiras da Advocacia P\u00fablica permanecem de plant\u00e3o na C\u00e2mara dos Deputados acompanhando as negocia\u00e7\u00f5es em torno da conclus\u00e3o da vota\u00e7\u00e3o do novo CPC em plen\u00e1rio.<\/p>\n<p style=\"text-align: justify;\">O foco do Sindicato \u00e9 convencer os deputados a votarem favoravelmente \u00e0 Carreira quando forem discutir e deliberar acerca dos destaques que amea\u00e7am a previs\u00e3o do pagamento de honor\u00e1rios aos advogados p\u00fablicos, conforme est\u00e1 disciplinado no \u00a7 19 do Artigo 85 do texto global do novo CPC.<\/p>\n<p style=\"text-align: justify;\"><img loading=\"lazy\" decoding=\"async\" style=\"margin-left: 10px; float: right;\" alt=\"\" src=\"images\/noticias\/sinprofaz-continua-angariando-apoio-aos-honorarios\/02.jpg\" height=\"154\" width=\"218\" \/><\/p>\n<p style=\"text-align: justify;\">Entre os parlamentares abordados nos \u00faltimos dias, o Sindicato chama aten\u00e7\u00e3o para o bom encaminhamento junto ao 1\u00ba vice-l\u00edder do PSDB e l\u00edder em exerc\u00edcio, deputado Jo\u00e3o Campos, da bancada federal de Goi\u00e1s, e tamb\u00e9m para o di\u00e1logo franco com o deputado Fernando Francischini (SDD-PR), l\u00edder da bancada do Solidariedade.<\/p>\n<p style=\"text-align: justify;\">Os deputados declararam apoio \u00e0 causa e se comprometeram a defend\u00ea-la nas respectivas bancadas, com uma \u00fanica ressalva de impedimento, caso haja fechamento de quest\u00e3o dentro das legendas partid\u00e1rias em linha oposta, ou seja, contra os honor\u00e1rios.<\/p>\n<p style=\"text-align: justify;\">A mobiliza\u00e7\u00e3o do Sindicato permanece intensa e ainda h\u00e1 tempo para que a vota\u00e7\u00e3o do novo CPC na C\u00e2mara se encerre antes do recesso parlamentar. O SINPROFAZ conclama aos Colegas PFNs a manterem os esfor\u00e7os de contato com parlamentares em suas bases eleitorais.<\/p>\n","protected":false},"excerpt":{"rendered":"<p>Em mais um dia de intensas atividades no Congresso Nacional, Diretoria do Sindicato esclarece a deputados a urg\u00eancia e legitimidade do pleito da Advocacia P\u00fablica.<\/p>\n","protected":false},"author":1,"featured_media":0,"comment_status":"closed","ping_status":"open","sticky":false,"template":"","format":"standard","meta":{"footnotes":""},"categories":[8],"tags":[],"featured_image_url":"https:\/\/dummyimage.com\/720x400","character_count":780,"formatted_date":"12\/12\/2013 - 10:36","contentNovo":"\r\n<p style=\"text-align: justify;\">Em mais um dia de intensas atividades no Congresso Nacional, Diretoria do Sindicato esclarece a deputados a urg\u00eancia e legitimidade do pleito da Advocacia P\u00fablica.<\/p>\r\n<p style=\"text-align: justify;\">O presidente do SINPROFAZ, Her\u00e1clio Camargo, e outros representantes de carreiras da Advocacia P\u00fablica permanecem de plant\u00e3o na C\u00e2mara dos Deputados acompanhando as negocia\u00e7\u00f5es em torno da conclus\u00e3o da vota\u00e7\u00e3o do novo CPC em plen\u00e1rio.<\/p>\r\n<p style=\"text-align: justify;\">O foco do Sindicato \u00e9 convencer os deputados a votarem favoravelmente \u00e0 Carreira quando forem discutir e deliberar acerca dos destaques que amea\u00e7am a previs\u00e3o do pagamento de honor\u00e1rios aos advogados p\u00fablicos, conforme est\u00e1 disciplinado no \u00a7 19 do Artigo 85 do texto global do novo CPC.<\/p>\r\n<p style=\"text-align: justify;\"><\/p>\r\n<p style=\"text-align: justify;\">Entre os parlamentares abordados nos \u00faltimos dias, o Sindicato chama aten\u00e7\u00e3o para o bom encaminhamento junto ao 1\u00ba vice-l\u00edder do PSDB e l\u00edder em exerc\u00edcio, deputado Jo\u00e3o Campos, da bancada federal de Goi\u00e1s, e tamb\u00e9m para o di\u00e1logo franco com o deputado Fernando Francischini (SDD-PR), l\u00edder da bancada do Solidariedade.<\/p>\r\n<p style=\"text-align: justify;\">Os deputados declararam apoio \u00e0 causa e se comprometeram a defend\u00ea-la nas respectivas bancadas, com uma \u00fanica ressalva de impedimento, caso haja fechamento de quest\u00e3o dentro das legendas partid\u00e1rias em linha oposta, ou seja, contra os honor\u00e1rios.<\/p>\r\n<p style=\"text-align: justify;\">A mobiliza\u00e7\u00e3o do Sindicato permanece intensa e ainda h\u00e1 tempo para que a vota\u00e7\u00e3o do novo CPC na C\u00e2mara se encerre antes do recesso parlamentar. O SINPROFAZ conclama aos Colegas PFNs a manterem os esfor\u00e7os de contato com parlamentares em suas bases eleitorais.<\/p>","_links":{"self":[{"href":"https:\/\/sinprofaz.org.br\/2024\/wp-json\/wp\/v2\/posts\/1597"}],"collection":[{"href":"https:\/\/sinprofaz.org.br\/2024\/wp-json\/wp\/v2\/posts"}],"about":[{"href":"https:\/\/sinprofaz.org.br\/2024\/wp-json\/wp\/v2\/types\/post"}],"author":[{"embeddable":true,"href":"https:\/\/sinprofaz.org.br\/2024\/wp-json\/wp\/v2\/users\/1"}],"replies":[{"embeddable":true,"href":"https:\/\/sinprofaz.org.br\/2024\/wp-json\/wp\/v2\/comments?post=1597"}],"version-history":[{"count":0,"href":"https:\/\/sinprofaz.org.br\/2024\/wp-json\/wp\/v2\/posts\/1597\/revisions"}],"wp:attachment":[{"href":"https:\/\/sinprofaz.org.br\/2024\/wp-json\/wp\/v2\/media?parent=1597"}],"wp:term":[{"taxonomy":"category","embeddable":true,"href":"https:\/\/sinprofaz.org.br\/2024\/wp-json\/wp\/v2\/categories?post=1597"},{"taxonomy":"post_tag","embeddable":true,"href":"https:\/\/sinprofaz.org.br\/2024\/wp-json\/wp\/v2\/tags?post=1597"}],"curies":[{"name":"wp","href":"https:\/\/api.w.org\/{rel}","templated":true}]}}