{"id":15949,"date":"2023-03-31T08:17:05","date_gmt":"2023-03-31T11:17:05","guid":{"rendered":"http:\/\/www.sinprofaz.org.br\/?p=15949"},"modified":"2023-04-03T10:53:38","modified_gmt":"2023-04-03T13:53:38","slug":"filiadas-lancam-segundo-volume-da-obra-o-poder-feminino-entre-percursos-e-desafios","status":"publish","type":"post","link":"https:\/\/sinprofaz.org.br\/2024\/noticias\/filiadas-lancam-segundo-volume-da-obra-o-poder-feminino-entre-percursos-e-desafios\/","title":{"rendered":"FILIADAS LAN\u00c7AM SEGUNDO VOLUME DA OBRA &#8220;O PODER FEMININO: ENTRE PERCURSOS E DESAFIOS&#8221;"},"content":{"rendered":"<p>O SINPROFAZ convida a Carreira para conhecer o segundo volume da obra <em><strong>O Poder Feminino: entre percursos e desafios. As mulheres perante a legisla\u00e7\u00e3o, a aplica\u00e7\u00e3o do direito e as pol\u00edticas p\u00fablicas e tribut\u00e1rias<\/strong><\/em>. Organizado pelas filiadas Herta Rani Teles Santos e M\u00f4nica \u00c9llen Pinto Bezerra Antinarelli, o livro \u00e9 uma colet\u00e2nea de artigos produzidos por procuradoras da Fazenda Nacional, advogadas da Uni\u00e3o, procuradoras federais, procuradoras do Banco Central, estudantes e advogadas privadas.<\/p>\n<p>Ao abordar temas como tributa\u00e7\u00e3o, or\u00e7amento, direito de fam\u00edlia e outras quest\u00f5es jur\u00eddicas e sociais que caracterizam a sociedade ainda machista e patriarcal, a obra reflete o olhar das autoras a respeito da interse\u00e7\u00e3o entre feminismo e quest\u00f5es jur\u00eddicas, econ\u00f4micas e sociais, bem como em rela\u00e7\u00e3o a problemas decorrentes da desigualdade social no Brasil.<\/p>\n<p>O segundo volume de <em><strong>O Poder Feminino: entre percursos e desafios <\/strong><\/em>conta com seis cap\u00edtulos sobre diferentes tem\u00e1ticas:<br \/>\nCap\u00edtulo 1 &#8211; A busca pela igualdade, representatividade e visibilidade feminina<br \/>\nCap\u00edtulo 2 &#8211; A mulher e suas rela\u00e7\u00f5es consigo e com outros: limites e respeito<br \/>\nCap\u00edtulo 3 &#8211; A maternidade e seus direitos<br \/>\nCap\u00edtulo 4 &#8211; Or\u00e7amento e Tributa\u00e7\u00e3o: indaga\u00e7\u00f5es e intersec\u00e7\u00f5es entre ra\u00e7a e g\u00eanero<br \/>\nCap\u00edtulo 5 &#8211; Pol\u00edticas p\u00fablicas para mulheres: algumas necessidades e problemas a enfrentar<br \/>\nCap\u00edtulo 6 &#8211; A igualdade de g\u00eanero no mercado de trabalho<\/p>\n<p>Assim como o primeiro volume, a obra se prop\u00f5e a colaborar com reflex\u00f5es e pesquisas acad\u00eamicas e com o avan\u00e7o da presen\u00e7a feminina nos espa\u00e7os de debate. Os artigos ampliam a discuss\u00e3o sobre problemas hist\u00f3ricos de desigualdade entre mulheres e homens, inclusive com propostas de solu\u00e7\u00f5es. <em><strong>O Poder Feminino: entre percursos e desafios<\/strong><\/em> integra um processo de novo olhar sobre estudos jur\u00eddicos de temas que contribuem para a evolu\u00e7\u00e3o da civiliza\u00e7\u00e3o e das institui\u00e7\u00f5es vigentes.<\/p>\n<p>\u00c0s organizadoras e autoras da obra, os parab\u00e9ns e o reconhecimento do SINPROFAZ pelo importante trabalho realizado!<\/p>\n<p>Para adquirir o livro, acesse: <a href=\"https:\/\/arraeseditores.com.br\/pre-venda-o-poder-feminino-entre-percursos-e-desafios-823.html\">arraeseditores.com.br\/pre-venda-o-poder-feminino-entre-percursos-e-desafios-823.html<\/a><\/p>\n<p>Quer saber mais sobre <em><strong>O Poder Feminino: entre percursos e desafios<\/strong><\/em>?<br \/>\nAssista aos Semin\u00e1rios realizados durante a semana!<br \/>\nDia 1 &#8211; 28 de mar\u00e7o: <a href=\"http:\/\/www.youtube.com\/watch?v=ulBMaqjd1Iw\">www.youtube.com\/watch?v=ulBMaqjd1Iw<\/a><br \/>\nDia 2 &#8211; 29 de mar\u00e7o: <a href=\"http:\/\/www.youtube.com\/watch?v=skNNHyu7FQo\">www.youtube.com\/watch?v=skNNHyu7FQo<\/a><\/p>\n","protected":false},"excerpt":{"rendered":"<p>Organizado por Herta Rani e M\u00f4nica Antinarelli, o livro \u00e9 uma colet\u00e2nea de artigos de PFNs, advogadas da Uni\u00e3o, procuradoras federais, procuradoras do BC, estudantes e advogadas privadas.<\/p>\n","protected":false},"author":2,"featured_media":15950,"comment_status":"open","ping_status":"open","sticky":false,"template":"","format":"standard","meta":{"footnotes":""},"categories":[8],"tags":[32,121,146],"featured_image_url":"https:\/\/sinprofaz.org.br\/2024\/wp-content\/uploads\/2023\/03\/o-poder-feminino.jpg","character_count":1234,"formatted_date":"31\/03\/2023 - 08:17","contentNovo":"O SINPROFAZ convida a Carreira para conhecer o segundo volume da obra <em><strong>O Poder Feminino: entre percursos e desafios. As mulheres perante a legisla\u00e7\u00e3o, a aplica\u00e7\u00e3o do direito e as pol\u00edticas p\u00fablicas e tribut\u00e1rias<\/strong><\/em>. Organizado pelas filiadas Herta Rani Teles Santos e M\u00f4nica \u00c9llen Pinto Bezerra Antinarelli, o livro \u00e9 uma colet\u00e2nea de artigos produzidos por procuradoras da Fazenda Nacional, advogadas da Uni\u00e3o, procuradoras federais, procuradoras do Banco Central, estudantes e advogadas privadas.\r\n\r\nAo abordar temas como tributa\u00e7\u00e3o, or\u00e7amento, direito de fam\u00edlia e outras quest\u00f5es jur\u00eddicas e sociais que caracterizam a sociedade ainda machista e patriarcal, a obra reflete o olhar das autoras a respeito da interse\u00e7\u00e3o entre feminismo e quest\u00f5es jur\u00eddicas, econ\u00f4micas e sociais, bem como em rela\u00e7\u00e3o a problemas decorrentes da desigualdade social no Brasil.\r\n\r\nO segundo volume de <em><strong>O Poder Feminino: entre percursos e desafios <\/strong><\/em>conta com seis cap\u00edtulos sobre diferentes tem\u00e1ticas:\r\nCap\u00edtulo 1 - A busca pela igualdade, representatividade e visibilidade feminina\r\nCap\u00edtulo 2 - A mulher e suas rela\u00e7\u00f5es consigo e com outros: limites e respeito\r\nCap\u00edtulo 3 - A maternidade e seus direitos\r\nCap\u00edtulo 4 - Or\u00e7amento e Tributa\u00e7\u00e3o: indaga\u00e7\u00f5es e intersec\u00e7\u00f5es entre ra\u00e7a e g\u00eanero\r\nCap\u00edtulo 5 - Pol\u00edticas p\u00fablicas para mulheres: algumas necessidades e problemas a enfrentar\r\nCap\u00edtulo 6 - A igualdade de g\u00eanero no mercado de trabalho\r\n\r\nAssim como o primeiro volume, a obra se prop\u00f5e a colaborar com reflex\u00f5es e pesquisas acad\u00eamicas e com o avan\u00e7o da presen\u00e7a feminina nos espa\u00e7os de debate. Os artigos ampliam a discuss\u00e3o sobre problemas hist\u00f3ricos de desigualdade entre mulheres e homens, inclusive com propostas de solu\u00e7\u00f5es. <em><strong>O Poder Feminino: entre percursos e desafios<\/strong><\/em> integra um processo de novo olhar sobre estudos jur\u00eddicos de temas que contribuem para a evolu\u00e7\u00e3o da civiliza\u00e7\u00e3o e das institui\u00e7\u00f5es vigentes.\r\n\r\n\u00c0s organizadoras e autoras da obra, os parab\u00e9ns e o reconhecimento do SINPROFAZ pelo importante trabalho realizado!\r\n\r\nPara adquirir o livro, acesse: <a href=\"https:\/\/arraeseditores.com.br\/pre-venda-o-poder-feminino-entre-percursos-e-desafios-823.html\">arraeseditores.com.br\/pre-venda-o-poder-feminino-entre-percursos-e-desafios-823.html<\/a>\r\n\r\nQuer saber mais sobre <em><strong>O Poder Feminino: entre percursos e desafios<\/strong><\/em>?\r\nAssista aos Semin\u00e1rios realizados durante a semana!\r\nDia 1 - 28 de mar\u00e7o: <a href=\"http:\/\/www.youtube.com\/watch?v=ulBMaqjd1Iw\">www.youtube.com\/watch?v=ulBMaqjd1Iw<\/a>\r\nDia 2 - 29 de mar\u00e7o: <a href=\"http:\/\/www.youtube.com\/watch?v=skNNHyu7FQo\">www.youtube.com\/watch?v=skNNHyu7FQo<\/a>","_links":{"self":[{"href":"https:\/\/sinprofaz.org.br\/2024\/wp-json\/wp\/v2\/posts\/15949"}],"collection":[{"href":"https:\/\/sinprofaz.org.br\/2024\/wp-json\/wp\/v2\/posts"}],"about":[{"href":"https:\/\/sinprofaz.org.br\/2024\/wp-json\/wp\/v2\/types\/post"}],"author":[{"embeddable":true,"href":"https:\/\/sinprofaz.org.br\/2024\/wp-json\/wp\/v2\/users\/2"}],"replies":[{"embeddable":true,"href":"https:\/\/sinprofaz.org.br\/2024\/wp-json\/wp\/v2\/comments?post=15949"}],"version-history":[{"count":7,"href":"https:\/\/sinprofaz.org.br\/2024\/wp-json\/wp\/v2\/posts\/15949\/revisions"}],"predecessor-version":[{"id":15965,"href":"https:\/\/sinprofaz.org.br\/2024\/wp-json\/wp\/v2\/posts\/15949\/revisions\/15965"}],"wp:featuredmedia":[{"embeddable":true,"href":"https:\/\/sinprofaz.org.br\/2024\/wp-json\/wp\/v2\/media\/15950"}],"wp:attachment":[{"href":"https:\/\/sinprofaz.org.br\/2024\/wp-json\/wp\/v2\/media?parent=15949"}],"wp:term":[{"taxonomy":"category","embeddable":true,"href":"https:\/\/sinprofaz.org.br\/2024\/wp-json\/wp\/v2\/categories?post=15949"},{"taxonomy":"post_tag","embeddable":true,"href":"https:\/\/sinprofaz.org.br\/2024\/wp-json\/wp\/v2\/tags?post=15949"}],"curies":[{"name":"wp","href":"https:\/\/api.w.org\/{rel}","templated":true}]}}