{"id":15936,"date":"2023-03-29T09:33:58","date_gmt":"2023-03-29T12:33:58","guid":{"rendered":"http:\/\/www.sinprofaz.org.br\/?p=15936"},"modified":"2023-03-29T09:33:58","modified_gmt":"2023-03-29T12:33:58","slug":"ago-2023-promove-encontro-entre-diretores-e-delegados-em-brasilia","status":"publish","type":"post","link":"https:\/\/sinprofaz.org.br\/2024\/noticias\/ago-2023-promove-encontro-entre-diretores-e-delegados-em-brasilia\/","title":{"rendered":"AGO 2023 PROMOVE ENCONTRO ENTRE DIRETORES E DELEGADOS EM BRAS\u00cdLIA"},"content":{"rendered":"<p>Conforme comunicado \u00e0 Carreira, a Assembleia Geral Ordin\u00e1ria do SINPROFAZ ocorreu no s\u00e1bado (25), no sal\u00e3o de eventos do Hotel Comfort Suites, em Bras\u00edlia\/DF. O encontro reuniu integrantes da Diretoria, das Delegacias Sindicais, da Junta de Julgamento e do Conselho Fiscal do Sindicato. Cerca de 30 PFNs participaram presencialmente da AGO e contribu\u00edram com as delibera\u00e7\u00f5es da ocasi\u00e3o.<\/p>\n<p>Os debates ao longo da Assembleia foram conduzidos pelo presidente do SINPROFAZ, Achilles Frias. Tamb\u00e9m compuseram a mesa da AGO a vice-presidente, Iolanda Guindani, e a diretora secret\u00e1ria, Luciane de Abreu. Na oportunidade das exposi\u00e7\u00f5es acerca do item 2 da pauta, relativo \u00e0s contas do exerc\u00edcio de 2022, a mesa foi presidida por dois dos membros do Conselho Fiscal: Jos\u00e9 Edmundo Barros de Lacerda e Maria Helena Ribemboim.<\/p>\n<p>A ata da Assembleia Geral Ordin\u00e1ria 2023 ser\u00e1 oportunamente disponibilizada na \u00c1rea do Filiado, para acesso por todas e todos. \u00c0quelas e \u00e0queles que participaram da AGO, presencialmente ou via procura\u00e7\u00e3o, o Sindicato agradece pelas contribui\u00e7\u00f5es!<\/p>\n\n\t\t<style type=\"text\/css\">\n\t\t\t#gallery-1 {\n\t\t\t\tmargin: auto;\n\t\t\t}\n\t\t\t#gallery-1 .gallery-item {\n\t\t\t\tfloat: left;\n\t\t\t\tmargin-top: 10px;\n\t\t\t\ttext-align: center;\n\t\t\t\twidth: 33%;\n\t\t\t}\n\t\t\t#gallery-1 img {\n\t\t\t\tborder: 2px solid #cfcfcf;\n\t\t\t}\n\t\t\t#gallery-1 .gallery-caption {\n\t\t\t\tmargin-left: 0;\n\t\t\t}\n\t\t\t\/* see gallery_shortcode() in wp-includes\/media.php *\/\n\t\t<\/style>\n\t\t<div id='gallery-1' class='gallery galleryid-15936 gallery-columns-3 gallery-size-thumbnail'><dl class='gallery-item'>\n\t\t\t<dt class='gallery-icon landscape'>\n\t\t\t\t<a href='https:\/\/sinprofaz.org.br\/2024\/wp-content\/uploads\/2023\/03\/ago-mar\u00e7o-2.jpg'><img loading=\"lazy\" decoding=\"async\" width=\"150\" height=\"150\" src=\"https:\/\/sinprofaz.org.br\/2024\/wp-content\/uploads\/2023\/03\/ago-mar\u00e7o-2-150x150.jpg\" class=\"attachment-thumbnail size-thumbnail\" alt=\"\" \/><\/a>\n\t\t\t<\/dt><\/dl><dl class='gallery-item'>\n\t\t\t<dt class='gallery-icon landscape'>\n\t\t\t\t<a href='https:\/\/sinprofaz.org.br\/2024\/wp-content\/uploads\/2023\/03\/ago-mar\u00e7o-3.jpg'><img loading=\"lazy\" decoding=\"async\" width=\"150\" height=\"150\" src=\"https:\/\/sinprofaz.org.br\/2024\/wp-content\/uploads\/2023\/03\/ago-mar\u00e7o-3-150x150.jpg\" class=\"attachment-thumbnail size-thumbnail\" alt=\"\" \/><\/a>\n\t\t\t<\/dt><\/dl><dl class='gallery-item'>\n\t\t\t<dt class='gallery-icon landscape'>\n\t\t\t\t<a href='https:\/\/sinprofaz.org.br\/2024\/wp-content\/uploads\/2023\/03\/ago-mar\u00e7o-4.jpg'><img loading=\"lazy\" decoding=\"async\" width=\"150\" height=\"150\" src=\"https:\/\/sinprofaz.org.br\/2024\/wp-content\/uploads\/2023\/03\/ago-mar\u00e7o-4-150x150.jpg\" class=\"attachment-thumbnail size-thumbnail\" alt=\"\" \/><\/a>\n\t\t\t<\/dt><\/dl><br style=\"clear: both\" \/><dl class='gallery-item'>\n\t\t\t<dt class='gallery-icon landscape'>\n\t\t\t\t<a href='https:\/\/sinprofaz.org.br\/2024\/wp-content\/uploads\/2023\/03\/ago-mar\u00e7o-5.jpg'><img loading=\"lazy\" decoding=\"async\" width=\"150\" height=\"150\" src=\"https:\/\/sinprofaz.org.br\/2024\/wp-content\/uploads\/2023\/03\/ago-mar\u00e7o-5-150x150.jpg\" class=\"attachment-thumbnail size-thumbnail\" alt=\"\" \/><\/a>\n\t\t\t<\/dt><\/dl><dl class='gallery-item'>\n\t\t\t<dt class='gallery-icon landscape'>\n\t\t\t\t<a href='https:\/\/sinprofaz.org.br\/2024\/wp-content\/uploads\/2023\/03\/ago-mar\u00e7o-6.jpg'><img loading=\"lazy\" decoding=\"async\" width=\"150\" height=\"150\" src=\"https:\/\/sinprofaz.org.br\/2024\/wp-content\/uploads\/2023\/03\/ago-mar\u00e7o-6-150x150.jpg\" class=\"attachment-thumbnail size-thumbnail\" alt=\"\" \/><\/a>\n\t\t\t<\/dt><\/dl><dl class='gallery-item'>\n\t\t\t<dt class='gallery-icon landscape'>\n\t\t\t\t<a href='https:\/\/sinprofaz.org.br\/2024\/wp-content\/uploads\/2023\/03\/ago-mar\u00e7o-7.jpg'><img loading=\"lazy\" decoding=\"async\" width=\"150\" height=\"150\" src=\"https:\/\/sinprofaz.org.br\/2024\/wp-content\/uploads\/2023\/03\/ago-mar\u00e7o-7-150x150.jpg\" class=\"attachment-thumbnail size-thumbnail\" alt=\"\" \/><\/a>\n\t\t\t<\/dt><\/dl><br style=\"clear: both\" \/>\n\t\t<\/div>\n\n","protected":false},"excerpt":{"rendered":"<p>O encontro reuniu integrantes da Diretoria, das Delegacias Sindicais, da Junta de Julgamento e do Conselho Fiscal do Sindicato. Cerca de 30 PFNs participaram presencialmente da AGO e contribu\u00edram com as delibera\u00e7\u00f5es da ocasi\u00e3o.<\/p>\n","protected":false},"author":2,"featured_media":15943,"comment_status":"open","ping_status":"open","sticky":false,"template":"","format":"standard","meta":{"footnotes":""},"categories":[8],"tags":[41,32,25],"featured_image_url":"https:\/\/sinprofaz.org.br\/2024\/wp-content\/uploads\/2023\/03\/ago-mar\u00e7o-1.jpg","character_count":752,"formatted_date":"29\/03\/2023 - 09:33","contentNovo":"Conforme comunicado \u00e0 Carreira, a Assembleia Geral Ordin\u00e1ria do SINPROFAZ ocorreu no s\u00e1bado (25), no sal\u00e3o de eventos do Hotel Comfort Suites, em Bras\u00edlia\/DF. O encontro reuniu integrantes da Diretoria, das Delegacias Sindicais, da Junta de Julgamento e do Conselho Fiscal do Sindicato. Cerca de 30 PFNs participaram presencialmente da AGO e contribu\u00edram com as delibera\u00e7\u00f5es da ocasi\u00e3o.\r\n\r\nOs debates ao longo da Assembleia foram conduzidos pelo presidente do SINPROFAZ, Achilles Frias. Tamb\u00e9m compuseram a mesa da AGO a vice-presidente, Iolanda Guindani, e a diretora secret\u00e1ria, Luciane de Abreu. Na oportunidade das exposi\u00e7\u00f5es acerca do item 2 da pauta, relativo \u00e0s contas do exerc\u00edcio de 2022, a mesa foi presidida por dois dos membros do Conselho Fiscal: Jos\u00e9 Edmundo Barros de Lacerda e Maria Helena Ribemboim.\r\n\r\nA ata da Assembleia Geral Ordin\u00e1ria 2023 ser\u00e1 oportunamente disponibilizada na \u00c1rea do Filiado, para acesso por todas e todos. \u00c0quelas e \u00e0queles que participaram da AGO, presencialmente ou via procura\u00e7\u00e3o, o Sindicato agradece pelas contribui\u00e7\u00f5es!\r\n\r\n[gallery link=\"file\" ids=\"15937,15938,15939,15940,15941,15942\"]","_links":{"self":[{"href":"https:\/\/sinprofaz.org.br\/2024\/wp-json\/wp\/v2\/posts\/15936"}],"collection":[{"href":"https:\/\/sinprofaz.org.br\/2024\/wp-json\/wp\/v2\/posts"}],"about":[{"href":"https:\/\/sinprofaz.org.br\/2024\/wp-json\/wp\/v2\/types\/post"}],"author":[{"embeddable":true,"href":"https:\/\/sinprofaz.org.br\/2024\/wp-json\/wp\/v2\/users\/2"}],"replies":[{"embeddable":true,"href":"https:\/\/sinprofaz.org.br\/2024\/wp-json\/wp\/v2\/comments?post=15936"}],"version-history":[{"count":1,"href":"https:\/\/sinprofaz.org.br\/2024\/wp-json\/wp\/v2\/posts\/15936\/revisions"}],"predecessor-version":[{"id":15944,"href":"https:\/\/sinprofaz.org.br\/2024\/wp-json\/wp\/v2\/posts\/15936\/revisions\/15944"}],"wp:featuredmedia":[{"embeddable":true,"href":"https:\/\/sinprofaz.org.br\/2024\/wp-json\/wp\/v2\/media\/15943"}],"wp:attachment":[{"href":"https:\/\/sinprofaz.org.br\/2024\/wp-json\/wp\/v2\/media?parent=15936"}],"wp:term":[{"taxonomy":"category","embeddable":true,"href":"https:\/\/sinprofaz.org.br\/2024\/wp-json\/wp\/v2\/categories?post=15936"},{"taxonomy":"post_tag","embeddable":true,"href":"https:\/\/sinprofaz.org.br\/2024\/wp-json\/wp\/v2\/tags?post=15936"}],"curies":[{"name":"wp","href":"https:\/\/api.w.org\/{rel}","templated":true}]}}