{"id":15932,"date":"2023-03-28T08:17:10","date_gmt":"2023-03-28T11:17:10","guid":{"rendered":"http:\/\/www.sinprofaz.org.br\/?p=15932"},"modified":"2023-03-27T17:26:29","modified_gmt":"2023-03-27T20:26:29","slug":"confira-os-resultados-da-assembleia-geral-ordinaria-2023","status":"publish","type":"post","link":"https:\/\/sinprofaz.org.br\/2024\/noticias\/confira-os-resultados-da-assembleia-geral-ordinaria-2023\/","title":{"rendered":"CONFIRA OS RESULTADOS DA ASSEMBLEIA GERAL ORDIN\u00c1RIA 2023"},"content":{"rendered":"<p>No s\u00e1bado, 25 de mar\u00e7o, no Hotel Comfort Suites Bras\u00edlia, foi realizada a Assembleia Geral Ordin\u00e1ria 2023 do SINPROFAZ. Confira os resultados:<\/p>\n<p>1) Ata da Assembleia Geral Ordin\u00e1ria 2022: Aprovada<\/p>\n<p>2) Contas do exerc\u00edcio de 2022: Aprovadas<\/p>\n<p>3) Proposta de or\u00e7amento para o exerc\u00edcio de 2023: Aprovada<\/p>\n<p>4) Autoriza\u00e7\u00e3o para o SINPROFAZ propor a\u00e7\u00f5es judiciais e ratificar a\u00e7\u00f5es recentemente propostas: Aprovada<\/p>\n<p>5) Autoriza\u00e7\u00e3o para despesas extraordin\u00e1rias visando \u00e0 defesa de prerrogativas da Carreira, bem como \u00e0 campanha pela recomposi\u00e7\u00e3o do subs\u00eddio: Aprovada<\/p>\n<p>A Diretoria do SINPROFAZ agradece a todas as filiadas e a todos os filiados que participaram das delibera\u00e7\u00f5es mediante o preenchimento das Procura\u00e7\u00f5es Eletr\u00f4nicas e Impressas.<\/p>\n","protected":false},"excerpt":{"rendered":"<p>No s\u00e1bado, 25 de mar\u00e7o, no Hotel Comfort Suites Bras\u00edlia, foi realizada a AGO 2023. A Diretoria do SINPROFAZ agradece a todas as filiadas e a todos os filiados que participaram das delibera\u00e7\u00f5es mediante o preenchimento das Procura\u00e7\u00f5es Eletr\u00f4nicas e Impressas. Veja os resultados!<\/p>\n","protected":false},"author":2,"featured_media":14871,"comment_status":"open","ping_status":"open","sticky":false,"template":"","format":"standard","meta":{"footnotes":""},"categories":[8],"tags":[41,32,146,25],"featured_image_url":"https:\/\/sinprofaz.org.br\/2024\/wp-content\/uploads\/2022\/08\/logo-sinprofaz.jpg","character_count":379,"formatted_date":"28\/03\/2023 - 08:17","contentNovo":"No s\u00e1bado, 25 de mar\u00e7o, no Hotel Comfort Suites Bras\u00edlia, foi realizada a Assembleia Geral Ordin\u00e1ria 2023 do SINPROFAZ. Confira os resultados:\r\n\r\n1) Ata da Assembleia Geral Ordin\u00e1ria 2022: Aprovada\r\n\r\n2) Contas do exerc\u00edcio de 2022: Aprovadas\r\n\r\n3) Proposta de or\u00e7amento para o exerc\u00edcio de 2023: Aprovada\r\n\r\n4) Autoriza\u00e7\u00e3o para o SINPROFAZ propor a\u00e7\u00f5es judiciais e ratificar a\u00e7\u00f5es recentemente propostas: Aprovada\r\n\r\n5) Autoriza\u00e7\u00e3o para despesas extraordin\u00e1rias visando \u00e0 defesa de prerrogativas da Carreira, bem como \u00e0 campanha pela recomposi\u00e7\u00e3o do subs\u00eddio: Aprovada\r\n\r\nA Diretoria do SINPROFAZ agradece a todas as filiadas e a todos os filiados que participaram das delibera\u00e7\u00f5es mediante o preenchimento das Procura\u00e7\u00f5es Eletr\u00f4nicas e Impressas.","_links":{"self":[{"href":"https:\/\/sinprofaz.org.br\/2024\/wp-json\/wp\/v2\/posts\/15932"}],"collection":[{"href":"https:\/\/sinprofaz.org.br\/2024\/wp-json\/wp\/v2\/posts"}],"about":[{"href":"https:\/\/sinprofaz.org.br\/2024\/wp-json\/wp\/v2\/types\/post"}],"author":[{"embeddable":true,"href":"https:\/\/sinprofaz.org.br\/2024\/wp-json\/wp\/v2\/users\/2"}],"replies":[{"embeddable":true,"href":"https:\/\/sinprofaz.org.br\/2024\/wp-json\/wp\/v2\/comments?post=15932"}],"version-history":[{"count":1,"href":"https:\/\/sinprofaz.org.br\/2024\/wp-json\/wp\/v2\/posts\/15932\/revisions"}],"predecessor-version":[{"id":15933,"href":"https:\/\/sinprofaz.org.br\/2024\/wp-json\/wp\/v2\/posts\/15932\/revisions\/15933"}],"wp:featuredmedia":[{"embeddable":true,"href":"https:\/\/sinprofaz.org.br\/2024\/wp-json\/wp\/v2\/media\/14871"}],"wp:attachment":[{"href":"https:\/\/sinprofaz.org.br\/2024\/wp-json\/wp\/v2\/media?parent=15932"}],"wp:term":[{"taxonomy":"category","embeddable":true,"href":"https:\/\/sinprofaz.org.br\/2024\/wp-json\/wp\/v2\/categories?post=15932"},{"taxonomy":"post_tag","embeddable":true,"href":"https:\/\/sinprofaz.org.br\/2024\/wp-json\/wp\/v2\/tags?post=15932"}],"curies":[{"name":"wp","href":"https:\/\/api.w.org\/{rel}","templated":true}]}}