{"id":15918,"date":"2023-03-24T08:18:51","date_gmt":"2023-03-24T11:18:51","guid":{"rendered":"http:\/\/www.sinprofaz.org.br\/?p=15918"},"modified":"2023-03-27T09:53:22","modified_gmt":"2023-03-27T12:53:22","slug":"sinprofaz-preside-mesa-de-debates-em-evento-do-conselho-federal-da-oab","status":"publish","type":"post","link":"https:\/\/sinprofaz.org.br\/2024\/noticias\/sinprofaz-preside-mesa-de-debates-em-evento-do-conselho-federal-da-oab\/","title":{"rendered":"SINPROFAZ PRESIDE MESA DE DEBATES EM EVENTO DO CONSELHO FEDERAL DA OAB"},"content":{"rendered":"<p>O SINPROFAZ, representado pela vice-presidente Iolanda Guindani, presidiu a mesa de debates realizados ao longo do painel &#8220;A Fazenda P\u00fablica e o sistema de precedentes judiciais&#8221;. As exposi\u00e7\u00f5es integraram a programa\u00e7\u00e3o do evento &#8220;Advocacia P\u00fablica. O Papel do Advogado P\u00fablico na Consolida\u00e7\u00e3o dos Direitos&#8221;, promovido pela Comiss\u00e3o Nacional de Advocacia P\u00fablica do Conselho Federal da OAB. O evento foi acompanhado por Rog\u00e9rio Favreto, desembargador federal do TRF da 4\u00aa Regi\u00e3o.<\/p>\n<p>Ao dar in\u00edcio \u00e0s falas dos integrantes da mesa, Iolanda Guindani ressaltou o prazer de conduzir as discuss\u00f5es e, em sintonia com o tema do sistema de precedentes judiciais, lembrou os avan\u00e7os da Advocacia-Geral da Uni\u00e3o. &#8220;Ingressei na PGFN em 2000 e, desde ent\u00e3o, muita coisa mudou. Gra\u00e7as \u00e0 evolu\u00e7\u00e3o da AGU, hoje temos uma Institui\u00e7\u00e3o muito mais proativa, com dispensas e casos em que n\u00e3o precisamos contestar ou recorrer. Somos Fun\u00e7\u00e3o Essencial \u00e0 Justi\u00e7a e temos que nos comportar de acordo&#8221;, destacou.<\/p>\n<p><strong>Presen\u00e7as<\/strong><br \/>\nO painel &#8220;A Fazenda P\u00fablica e o sistema de precedentes judiciais&#8221; contou com palestra do filiado Paulo Mendes, coordenador-geral da atua\u00e7\u00e3o da PGFN no STF. Os advogados da Uni\u00e3o Ana Karenina e Marco Aur\u00e9lio Peixoto tamb\u00e9m compuseram a mesa de expositores. Ao declarar o encerramento dos debates, a vice-presidente do SINPROFAZ reiterou os agradecimentos \u00e0 filiada Maria Dionne Felipe, presidente da Comiss\u00e3o Nacional de Advocacia P\u00fablica. Segundo Iolanda Guindani, a Colega vem liderando a Comiss\u00e3o com muita compet\u00eancia, atuando sempre de modo firme e humano.<\/p>\n\n\t\t<style type=\"text\/css\">\n\t\t\t#gallery-1 {\n\t\t\t\tmargin: auto;\n\t\t\t}\n\t\t\t#gallery-1 .gallery-item {\n\t\t\t\tfloat: left;\n\t\t\t\tmargin-top: 10px;\n\t\t\t\ttext-align: center;\n\t\t\t\twidth: 33%;\n\t\t\t}\n\t\t\t#gallery-1 img {\n\t\t\t\tborder: 2px solid #cfcfcf;\n\t\t\t}\n\t\t\t#gallery-1 .gallery-caption {\n\t\t\t\tmargin-left: 0;\n\t\t\t}\n\t\t\t\/* see gallery_shortcode() in wp-includes\/media.php *\/\n\t\t<\/style>\n\t\t<div id='gallery-1' class='gallery galleryid-15918 gallery-columns-3 gallery-size-thumbnail'><dl class='gallery-item'>\n\t\t\t<dt class='gallery-icon landscape'>\n\t\t\t\t<a href='https:\/\/sinprofaz.org.br\/2024\/wp-content\/uploads\/2023\/03\/painel-oab-2.jpg'><img loading=\"lazy\" decoding=\"async\" width=\"150\" height=\"150\" src=\"https:\/\/sinprofaz.org.br\/2024\/wp-content\/uploads\/2023\/03\/painel-oab-2-150x150.jpg\" class=\"attachment-thumbnail size-thumbnail\" alt=\"\" \/><\/a>\n\t\t\t<\/dt><\/dl><dl class='gallery-item'>\n\t\t\t<dt class='gallery-icon landscape'>\n\t\t\t\t<a href='https:\/\/sinprofaz.org.br\/2024\/wp-content\/uploads\/2023\/03\/painel-oab-3.jpg'><img loading=\"lazy\" decoding=\"async\" width=\"150\" height=\"150\" src=\"https:\/\/sinprofaz.org.br\/2024\/wp-content\/uploads\/2023\/03\/painel-oab-3-150x150.jpg\" class=\"attachment-thumbnail size-thumbnail\" alt=\"\" \/><\/a>\n\t\t\t<\/dt><\/dl>\n\t\t\t<br style='clear: both' \/>\n\t\t<\/div>\n\n","protected":false},"excerpt":{"rendered":"<p>A vice-presidente Iolanda Guindani presidiu a mesa de debates realizados ao longo do painel &#8220;A Fazenda P\u00fablica e o sistema de precedentes judiciais&#8221;. As exposi\u00e7\u00f5es integraram o evento &#8220;Advocacia P\u00fablica. O Papel do Advogado P\u00fablico na Consolida\u00e7\u00e3o dos Direitos&#8221;.<\/p>\n","protected":false},"author":2,"featured_media":15919,"comment_status":"open","ping_status":"open","sticky":false,"template":"","format":"standard","meta":{"footnotes":""},"categories":[8],"tags":[34,22,25],"featured_image_url":"https:\/\/sinprofaz.org.br\/2024\/wp-content\/uploads\/2023\/03\/painel-oab-1.jpg","character_count":1008,"formatted_date":"24\/03\/2023 - 08:18","contentNovo":"O SINPROFAZ, representado pela vice-presidente Iolanda Guindani, presidiu a mesa de debates realizados ao longo do painel \"A Fazenda P\u00fablica e o sistema de precedentes judiciais\". As exposi\u00e7\u00f5es integraram a programa\u00e7\u00e3o do evento \"Advocacia P\u00fablica. O Papel do Advogado P\u00fablico na Consolida\u00e7\u00e3o dos Direitos\", promovido pela Comiss\u00e3o Nacional de Advocacia P\u00fablica do Conselho Federal da OAB. O evento foi acompanhado por Rog\u00e9rio Favreto, desembargador federal do TRF da 4\u00aa Regi\u00e3o.\r\n\r\nAo dar in\u00edcio \u00e0s falas dos integrantes da mesa, Iolanda Guindani ressaltou o prazer de conduzir as discuss\u00f5es e, em sintonia com o tema do sistema de precedentes judiciais, lembrou os avan\u00e7os da Advocacia-Geral da Uni\u00e3o. \"Ingressei na PGFN em 2000 e, desde ent\u00e3o, muita coisa mudou. Gra\u00e7as \u00e0 evolu\u00e7\u00e3o da AGU, hoje temos uma Institui\u00e7\u00e3o muito mais proativa, com dispensas e casos em que n\u00e3o precisamos contestar ou recorrer. Somos Fun\u00e7\u00e3o Essencial \u00e0 Justi\u00e7a e temos que nos comportar de acordo\", destacou.\r\n\r\n<strong>Presen\u00e7as<\/strong>\r\nO painel \"A Fazenda P\u00fablica e o sistema de precedentes judiciais\" contou com palestra do filiado Paulo Mendes, coordenador-geral da atua\u00e7\u00e3o da PGFN no STF. Os advogados da Uni\u00e3o Ana Karenina e Marco Aur\u00e9lio Peixoto tamb\u00e9m compuseram a mesa de expositores. Ao declarar o encerramento dos debates, a vice-presidente do SINPROFAZ reiterou os agradecimentos \u00e0 filiada Maria Dionne Felipe, presidente da Comiss\u00e3o Nacional de Advocacia P\u00fablica. Segundo Iolanda Guindani, a Colega vem liderando a Comiss\u00e3o com muita compet\u00eancia, atuando sempre de modo firme e humano.\r\n\r\n[gallery link=\"file\" ids=\"15920,15921\"]","_links":{"self":[{"href":"https:\/\/sinprofaz.org.br\/2024\/wp-json\/wp\/v2\/posts\/15918"}],"collection":[{"href":"https:\/\/sinprofaz.org.br\/2024\/wp-json\/wp\/v2\/posts"}],"about":[{"href":"https:\/\/sinprofaz.org.br\/2024\/wp-json\/wp\/v2\/types\/post"}],"author":[{"embeddable":true,"href":"https:\/\/sinprofaz.org.br\/2024\/wp-json\/wp\/v2\/users\/2"}],"replies":[{"embeddable":true,"href":"https:\/\/sinprofaz.org.br\/2024\/wp-json\/wp\/v2\/comments?post=15918"}],"version-history":[{"count":2,"href":"https:\/\/sinprofaz.org.br\/2024\/wp-json\/wp\/v2\/posts\/15918\/revisions"}],"predecessor-version":[{"id":15931,"href":"https:\/\/sinprofaz.org.br\/2024\/wp-json\/wp\/v2\/posts\/15918\/revisions\/15931"}],"wp:featuredmedia":[{"embeddable":true,"href":"https:\/\/sinprofaz.org.br\/2024\/wp-json\/wp\/v2\/media\/15919"}],"wp:attachment":[{"href":"https:\/\/sinprofaz.org.br\/2024\/wp-json\/wp\/v2\/media?parent=15918"}],"wp:term":[{"taxonomy":"category","embeddable":true,"href":"https:\/\/sinprofaz.org.br\/2024\/wp-json\/wp\/v2\/categories?post=15918"},{"taxonomy":"post_tag","embeddable":true,"href":"https:\/\/sinprofaz.org.br\/2024\/wp-json\/wp\/v2\/tags?post=15918"}],"curies":[{"name":"wp","href":"https:\/\/api.w.org\/{rel}","templated":true}]}}