{"id":15900,"date":"2023-03-21T16:50:14","date_gmt":"2023-03-21T19:50:14","guid":{"rendered":"http:\/\/www.sinprofaz.org.br\/?p=15900"},"modified":"2023-03-22T10:01:15","modified_gmt":"2023-03-22T13:01:15","slug":"ago-2023-ultimos-dias-para-preenchimento-da-procuracao-eletronica","status":"publish","type":"post","link":"https:\/\/sinprofaz.org.br\/2024\/noticias\/ago-2023-ultimos-dias-para-preenchimento-da-procuracao-eletronica\/","title":{"rendered":"AGO 2023: \u00daLTIMOS DIAS PARA PREENCHIMENTO DA PROCURA\u00c7\u00c3O ELETR\u00d4NICA"},"content":{"rendered":"<p>Se voc\u00ea, filiada ou filiado, ainda n\u00e3o preencheu a Procura\u00e7\u00e3o Eletr\u00f4nica da AGO 2023, aten\u00e7\u00e3o: o prazo para participa\u00e7\u00e3o nas delibera\u00e7\u00f5es da Assembleia Geral Ordin\u00e1ria do SINPROFAZ est\u00e1 se esgotando!<\/p>\n<p><strong>\u00daltimos dias<\/strong><br \/>\nA AGO ocorre no pr\u00f3ximo s\u00e1bado, dia 25 de mar\u00e7o. Para que a maior quantidade poss\u00edvel de PFNs participe das delibera\u00e7\u00f5es, a Diretoria solicita, a todas e todos, o preenchimento da Procura\u00e7\u00e3o Eletr\u00f4nica. O documento cont\u00e9m a pauta da AGO 2023 e, quando preenchido, \u00e9 enviado de forma autom\u00e1tica e segura \u00e0 Secretaria do SINPROFAZ.<\/p>\n<p>Garanta sua participa\u00e7\u00e3o! Acesse agora <a href=\"http:\/\/areadofiliado.sinprofaz.org.br\">areadofiliado.sinprofaz.org.br<\/a> e preencha a Procura\u00e7\u00e3o Eletr\u00f4nica.<\/p>\n","protected":false},"excerpt":{"rendered":"<p>Se voc\u00ea, filiada ou filiado, ainda n\u00e3o preencheu a Procura\u00e7\u00e3o Eletr\u00f4nica da AGO 2023, aten\u00e7\u00e3o: o prazo para participa\u00e7\u00e3o nas delibera\u00e7\u00f5es da Assembleia Geral Ordin\u00e1ria do SINPROFAZ est\u00e1 se esgotando! Preencha o documento hoje mesmo e garanta sua participa\u00e7\u00e3o.<\/p>\n","protected":false},"author":2,"featured_media":15901,"comment_status":"open","ping_status":"open","sticky":false,"template":"","format":"standard","meta":{"footnotes":""},"categories":[8],"tags":[41,32,146,25],"featured_image_url":"https:\/\/sinprofaz.org.br\/2024\/wp-content\/uploads\/2023\/03\/ago-2023-procura\u00e7\u00e3o-eletronica.jpg","character_count":341,"formatted_date":"21\/03\/2023 - 16:50","contentNovo":"Se voc\u00ea, filiada ou filiado, ainda n\u00e3o preencheu a Procura\u00e7\u00e3o Eletr\u00f4nica da AGO 2023, aten\u00e7\u00e3o: o prazo para participa\u00e7\u00e3o nas delibera\u00e7\u00f5es da Assembleia Geral Ordin\u00e1ria do SINPROFAZ est\u00e1 se esgotando!\r\n\r\n<strong>\u00daltimos dias<\/strong>\r\nA AGO ocorre no pr\u00f3ximo s\u00e1bado, dia 25 de mar\u00e7o. Para que a maior quantidade poss\u00edvel de PFNs participe das delibera\u00e7\u00f5es, a Diretoria solicita, a todas e todos, o preenchimento da Procura\u00e7\u00e3o Eletr\u00f4nica. O documento cont\u00e9m a pauta da AGO 2023 e, quando preenchido, \u00e9 enviado de forma autom\u00e1tica e segura \u00e0 Secretaria do SINPROFAZ.\r\n\r\nGaranta sua participa\u00e7\u00e3o! Acesse agora <a href=\"http:\/\/areadofiliado.sinprofaz.org.br\">areadofiliado.sinprofaz.org.br<\/a> e preencha a Procura\u00e7\u00e3o Eletr\u00f4nica.","_links":{"self":[{"href":"https:\/\/sinprofaz.org.br\/2024\/wp-json\/wp\/v2\/posts\/15900"}],"collection":[{"href":"https:\/\/sinprofaz.org.br\/2024\/wp-json\/wp\/v2\/posts"}],"about":[{"href":"https:\/\/sinprofaz.org.br\/2024\/wp-json\/wp\/v2\/types\/post"}],"author":[{"embeddable":true,"href":"https:\/\/sinprofaz.org.br\/2024\/wp-json\/wp\/v2\/users\/2"}],"replies":[{"embeddable":true,"href":"https:\/\/sinprofaz.org.br\/2024\/wp-json\/wp\/v2\/comments?post=15900"}],"version-history":[{"count":2,"href":"https:\/\/sinprofaz.org.br\/2024\/wp-json\/wp\/v2\/posts\/15900\/revisions"}],"predecessor-version":[{"id":15908,"href":"https:\/\/sinprofaz.org.br\/2024\/wp-json\/wp\/v2\/posts\/15900\/revisions\/15908"}],"wp:featuredmedia":[{"embeddable":true,"href":"https:\/\/sinprofaz.org.br\/2024\/wp-json\/wp\/v2\/media\/15901"}],"wp:attachment":[{"href":"https:\/\/sinprofaz.org.br\/2024\/wp-json\/wp\/v2\/media?parent=15900"}],"wp:term":[{"taxonomy":"category","embeddable":true,"href":"https:\/\/sinprofaz.org.br\/2024\/wp-json\/wp\/v2\/categories?post=15900"},{"taxonomy":"post_tag","embeddable":true,"href":"https:\/\/sinprofaz.org.br\/2024\/wp-json\/wp\/v2\/tags?post=15900"}],"curies":[{"name":"wp","href":"https:\/\/api.w.org\/{rel}","templated":true}]}}