{"id":15874,"date":"2023-03-16T16:21:15","date_gmt":"2023-03-16T19:21:15","guid":{"rendered":"http:\/\/www.sinprofaz.org.br\/?p=15874"},"modified":"2023-03-17T10:02:06","modified_gmt":"2023-03-17T13:02:06","slug":"falta-pouco-mais-de-uma-semana-para-a-ago-2023-participe","status":"publish","type":"post","link":"https:\/\/sinprofaz.org.br\/2024\/noticias\/falta-pouco-mais-de-uma-semana-para-a-ago-2023-participe\/","title":{"rendered":"FALTA POUCO MAIS DE UMA SEMANA PARA A AGO 2023. PARTICIPE!"},"content":{"rendered":"<p>Por determina\u00e7\u00e3o estatut\u00e1ria, a Assembleia Geral do SINPROFAZ deve se reunir ordinariamente sempre no m\u00eas de mar\u00e7o. A data escolhida pela Diretoria para o encontro deste ano em Bras\u00edlia\/DF \u00e9 dia 25. Com o intuito de garantir a comodidade dos PFNs e a participa\u00e7\u00e3o de todas e todos nas delibera\u00e7\u00f5es da AGO, o SINPROFAZ disponibilizou Procura\u00e7\u00f5es Eletr\u00f4nicas. Acesse a \u00e1rea restrita e preencha: <a href=\"https:\/\/areadofiliado.sinprofaz.org.br\/pages\/login.php\">areadofiliado.sinprofaz.org.br<\/a>.<\/p>\n<p><strong>Tire d\u00favidas sobre a Procura\u00e7\u00e3o Eletr\u00f4nica<\/strong><br \/>\nPara realizar o <em>login<\/em> na \u00c1rea do Filiado, digite a matr\u00edcula Siape e a senha cadastrada. Na \u00e1rea restrita, a Procura\u00e7\u00e3o Eletr\u00f4nica est\u00e1 em evid\u00eancia, tanto no Painel de Notifica\u00e7\u00f5es, quanto no menu do lado esquerdo da p\u00e1gina. Feito o preenchimento de todos os itens da pauta, clique sobre o bot\u00e3o <em>Enviar<\/em>. Uma mensagem na tela avisar\u00e1 que o envio foi conclu\u00eddo com sucesso, isto \u00e9, que a procura\u00e7\u00e3o preenchida foi enviada com seguran\u00e7a \u00e0 Secretaria do SINPROFAZ.<\/p>\n<p>Ser\u00e1 permitido ao PFN realizar at\u00e9 dois envios da Procura\u00e7\u00e3o Eletr\u00f4nica. Caso haja um segundo envio, o primeiro ser\u00e1 desconsiderado. Acesse j\u00e1: <a href=\"https:\/\/areadofiliado.sinprofaz.org.br\/pages\/login.php\">areadofiliado.sinprofaz.org.br<\/a><\/p>\n","protected":false},"excerpt":{"rendered":"<p>A Assembleia Geral deve se reunir ordinariamente sempre no m\u00eas de mar\u00e7o. A data escolhida para o encontro deste ano \u00e9 dia 25. Com o intuito de garantir a comodidade dos PFNs e a participa\u00e7\u00e3o de todas e todos nas delibera\u00e7\u00f5es da AGO, o SINPROFAZ disponibilizou Procura\u00e7\u00f5es Eletr\u00f4nicas.<\/p>\n","protected":false},"author":2,"featured_media":15875,"comment_status":"open","ping_status":"open","sticky":false,"template":"","format":"standard","meta":{"footnotes":""},"categories":[8],"tags":[41,32,25],"featured_image_url":"https:\/\/sinprofaz.org.br\/2024\/wp-content\/uploads\/2023\/03\/ago-2023-participe.jpg","character_count":575,"formatted_date":"16\/03\/2023 - 16:21","contentNovo":"Por determina\u00e7\u00e3o estatut\u00e1ria, a Assembleia Geral do SINPROFAZ deve se reunir ordinariamente sempre no m\u00eas de mar\u00e7o. A data escolhida pela Diretoria para o encontro deste ano em Bras\u00edlia\/DF \u00e9 dia 25. Com o intuito de garantir a comodidade dos PFNs e a participa\u00e7\u00e3o de todas e todos nas delibera\u00e7\u00f5es da AGO, o SINPROFAZ disponibilizou Procura\u00e7\u00f5es Eletr\u00f4nicas. Acesse a \u00e1rea restrita e preencha: <a href=\"https:\/\/areadofiliado.sinprofaz.org.br\/pages\/login.php\">areadofiliado.sinprofaz.org.br<\/a>.\r\n\r\n<strong>Tire d\u00favidas sobre a Procura\u00e7\u00e3o Eletr\u00f4nica<\/strong>\r\nPara realizar o <em>login<\/em> na \u00c1rea do Filiado, digite a matr\u00edcula Siape e a senha cadastrada. Na \u00e1rea restrita, a Procura\u00e7\u00e3o Eletr\u00f4nica est\u00e1 em evid\u00eancia, tanto no Painel de Notifica\u00e7\u00f5es, quanto no menu do lado esquerdo da p\u00e1gina. Feito o preenchimento de todos os itens da pauta, clique sobre o bot\u00e3o <em>Enviar<\/em>. Uma mensagem na tela avisar\u00e1 que o envio foi conclu\u00eddo com sucesso, isto \u00e9, que a procura\u00e7\u00e3o preenchida foi enviada com seguran\u00e7a \u00e0 Secretaria do SINPROFAZ.\r\n\r\nSer\u00e1 permitido ao PFN realizar at\u00e9 dois envios da Procura\u00e7\u00e3o Eletr\u00f4nica. Caso haja um segundo envio, o primeiro ser\u00e1 desconsiderado. Acesse j\u00e1: <a href=\"https:\/\/areadofiliado.sinprofaz.org.br\/pages\/login.php\">areadofiliado.sinprofaz.org.br<\/a>","_links":{"self":[{"href":"https:\/\/sinprofaz.org.br\/2024\/wp-json\/wp\/v2\/posts\/15874"}],"collection":[{"href":"https:\/\/sinprofaz.org.br\/2024\/wp-json\/wp\/v2\/posts"}],"about":[{"href":"https:\/\/sinprofaz.org.br\/2024\/wp-json\/wp\/v2\/types\/post"}],"author":[{"embeddable":true,"href":"https:\/\/sinprofaz.org.br\/2024\/wp-json\/wp\/v2\/users\/2"}],"replies":[{"embeddable":true,"href":"https:\/\/sinprofaz.org.br\/2024\/wp-json\/wp\/v2\/comments?post=15874"}],"version-history":[{"count":3,"href":"https:\/\/sinprofaz.org.br\/2024\/wp-json\/wp\/v2\/posts\/15874\/revisions"}],"predecessor-version":[{"id":15880,"href":"https:\/\/sinprofaz.org.br\/2024\/wp-json\/wp\/v2\/posts\/15874\/revisions\/15880"}],"wp:featuredmedia":[{"embeddable":true,"href":"https:\/\/sinprofaz.org.br\/2024\/wp-json\/wp\/v2\/media\/15875"}],"wp:attachment":[{"href":"https:\/\/sinprofaz.org.br\/2024\/wp-json\/wp\/v2\/media?parent=15874"}],"wp:term":[{"taxonomy":"category","embeddable":true,"href":"https:\/\/sinprofaz.org.br\/2024\/wp-json\/wp\/v2\/categories?post=15874"},{"taxonomy":"post_tag","embeddable":true,"href":"https:\/\/sinprofaz.org.br\/2024\/wp-json\/wp\/v2\/tags?post=15874"}],"curies":[{"name":"wp","href":"https:\/\/api.w.org\/{rel}","templated":true}]}}