{"id":1584,"date":"2013-12-05T19:37:15","date_gmt":"2013-12-05T19:37:15","guid":{"rendered":""},"modified":"-0001-11-30T00:00:00","modified_gmt":"-0001-11-30T03:00:00","slug":"deputado-miro-teixeira-apoia-honorarios-na-advocacia-publica","status":"publish","type":"post","link":"https:\/\/sinprofaz.org.br\/2024\/noticias\/deputado-miro-teixeira-apoia-honorarios-na-advocacia-publica\/","title":{"rendered":"Deputado Miro Teixeira apoia honor\u00e1rios na advocacia p\u00fablica"},"content":{"rendered":"<p><img loading=\"lazy\" decoding=\"async\" style=\"margin-right: 10px; float: left;\" alt=\"\" src=\"images\/noticias\/deputado\/miro-texeira.jpg\" height=\"154\" width=\"218\" \/>O deputado federal Miro Teixeira (PROS-RJ) apoiou publicamente nesta quarta-feira (4) o direito aos honor\u00e1rios na advocacia p\u00fablica, uma das principais bandeiras da OAB na elabora\u00e7\u00e3o do novo C\u00f3digo de Processo Civil (CPC), em vota\u00e7\u00e3o na C\u00e2mara dos Deputados.<\/p>\n<p>Segundo o parlamentar, a medida garantir\u00e1 que o governo retenha os melhores talentos em seus quadros, ao contr\u00e1rio do que ocorreria hoje. \u201cParece que o governo se organizou como headhunter: faz uma sele\u00e7\u00e3o dos melhores pelos concursos, os treina bem e depois fornece os talentos para os grandes escrit\u00f3rios e empresas\u201d, afirmou Teixeira. \u201cIsso traz preju\u00edzo aos interesses p\u00fablicos.\u201d<\/p>\n<p>O deputado lembrou que os Estados brasileiros descobriram que a situa\u00e7\u00e3o n\u00e3o \u00e9 boa e reverteram esse quadro. \u201cQuase todos os Estados t\u00eam os honor\u00e1rios, ent\u00e3o t\u00eam profiss\u00f5es procuradas\u201d, explicou Miro Teixeira. \u201cEstamos alinhados com a OAB nesta quest\u00e3o, principalmente pelas conversas com o presidente Marcus Vinicius Furtado Co\u00ealho, e ganharemos neste caso.\u201d Para Co\u00ealho, essa luta integra o compromisso da gest\u00e3o que a OAB tem com a advocacia privada e p\u00fablica. Fonte: Portal da OAB<\/p>\n","protected":false},"excerpt":{"rendered":"<p>O deputado federal Miro Teixeira (PROS-RJ) apoiou publicamente nesta quarta-feira (4) o direito aos honor\u00e1rios na advocacia p\u00fablica, uma das principais bandeiras da OAB na elabora\u00e7\u00e3o do novo C\u00f3digo de Processo Civil (CPC), em vota\u00e7\u00e3o na C\u00e2mara dos Deputados.<\/p>\n","protected":false},"author":1,"featured_media":0,"comment_status":"closed","ping_status":"open","sticky":false,"template":"","format":"standard","meta":{"footnotes":""},"categories":[8],"tags":[],"featured_image_url":"https:\/\/dummyimage.com\/720x400","character_count":587,"formatted_date":"05\/12\/2013 - 19:37","contentNovo":"\r\n<p>O deputado federal Miro Teixeira (PROS-RJ) apoiou publicamente nesta quarta-feira (4) o direito aos honor\u00e1rios na advocacia p\u00fablica, uma das principais bandeiras da OAB na elabora\u00e7\u00e3o do novo C\u00f3digo de Processo Civil (CPC), em vota\u00e7\u00e3o na C\u00e2mara dos Deputados.<\/p>\r\n<p>Segundo o parlamentar, a medida garantir\u00e1 que o governo retenha os melhores talentos em seus quadros, ao contr\u00e1rio do que ocorreria hoje. \u201cParece que o governo se organizou como headhunter: faz uma sele\u00e7\u00e3o dos melhores pelos concursos, os treina bem e depois fornece os talentos para os grandes escrit\u00f3rios e empresas\u201d, afirmou Teixeira. \u201cIsso traz preju\u00edzo aos interesses p\u00fablicos.\u201d<\/p>\r\n<p>O deputado lembrou que os Estados brasileiros descobriram que a situa\u00e7\u00e3o n\u00e3o \u00e9 boa e reverteram esse quadro. \u201cQuase todos os Estados t\u00eam os honor\u00e1rios, ent\u00e3o t\u00eam profiss\u00f5es procuradas\u201d, explicou Miro Teixeira. \u201cEstamos alinhados com a OAB nesta quest\u00e3o, principalmente pelas conversas com o presidente Marcus Vinicius Furtado Co\u00ealho, e ganharemos neste caso.\u201d Para Co\u00ealho, essa luta integra o compromisso da gest\u00e3o que a OAB tem com a advocacia privada e p\u00fablica. Fonte: Portal da OAB<\/p>","_links":{"self":[{"href":"https:\/\/sinprofaz.org.br\/2024\/wp-json\/wp\/v2\/posts\/1584"}],"collection":[{"href":"https:\/\/sinprofaz.org.br\/2024\/wp-json\/wp\/v2\/posts"}],"about":[{"href":"https:\/\/sinprofaz.org.br\/2024\/wp-json\/wp\/v2\/types\/post"}],"author":[{"embeddable":true,"href":"https:\/\/sinprofaz.org.br\/2024\/wp-json\/wp\/v2\/users\/1"}],"replies":[{"embeddable":true,"href":"https:\/\/sinprofaz.org.br\/2024\/wp-json\/wp\/v2\/comments?post=1584"}],"version-history":[{"count":0,"href":"https:\/\/sinprofaz.org.br\/2024\/wp-json\/wp\/v2\/posts\/1584\/revisions"}],"wp:attachment":[{"href":"https:\/\/sinprofaz.org.br\/2024\/wp-json\/wp\/v2\/media?parent=1584"}],"wp:term":[{"taxonomy":"category","embeddable":true,"href":"https:\/\/sinprofaz.org.br\/2024\/wp-json\/wp\/v2\/categories?post=1584"},{"taxonomy":"post_tag","embeddable":true,"href":"https:\/\/sinprofaz.org.br\/2024\/wp-json\/wp\/v2\/tags?post=1584"}],"curies":[{"name":"wp","href":"https:\/\/api.w.org\/{rel}","templated":true}]}}